{"id":544841,"date":"2022-12-13T08:42:35","date_gmt":"2022-12-13T05:42:35","guid":{"rendered":"https:\/\/arantv.az\/?p=544841"},"modified":"2022-12-13T08:42:35","modified_gmt":"2022-12-13T05:42:35","slug":"ozunu-olmus-kimi-gost%c9%99r%c9%99n-is-adami-m%c9%99hk%c9%99m%c9%99d%c9%99-12-n%c9%99f%c9%99r%c9%99-cavab-ver%c9%99c%c9%99k","status":"publish","type":"post","link":"https:\/\/arantv.az\/?p=544841","title":{"rendered":"\u00d6z\u00fcn\u00fc \u00f6lm\u00fc\u015f kimi g\u00f6st\u0259r\u0259n i\u015f adam\u0131 m\u0259hk\u0259m\u0259d\u0259 12 n\u0259f\u0259r\u0259 cavab ver\u0259c\u0259k"},"content":{"rendered":"<p>\u00d6t\u0259n il noyabr\u0131n 25-d\u0259 Sabirabad rayonunun Bulduq k\u0259ndi \u0259razisind\u0259 avtomobilind\u0259 yanm\u0131\u015f s\u00fcm\u00fckl\u0259rinin tap\u0131ld\u0131\u011f\u0131 bildiril\u0259n v\u0259 iyunda Bak\u0131da sa\u011f-salamat tutulan i\u015f adam\u0131 Raf\u0259t Q\u0259niyevin cinay\u0259t i\u015fi \u00fczr\u0259 istintaq yekunla\u015f\u0131b.<\/p>\n<p>\u201cQafqazinfo\u201dnun m\u0259lumat\u0131na g\u00f6r\u0259, cinay\u0259t i\u015fi bax\u0131lmas\u0131 \u00fc\u00e7\u00fcn Bak\u0131 A\u011f\u0131r Cinay\u0259tl\u0259r M\u0259hk\u0259m\u0259sin\u0259 g\u00f6nd\u0259rilib.<\/p>\n<div class=\"AdviadNativeVideo\"><\/div>\n<p>Az\u0259r Pa\u015fayevin s\u0259drlik ed\u0259c\u0259yi prosesd\u0259 12 z\u0259r\u0259r\u00e7\u0259kmi\u015f tan\u0131n\u0131b.<\/p>\n<p>O, Cinay\u0259t M\u0259c\u0259ll\u0259sinin 178.3.2 madd\u0259si (k\u00fclli miqdarda ziyan vurmaqla d\u0259l\u0259duzluq) il\u0259 ittiham olunur.<\/p>\n<p>Qeyd ed\u0259k ki, 25 noyabrda K\u0130A\u00a0markal\u0131 avtomobilin\u00a0yanmas\u0131 v\u0259 Raf\u0259t Q\u0259niyevin tam yanm\u0131\u015f meyitinin tap\u0131lmas\u0131 il\u0259 \u0259laq\u0259dar \u0259m\u0259liyyat v\u0259 istintaq t\u0259dbirl\u0259ri ke\u00e7irilib.<\/p>\n<p>Onun direktoru oldu\u011fu \u201cKaspian \u0130n\u015faat MB\u201d MTK-ya m\u0259xsus m\u0259nzill\u0259ri d\u0259l\u0259duzluq yolu il\u0259 m\u00fcxt\u0259lif \u015f\u0259xsl\u0259r\u0259 satd\u0131\u011f\u0131na g\u00f6r\u0259 bar\u0259sind\u0259 ara\u015fd\u0131rmalar apar\u0131ld\u0131\u011f\u0131ndan avtomobil\u0259 m\u0259n\u015f\u0259yi tam bilinm\u0259y\u0259n s\u00fcm\u00fckl\u0259ri qoyaraq q\u0259sd\u0259n yand\u0131rmas\u0131 v\u0259 \u00f6z\u00fcn\u00fc \u00f6lm\u00fc\u015f kimi q\u0259l\u0259m\u0259 verm\u0259si m\u00fc\u0259yy\u0259n olunub.<\/p>\n<p>R.Q\u0259niyev paytaxt\u0131n Yasamal rayonu \u0259razisind\u0259 saxlan\u0131l\u0131b.<\/p>\n","protected":false},"excerpt":{"rendered":"<p>\u00d6t\u0259n il noyabr\u0131n 25-d\u0259 Sabirabad rayonunun Bulduq k\u0259ndi \u0259razisind\u0259 avtomobilind\u0259 yanm\u0131\u015f s\u00fcm\u00fckl\u0259rinin tap\u0131ld\u0131\u011f\u0131 bildiril\u0259n v\u0259 iyunda Bak\u0131da sa\u011f-salamat tutulan i\u015f adam\u0131 Raf\u0259t Q\u0259niyevin cinay\u0259t i\u015fi \u00fczr\u0259 istintaq yekunla\u015f\u0131b. \u201cQafqazinfo\u201dnun m\u0259lumat\u0131na g\u00f6r\u0259, cinay\u0259t i\u015fi bax\u0131lmas\u0131 \u00fc\u00e7\u00fcn Bak\u0131 A\u011f\u0131r Cinay\u0259tl\u0259r M\u0259hk\u0259m\u0259sin\u0259 g\u00f6nd\u0259rilib. Az\u0259r Pa\u015fayevin s\u0259drlik ed\u0259c\u0259yi prosesd\u0259 12 z\u0259r\u0259r\u00e7\u0259kmi\u015f tan\u0131n\u0131b. O, Cinay\u0259t M\u0259c\u0259ll\u0259sinin 178.3.2 madd\u0259si (k\u00fclli miqdarda ziyan vurmaqla d\u0259l\u0259duzluq) il\u0259 ittiham olunur. Qeyd ed\u0259k ki, 25 noyabrda K\u0130A\u00a0markal\u0131 avtomobilin\u00a0yanmas\u0131 v\u0259 Raf\u0259t Q\u0259niyevin tam yanm\u0131\u015f meyitinin tap\u0131lmas\u0131 il\u0259 \u0259laq\u0259dar \u0259m\u0259liyyat v\u0259 istintaq t\u0259dbirl\u0259ri ke\u00e7irilib. Onun direktoru oldu\u011fu \u201cKaspian \u0130n\u015faat MB\u201d MTK-ya m\u0259xsus&hellip;<\/p>\n","protected":false},"author":2,"featured_media":544842,"comment_status":"closed","ping_status":"closed","sticky":false,"template":"","format":"standard","meta":{"om_disable_all_campaigns":false,"_monsterinsights_skip_tracking":false,"_monsterinsights_sitenote_active":false,"_monsterinsights_sitenote_note":"","_monsterinsights_sitenote_category":0},"categories":[5],"tags":[],"aioseo_notices":[],"gutentor_comment":0,"rttpg_featured_image_url":{"full":["https:\/\/arantv.az\/wp-content\/uploads\/2022\/12\/FotoJet-72.jpg",620,413,false],"landscape":["https:\/\/arantv.az\/wp-content\/uploads\/2022\/12\/FotoJet-72.jpg",620,413,false],"portraits":["https:\/\/arantv.az\/wp-content\/uploads\/2022\/12\/FotoJet-72.jpg",620,413,false],"thumbnail":["https:\/\/arantv.az\/wp-content\/uploads\/2022\/12\/FotoJet-72-500x280.jpg",500,280,true],"medium":["https:\/\/arantv.az\/wp-content\/uploads\/2022\/12\/FotoJet-72-548x365.jpg",548,365,true],"large":["https:\/\/arantv.az\/wp-content\/uploads\/2022\/12\/FotoJet-72.jpg",620,413,false],"1536x1536":["https:\/\/arantv.az\/wp-content\/uploads\/2022\/12\/FotoJet-72.jpg",620,413,false],"2048x2048":["https:\/\/arantv.az\/wp-content\/uploads\/2022\/12\/FotoJet-72.jpg",620,413,false],"post-thumbnail":["https:\/\/arantv.az\/wp-content\/uploads\/2022\/12\/FotoJet-72-240x172.jpg",240,172,true],"advps-thumb-one":["https:\/\/arantv.az\/wp-content\/uploads\/2022\/12\/FotoJet-72.jpg",620,413,false]},"rttpg_author":{"display_name":"V\u00fcsal Rafiqo\u011flu","author_link":"https:\/\/arantv.az\/?author=2"},"rttpg_comment":0,"rttpg_category":"<a href=\"https:\/\/arantv.az\/?cat=5\" rel=\"category\">Hadis\u0259<\/a>","rttpg_excerpt":"\u00d6t\u0259n il noyabr\u0131n 25-d\u0259 Sabirabad rayonunun Bulduq k\u0259ndi \u0259razisind\u0259 avtomobilind\u0259 yanm\u0131\u015f s\u00fcm\u00fckl\u0259rinin tap\u0131ld\u0131\u011f\u0131 bildiril\u0259n v\u0259 iyunda Bak\u0131da sa\u011f-salamat tutulan i\u015f adam\u0131 Raf\u0259t Q\u0259niyevin cinay\u0259t i\u015fi \u00fczr\u0259 istintaq yekunla\u015f\u0131b. \u201cQafqazinfo\u201dnun m\u0259lumat\u0131na g\u00f6r\u0259, cinay\u0259t i\u015fi bax\u0131lmas\u0131 \u00fc\u00e7\u00fcn Bak\u0131 A\u011f\u0131r Cinay\u0259tl\u0259r M\u0259hk\u0259m\u0259sin\u0259 g\u00f6nd\u0259rilib. Az\u0259r Pa\u015fayevin s\u0259drlik ed\u0259c\u0259yi prosesd\u0259 12 z\u0259r\u0259r\u00e7\u0259kmi\u015f tan\u0131n\u0131b. O, Cinay\u0259t M\u0259c\u0259ll\u0259sinin 178.3.2 madd\u0259si (k\u00fclli miqdarda&hellip;","_links":{"self":[{"href":"https:\/\/arantv.az\/index.php?rest_route=\/wp\/v2\/posts\/544841"}],"collection":[{"href":"https:\/\/arantv.az\/index.php?rest_route=\/wp\/v2\/posts"}],"about":[{"href":"https:\/\/arantv.az\/index.php?rest_route=\/wp\/v2\/types\/post"}],"author":[{"embeddable":true,"href":"https:\/\/arantv.az\/index.php?rest_route=\/wp\/v2\/users\/2"}],"replies":[{"embeddable":true,"href":"https:\/\/arantv.az\/index.php?rest_route=%2Fwp%2Fv2%2Fcomments&post=544841"}],"version-history":[{"count":0,"href":"https:\/\/arantv.az\/index.php?rest_route=\/wp\/v2\/posts\/544841\/revisions"}],"wp:featuredmedia":[{"embeddable":true,"href":"https:\/\/arantv.az\/index.php?rest_route=\/wp\/v2\/media\/544842"}],"wp:attachment":[{"href":"https:\/\/arantv.az\/index.php?rest_route=%2Fwp%2Fv2%2Fmedia&parent=544841"}],"wp:term":[{"taxonomy":"category","embeddable":true,"href":"https:\/\/arantv.az\/index.php?rest_route=%2Fwp%2Fv2%2Fcategories&post=544841"},{"taxonomy":"post_tag","embeddable":true,"href":"https:\/\/arantv.az\/index.php?rest_route=%2Fwp%2Fv2%2Ftags&post=544841"}],"curies":[{"name":"wp","href":"https:\/\/api.w.org\/{rel}","templated":true}]}}