{"id":54538,"date":"2019-05-02T10:15:18","date_gmt":"2019-05-02T07:15:18","guid":{"rendered":"http:\/\/arantv.az\/?p=54538"},"modified":"2019-05-02T10:15:18","modified_gmt":"2019-05-02T07:15:18","slug":"s%c9%99firlik-az%c9%99rbaycani-maraqlandiran-m%c9%99s%c9%99l%c9%99l%c9%99rl%c9%99-bagli-s%c9%99udiyy%c9%99-%c9%99r%c9%99bistaninin-movqeyi-d%c9%99yism%c9%99zdir","status":"publish","type":"post","link":"https:\/\/arantv.az\/?p=54538","title":{"rendered":"S\u0259firlik: &#8220;Az\u0259rbaycan\u0131 maraqland\u0131ran m\u0259s\u0259l\u0259l\u0259rl\u0259 ba\u011fl\u0131 S\u0259udiyy\u0259 \u018fr\u0259bistan\u0131n\u0131n m\u00f6vqeyi d\u0259yi\u015fm\u0259zdir&#8221;"},"content":{"rendered":"<p><strong>S\u0259udiyy\u0259 \u018fr\u0259bistan\u0131 Krall\u0131\u011f\u0131n\u0131n Az\u0259rbaycandak\u0131 S\u0259firliyi a\u00e7\u0131qlama yay\u0131b.<\/strong><\/p>\n<p><strong>ARANTV.AZ<\/strong> x\u0259b\u0259r verir ki, s\u0259firlikd\u0259n\u00a0<a href=\"https:\/\/az.trend.az\/\" target=\"_blank\" rel=\"noopener\">Trend<\/a>-\u0259 veril\u0259n m\u0259lumata g\u00f6r\u0259, son zamanlar b\u0259zi sosial \u015f\u0259b\u0259k\u0259 v\u0259 etibars\u0131z k\u00fctl\u0259vi informasiya vasit\u0259l\u0259rind\u0259 bel\u0259 bir m\u0259lumat yay\u0131l\u0131b ki, guya S\u0259udiyy\u0259 \u018fr\u0259bistan\u0131 Krall\u0131\u011f\u0131n\u0131n Amerika Birl\u0259\u015fmi\u015f \u015etatlar\u0131ndak\u0131 s\u0259firi, Osmanl\u0131 d\u00f6vl\u0259ti zaman\u0131nda &#8220;erm\u0259ni soyq\u0131r\u0131m\u0131&#8221;n\u0131n tan\u0131nmas\u0131 il\u0259 ba\u011fl\u0131 AB\u015e Konqresind\u0259ki q\u0259tnam\u0259 layih\u0259sin\u0259 Krall\u0131\u011f\u0131n d\u0259st\u0259k verdiyini bildirib.<\/p>\n<p>S\u0259firlik bildirir ki, qarda\u015f Az\u0259rbaycan Respublikas\u0131n\u0131n maraqland\u0131ran m\u0259s\u0259l\u0259l\u0259rl\u0259 ba\u011fl\u0131 Krall\u0131\u011f\u0131n m\u00f6vqeyi d\u0259yi\u015fm\u0259zdir. B\u00fct\u00fcn bu deyil\u0259nl\u0259r h\u0259qiq\u0259t\u0259 uy\u011fun deyil v\u0259 xan\u0131m s\u0259fir indiy\u0259 kimi Konqresin he\u00e7 bir \u00fczv\u00fc il\u0259 g\u00f6r\u00fc\u015fm\u0259yib, bu m\u0259s\u0259l\u0259 il\u0259 ba\u011fl\u0131 he\u00e7 bir a\u00e7\u0131qlama verm\u0259yib:<\/p>\n<p>&#8220;Qeyd olunan saytlar v\u0259 q\u0259zetl\u0259r Krall\u0131q v\u0259 onun m\u00f6vqeyi bar\u0259d\u0259 yanl\u0131\u015f m\u0259lumat yaymaqla S\u0259udiyy\u0259 \u018fr\u0259bistan\u0131 Krall\u0131\u011f\u0131 il\u0259 m\u00fcs\u0259lman d\u00f6vl\u0259tl\u0259rin aras\u0131n\u0131 vurma\u011fa \u00e7al\u0131\u015faraq, \u00f6z \u015f\u0259xsi maraq v\u0259 m\u0259qs\u0259dl\u0259ri \u00fc\u00e7\u00fcn onlar\u0131 q\u0131z\u0131\u015fd\u0131rmaq v\u0259 par\u00e7alamaq niyy\u0259ti g\u00fcd\u00fcrl\u0259r&#8221;.<\/p>\n","protected":false},"excerpt":{"rendered":"<p>S\u0259udiyy\u0259 \u018fr\u0259bistan\u0131 Krall\u0131\u011f\u0131n\u0131n Az\u0259rbaycandak\u0131 S\u0259firliyi a\u00e7\u0131qlama yay\u0131b. ARANTV.AZ x\u0259b\u0259r verir ki, s\u0259firlikd\u0259n\u00a0Trend-\u0259 veril\u0259n m\u0259lumata g\u00f6r\u0259, son zamanlar b\u0259zi sosial \u015f\u0259b\u0259k\u0259 v\u0259 etibars\u0131z k\u00fctl\u0259vi informasiya vasit\u0259l\u0259rind\u0259 bel\u0259 bir m\u0259lumat yay\u0131l\u0131b ki, guya S\u0259udiyy\u0259 \u018fr\u0259bistan\u0131 Krall\u0131\u011f\u0131n\u0131n Amerika Birl\u0259\u015fmi\u015f \u015etatlar\u0131ndak\u0131 s\u0259firi, Osmanl\u0131 d\u00f6vl\u0259ti zaman\u0131nda &#8220;erm\u0259ni soyq\u0131r\u0131m\u0131&#8221;n\u0131n tan\u0131nmas\u0131 il\u0259 ba\u011fl\u0131 AB\u015e Konqresind\u0259ki q\u0259tnam\u0259 layih\u0259sin\u0259 Krall\u0131\u011f\u0131n d\u0259st\u0259k verdiyini bildirib. S\u0259firlik bildirir ki, qarda\u015f Az\u0259rbaycan Respublikas\u0131n\u0131n maraqland\u0131ran m\u0259s\u0259l\u0259l\u0259rl\u0259 ba\u011fl\u0131 Krall\u0131\u011f\u0131n m\u00f6vqeyi d\u0259yi\u015fm\u0259zdir. B\u00fct\u00fcn bu deyil\u0259nl\u0259r h\u0259qiq\u0259t\u0259 uy\u011fun deyil v\u0259 xan\u0131m s\u0259fir indiy\u0259 kimi Konqresin he\u00e7 bir \u00fczv\u00fc il\u0259 g\u00f6r\u00fc\u015fm\u0259yib, bu m\u0259s\u0259l\u0259 il\u0259 ba\u011fl\u0131 he\u00e7 bir a\u00e7\u0131qlama&hellip;<\/p>\n","protected":false},"author":2,"featured_media":54539,"comment_status":"closed","ping_status":"closed","sticky":false,"template":"","format":"standard","meta":{"om_disable_all_campaigns":false,"_monsterinsights_skip_tracking":false,"_monsterinsights_sitenote_active":false,"_monsterinsights_sitenote_note":"","_monsterinsights_sitenote_category":0},"categories":[4],"tags":[],"aioseo_notices":[],"gutentor_comment":0,"rttpg_featured_image_url":{"full":["https:\/\/arantv.az\/wp-content\/uploads\/2019\/05\/751525.jpg",800,600,false],"landscape":["https:\/\/arantv.az\/wp-content\/uploads\/2019\/05\/751525.jpg",800,600,false],"portraits":["https:\/\/arantv.az\/wp-content\/uploads\/2019\/05\/751525.jpg",800,600,false],"thumbnail":["https:\/\/arantv.az\/wp-content\/uploads\/2019\/05\/751525-150x150.jpg",150,150,true],"medium":["https:\/\/arantv.az\/wp-content\/uploads\/2019\/05\/751525-300x225.jpg",300,225,true],"large":["https:\/\/arantv.az\/wp-content\/uploads\/2019\/05\/751525.jpg",640,480,false],"1536x1536":["https:\/\/arantv.az\/wp-content\/uploads\/2019\/05\/751525.jpg",800,600,false],"2048x2048":["https:\/\/arantv.az\/wp-content\/uploads\/2019\/05\/751525.jpg",800,600,false],"post-thumbnail":["https:\/\/arantv.az\/wp-content\/uploads\/2019\/05\/751525-240x172.jpg",240,172,true],"advps-thumb-one":["https:\/\/arantv.az\/wp-content\/uploads\/2019\/05\/751525.jpg",800,600,false]},"rttpg_author":{"display_name":"V\u00fcsal Rafiqo\u011flu","author_link":"https:\/\/arantv.az\/?author=2"},"rttpg_comment":0,"rttpg_category":"<a href=\"https:\/\/arantv.az\/?cat=4\" rel=\"category\">Siyas\u0259t<\/a>","rttpg_excerpt":"S\u0259udiyy\u0259 \u018fr\u0259bistan\u0131 Krall\u0131\u011f\u0131n\u0131n Az\u0259rbaycandak\u0131 S\u0259firliyi a\u00e7\u0131qlama yay\u0131b. ARANTV.AZ x\u0259b\u0259r verir ki, s\u0259firlikd\u0259n\u00a0Trend-\u0259 veril\u0259n m\u0259lumata g\u00f6r\u0259, son zamanlar b\u0259zi sosial \u015f\u0259b\u0259k\u0259 v\u0259 etibars\u0131z k\u00fctl\u0259vi informasiya vasit\u0259l\u0259rind\u0259 bel\u0259 bir m\u0259lumat yay\u0131l\u0131b ki, guya S\u0259udiyy\u0259 \u018fr\u0259bistan\u0131 Krall\u0131\u011f\u0131n\u0131n Amerika Birl\u0259\u015fmi\u015f \u015etatlar\u0131ndak\u0131 s\u0259firi, Osmanl\u0131 d\u00f6vl\u0259ti zaman\u0131nda &#8220;erm\u0259ni soyq\u0131r\u0131m\u0131&#8221;n\u0131n tan\u0131nmas\u0131 il\u0259 ba\u011fl\u0131 AB\u015e Konqresind\u0259ki q\u0259tnam\u0259 layih\u0259sin\u0259 Krall\u0131\u011f\u0131n d\u0259st\u0259k verdiyini bildirib. S\u0259firlik&hellip;","_links":{"self":[{"href":"https:\/\/arantv.az\/index.php?rest_route=\/wp\/v2\/posts\/54538"}],"collection":[{"href":"https:\/\/arantv.az\/index.php?rest_route=\/wp\/v2\/posts"}],"about":[{"href":"https:\/\/arantv.az\/index.php?rest_route=\/wp\/v2\/types\/post"}],"author":[{"embeddable":true,"href":"https:\/\/arantv.az\/index.php?rest_route=\/wp\/v2\/users\/2"}],"replies":[{"embeddable":true,"href":"https:\/\/arantv.az\/index.php?rest_route=%2Fwp%2Fv2%2Fcomments&post=54538"}],"version-history":[{"count":0,"href":"https:\/\/arantv.az\/index.php?rest_route=\/wp\/v2\/posts\/54538\/revisions"}],"wp:featuredmedia":[{"embeddable":true,"href":"https:\/\/arantv.az\/index.php?rest_route=\/wp\/v2\/media\/54539"}],"wp:attachment":[{"href":"https:\/\/arantv.az\/index.php?rest_route=%2Fwp%2Fv2%2Fmedia&parent=54538"}],"wp:term":[{"taxonomy":"category","embeddable":true,"href":"https:\/\/arantv.az\/index.php?rest_route=%2Fwp%2Fv2%2Fcategories&post=54538"},{"taxonomy":"post_tag","embeddable":true,"href":"https:\/\/arantv.az\/index.php?rest_route=%2Fwp%2Fv2%2Ftags&post=54538"}],"curies":[{"name":"wp","href":"https:\/\/api.w.org\/{rel}","templated":true}]}}