{"id":54541,"date":"2019-05-02T10:28:54","date_gmt":"2019-05-02T07:28:54","guid":{"rendered":"http:\/\/arantv.az\/?p=54541"},"modified":"2019-05-02T10:28:54","modified_gmt":"2019-05-02T07:28:54","slug":"sagirdl%c9%99r-usyan-etdi-nazirlik-h%c9%99r%c9%99k%c9%99t%c9%99-kecdi-video","status":"publish","type":"post","link":"https:\/\/arantv.az\/?p=54541","title":{"rendered":"\u015eagirdl\u0259r &#8220;\u00fcsyan&#8221; etdi, nazirlik H\u018fR\u018fK\u018fT\u018f KE\u00c7D\u0130 &#8211; V\u0130DEO"},"content":{"rendered":"<p>Bir ne\u00e7\u0259 g\u00fcnd\u00fcr sosial \u015f\u0259b\u0259k\u0259l\u0259rd\u0259 \u015fagirdl\u0259rin etiraz aksiyas\u0131 etdiyini \u0259ks etdir\u0259n g\u00f6r\u00fcnt\u00fcl\u0259r yay\u0131l\u0131b.<\/p>\n<p><b>ARANTV.AZ\u00a0<\/b>\u00a0x\u0259b\u0259r verir ki, T\u0259hsil Nazirliyinin m\u0259tbuat xidm\u0259tinin r\u0259hb\u0259ri C\u0259sar\u0259t Valehov s\u00f6z\u00fcged\u0259n video il\u0259 ba\u011fl\u0131 a\u00e7\u0131qlama verib.<\/p>\n<p>C.Valehov qeyd edib ki, b\u0259zi saytlarda Bil\u0259suvar \u015f\u0259h\u0259r m\u0259kt\u0259b-liseyi il\u0259 ba\u011fl\u0131 yay\u0131lan video g\u00f6r\u00fcnt\u00fc 25 aprel tarixin\u0259 aiddir:<\/p>\n<p>&#8220;Bel\u0259 ki, K. A\u011fayev ad\u0131na Bil\u0259suvar \u015f\u0259h\u0259r texniki f\u0259nl\u0259r t\u0259may\u00fcll\u00fc internat tipli m\u0259kt\u0259b-liseyin f\u0259aliyy\u0259ti il\u0259 ba\u011fl\u0131 T\u0259hsil Nazirliyin\u0259 daxil olmu\u015f \u015fikay\u0259tl\u0259rin ara\u015fd\u0131r\u0131lmas\u0131 m\u0259qs\u0259dil\u0259 nazirliyin m\u00fcvafiq komissiyas\u0131 mart-aprel aylar\u0131nda m\u0259kt\u0259b-liseyd\u0259 xidm\u0259ti ara\u015fd\u0131rma apar\u0131b, m\u0259kt\u0259b-liseyin direktoru v\u0259zif\u0259sini m\u00fcv\u0259qq\u0259ti icra ed\u0259n Nat\u0259van \u018fzizovan\u0131n f\u0259aliyy\u0259tind\u0259 ciddi n\u00f6qsanlar a\u015fkar edilib.<\/p>\n<div id=\"entry\" class=\"entry\">Bununla ba\u011fl\u0131 komissiyan\u0131n r\u0259yin\u0259 \u0259sas\u0259n Nat\u0259van \u018fzizova bar\u0259d\u0259 m\u00fcvafiq intizam t\u0259nbehinin t\u0259tbiq edilm\u0259si v\u0259 m\u0259kt\u0259b-lisey\u0259 yeni direktorun t\u0259yin olunmas\u0131 q\u0259rara al\u0131n\u0131b.<\/p>\n<p>T\u0259hsil nazinin \u0259mri il\u0259 M\u00fcbariz \u0130brahimov ad\u0131na Bil\u0259suvar T\u0259hsil Kompleksind\u0259 co\u011frafiya m\u00fc\u0259llimi v\u0259zif\u0259sind\u0259 \u00e7al\u0131\u015fan, habel\u0259 T\u0259hsil Nazirliyinin d\u0259rslikl\u0259rin qiym\u0259tl\u0259ndirilm\u0259si v\u0259 monitorinqi qrupunun eksperti Mehman \u018fliyev h\u0259min m\u0259kt\u0259b-liseyin direktoru v\u0259zif\u0259sin\u0259 t\u0259yin edilib.<\/p>\n<p>Mehman \u018fliyevin m\u0259kt\u0259b kollektivin\u0259 t\u0259qdim edilm\u0259sind\u0259n bir g\u00fcn \u0259vv\u0259l m\u0259kt\u0259bin direktor \u0259v\u0259zi \u015fagirdl\u0259rin n\u00f6vb\u0259 d\u0259yi\u015fm\u0259si zaman\u0131 m\u0259kt\u0259b qar\u015f\u0131s\u0131nda topla\u015fmas\u0131ndan istifad\u0259 ed\u0259r\u0259k bunu \u015fagirdl\u0259rin etiraz\u0131 kimi t\u0259qdim etm\u0259y\u0259 \u00e7al\u0131\u015f\u0131b&#8221;.<\/p>\n<p>O qeyd edib ki, haz\u0131rda internat-m\u0259kt\u0259bind\u0259 t\u0259lim-t\u0259rbiy\u0259 prosesi \u00f6z axar\u0131 il\u0259 davam edir.<\/p>\n<div class=\"embed-responsive embed-responsive-16by9\"><iframe loading=\"lazy\" id=\"nmqembedid\" class=\"embed-responsive-item\" title=\"video player\" src=\"https:\/\/izle.az\/embed\/qyyxTSqLTHR2Scz2sbAAAA~~\" width=\"600\" height=\"340\" frameborder=\"0\" scrolling=\"no\" allowfullscreen=\"allowfullscreen\" data-mce-fragment=\"1\"><\/iframe><\/div>\n<\/div>\n<p><b>big.az<\/b><\/p>\n","protected":false},"excerpt":{"rendered":"<p>Bir ne\u00e7\u0259 g\u00fcnd\u00fcr sosial \u015f\u0259b\u0259k\u0259l\u0259rd\u0259 \u015fagirdl\u0259rin etiraz aksiyas\u0131 etdiyini \u0259ks etdir\u0259n g\u00f6r\u00fcnt\u00fcl\u0259r yay\u0131l\u0131b. ARANTV.AZ\u00a0\u00a0x\u0259b\u0259r verir ki, T\u0259hsil Nazirliyinin m\u0259tbuat xidm\u0259tinin r\u0259hb\u0259ri C\u0259sar\u0259t Valehov s\u00f6z\u00fcged\u0259n video il\u0259 ba\u011fl\u0131 a\u00e7\u0131qlama verib. C.Valehov qeyd edib ki, b\u0259zi saytlarda Bil\u0259suvar \u015f\u0259h\u0259r m\u0259kt\u0259b-liseyi il\u0259 ba\u011fl\u0131 yay\u0131lan video g\u00f6r\u00fcnt\u00fc 25 aprel tarixin\u0259 aiddir: &#8220;Bel\u0259 ki, K. A\u011fayev ad\u0131na Bil\u0259suvar \u015f\u0259h\u0259r texniki f\u0259nl\u0259r t\u0259may\u00fcll\u00fc internat tipli m\u0259kt\u0259b-liseyin f\u0259aliyy\u0259ti il\u0259 ba\u011fl\u0131 T\u0259hsil Nazirliyin\u0259 daxil olmu\u015f \u015fikay\u0259tl\u0259rin ara\u015fd\u0131r\u0131lmas\u0131 m\u0259qs\u0259dil\u0259 nazirliyin m\u00fcvafiq komissiyas\u0131 mart-aprel aylar\u0131nda m\u0259kt\u0259b-liseyd\u0259 xidm\u0259ti ara\u015fd\u0131rma apar\u0131b, m\u0259kt\u0259b-liseyin direktoru v\u0259zif\u0259sini m\u00fcv\u0259qq\u0259ti icra ed\u0259n Nat\u0259van \u018fzizovan\u0131n f\u0259aliyy\u0259tind\u0259 ciddi n\u00f6qsanlar&hellip;<\/p>\n","protected":false},"author":2,"featured_media":54542,"comment_status":"closed","ping_status":"closed","sticky":false,"template":"","format":"standard","meta":{"om_disable_all_campaigns":false,"_monsterinsights_skip_tracking":false,"_monsterinsights_sitenote_active":false,"_monsterinsights_sitenote_note":"","_monsterinsights_sitenote_category":0},"categories":[23],"tags":[],"aioseo_notices":[],"gutentor_comment":0,"rttpg_featured_image_url":{"full":["https:\/\/arantv.az\/wp-content\/uploads\/2019\/05\/1556777569_tehs.jpg",649,351,false],"landscape":["https:\/\/arantv.az\/wp-content\/uploads\/2019\/05\/1556777569_tehs.jpg",649,351,false],"portraits":["https:\/\/arantv.az\/wp-content\/uploads\/2019\/05\/1556777569_tehs.jpg",649,351,false],"thumbnail":["https:\/\/arantv.az\/wp-content\/uploads\/2019\/05\/1556777569_tehs-150x150.jpg",150,150,true],"medium":["https:\/\/arantv.az\/wp-content\/uploads\/2019\/05\/1556777569_tehs-300x162.jpg",300,162,true],"large":["https:\/\/arantv.az\/wp-content\/uploads\/2019\/05\/1556777569_tehs.jpg",640,346,false],"1536x1536":["https:\/\/arantv.az\/wp-content\/uploads\/2019\/05\/1556777569_tehs.jpg",649,351,false],"2048x2048":["https:\/\/arantv.az\/wp-content\/uploads\/2019\/05\/1556777569_tehs.jpg",649,351,false],"post-thumbnail":["https:\/\/arantv.az\/wp-content\/uploads\/2019\/05\/1556777569_tehs-240x172.jpg",240,172,true],"advps-thumb-one":["https:\/\/arantv.az\/wp-content\/uploads\/2019\/05\/1556777569_tehs.jpg",649,351,false]},"rttpg_author":{"display_name":"V\u00fcsal Rafiqo\u011flu","author_link":"https:\/\/arantv.az\/?author=2"},"rttpg_comment":0,"rttpg_category":"<a href=\"https:\/\/arantv.az\/?cat=23\" rel=\"category\">T\u0259hsil<\/a>","rttpg_excerpt":"Bir ne\u00e7\u0259 g\u00fcnd\u00fcr sosial \u015f\u0259b\u0259k\u0259l\u0259rd\u0259 \u015fagirdl\u0259rin etiraz aksiyas\u0131 etdiyini \u0259ks etdir\u0259n g\u00f6r\u00fcnt\u00fcl\u0259r yay\u0131l\u0131b. ARANTV.AZ\u00a0\u00a0x\u0259b\u0259r verir ki, T\u0259hsil Nazirliyinin m\u0259tbuat xidm\u0259tinin r\u0259hb\u0259ri C\u0259sar\u0259t Valehov s\u00f6z\u00fcged\u0259n video il\u0259 ba\u011fl\u0131 a\u00e7\u0131qlama verib. C.Valehov qeyd edib ki, b\u0259zi saytlarda Bil\u0259suvar \u015f\u0259h\u0259r m\u0259kt\u0259b-liseyi il\u0259 ba\u011fl\u0131 yay\u0131lan video g\u00f6r\u00fcnt\u00fc 25 aprel tarixin\u0259 aiddir: &#8220;Bel\u0259 ki, K. A\u011fayev ad\u0131na Bil\u0259suvar \u015f\u0259h\u0259r texniki&hellip;","_links":{"self":[{"href":"https:\/\/arantv.az\/index.php?rest_route=\/wp\/v2\/posts\/54541"}],"collection":[{"href":"https:\/\/arantv.az\/index.php?rest_route=\/wp\/v2\/posts"}],"about":[{"href":"https:\/\/arantv.az\/index.php?rest_route=\/wp\/v2\/types\/post"}],"author":[{"embeddable":true,"href":"https:\/\/arantv.az\/index.php?rest_route=\/wp\/v2\/users\/2"}],"replies":[{"embeddable":true,"href":"https:\/\/arantv.az\/index.php?rest_route=%2Fwp%2Fv2%2Fcomments&post=54541"}],"version-history":[{"count":0,"href":"https:\/\/arantv.az\/index.php?rest_route=\/wp\/v2\/posts\/54541\/revisions"}],"wp:featuredmedia":[{"embeddable":true,"href":"https:\/\/arantv.az\/index.php?rest_route=\/wp\/v2\/media\/54542"}],"wp:attachment":[{"href":"https:\/\/arantv.az\/index.php?rest_route=%2Fwp%2Fv2%2Fmedia&parent=54541"}],"wp:term":[{"taxonomy":"category","embeddable":true,"href":"https:\/\/arantv.az\/index.php?rest_route=%2Fwp%2Fv2%2Fcategories&post=54541"},{"taxonomy":"post_tag","embeddable":true,"href":"https:\/\/arantv.az\/index.php?rest_route=%2Fwp%2Fv2%2Ftags&post=54541"}],"curies":[{"name":"wp","href":"https:\/\/api.w.org\/{rel}","templated":true}]}}