{"id":54550,"date":"2019-05-02T10:32:59","date_gmt":"2019-05-02T07:32:59","guid":{"rendered":"http:\/\/arantv.az\/?p=54550"},"modified":"2019-05-02T10:32:59","modified_gmt":"2019-05-02T07:32:59","slug":"s%c9%99cd%c9%99-zamani-hansi-b%c9%99d%c9%99n-uzvl%c9%99ri-yer%c9%99-d%c9%99ym%c9%99lidir-v%c9%99-hamisinin-yer%c9%99-d%c9%99ym%c9%99si-mutl%c9%99q-vacibdirmi","status":"publish","type":"post","link":"https:\/\/arantv.az\/?p=54550","title":{"rendered":"S\u0259cd\u0259 zaman\u0131 hans\u0131 b\u0259d\u0259n \u00fczvl\u0259ri yer\u0259 d\u0259ym\u0259lidir v\u0259 ham\u0131s\u0131n\u0131n yer\u0259 d\u0259ym\u0259si m\u00fctl\u0259q vacibdirmi?"},"content":{"rendered":"<p><i>\u00a0<\/i><b>S\u0259cd\u0259 zaman\u0131 hans\u0131 b\u0259d\u0259n \u00fczvl\u0259ri yer\u0259 d\u0259ym\u0259lidir v\u0259 ham\u0131s\u0131n\u0131n yer\u0259 d\u0259ym\u0259si m\u00fctl\u0259q vacibdirmi?<\/b><\/p>\n<p>\u015e\u0259ri\u0259t h\u00f6ml\u0259rin\u0259 g\u00f6r\u0259, s\u0259cd\u0259 zaman\u0131 b\u0259d\u0259nin yeddi \u00fczv\u00fc yer\u0259 d\u0259ym\u0259lidir. Bunlar al\u0131n, iki \u0259lin i\u00e7i, iki diz qapa\u011f\u0131 v\u0259 iki aya\u011f\u0131n ba\u015f barmaqlar\u0131d\u0131r. Bu \u00fczvl\u0259r ham\u0131s\u0131 yer\u0259 d\u0259ydiyi zaman s\u0259cd\u0259 ger\u00e7\u0259kl\u0259\u015fir v\u0259 bu zaman s\u0259cd\u0259nin zikrini s\u00f6yl\u0259m\u0259k laz\u0131md\u0131r. Yeddi \u00fczvd\u0259n yaln\u0131z al\u0131nla \u00fcz\u0259rin\u0259 s\u0259cd\u0259 edil\u0259n \u0259\u015fya aras\u0131nda mane\u0259 olmamal\u0131d\u0131r, y\u0259ni al\u0131n birba\u015fa torpa\u011f\u0131n ya m\u00f6h\u00fcr\u00fcn \u00fcz\u0259rin\u0259 d\u0259ym\u0259lidir. Qalan alt\u0131 \u00fczvl\u0259 yer aras\u0131nda mane\u0259 olmas\u0131n\u0131n eybi yoxdur. S\u0259cd\u0259 \u00fczvl\u0259ri aras\u0131nda al\u0131n o biril\u0259rd\u0259n daha \u00fcst\u00fcn say\u0131l\u0131r. Bel\u0259 ki, \u0259g\u0259r al\u0131n yer\u0259 d\u0259ymi\u015fs\u0259, amma dig\u0259r s\u0259cd\u0259 \u00fczvl\u0259rind\u0259n b\u0259zil\u0259ri h\u0259r hans\u0131 s\u0259b\u0259b \u00fcz\u00fcnd\u0259n (q\u0259sd\u0259n yox) yer\u0259 d\u0259ym\u0259mi\u015fs\u0259, s\u0259cd\u0259 d\u00fczg\u00fcn say\u0131l\u0131r. Amma \u0259g\u0259r qalan alt\u0131 b\u0259d\u0259n \u00fczv\u00fc yer\u0259 d\u0259ymi\u015fs\u0259, amma al\u0131n s\u0259cd\u0259 edilm\u0259si d\u00fczg\u00fcn olan \u0259\u015fyan\u0131n \u00fcz\u0259rin\u0259 d\u0259ym\u0259mi\u015fs\u0259, s\u0259cd\u0259 hesab edilmir.<\/p>\n","protected":false},"excerpt":{"rendered":"<p>\u00a0S\u0259cd\u0259 zaman\u0131 hans\u0131 b\u0259d\u0259n \u00fczvl\u0259ri yer\u0259 d\u0259ym\u0259lidir v\u0259 ham\u0131s\u0131n\u0131n yer\u0259 d\u0259ym\u0259si m\u00fctl\u0259q vacibdirmi? \u015e\u0259ri\u0259t h\u00f6ml\u0259rin\u0259 g\u00f6r\u0259, s\u0259cd\u0259 zaman\u0131 b\u0259d\u0259nin yeddi \u00fczv\u00fc yer\u0259 d\u0259ym\u0259lidir. Bunlar al\u0131n, iki \u0259lin i\u00e7i, iki diz qapa\u011f\u0131 v\u0259 iki aya\u011f\u0131n ba\u015f barmaqlar\u0131d\u0131r. Bu \u00fczvl\u0259r ham\u0131s\u0131 yer\u0259 d\u0259ydiyi zaman s\u0259cd\u0259 ger\u00e7\u0259kl\u0259\u015fir v\u0259 bu zaman s\u0259cd\u0259nin zikrini s\u00f6yl\u0259m\u0259k laz\u0131md\u0131r. Yeddi \u00fczvd\u0259n yaln\u0131z al\u0131nla \u00fcz\u0259rin\u0259 s\u0259cd\u0259 edil\u0259n \u0259\u015fya aras\u0131nda mane\u0259 olmamal\u0131d\u0131r, y\u0259ni al\u0131n birba\u015fa torpa\u011f\u0131n ya m\u00f6h\u00fcr\u00fcn \u00fcz\u0259rin\u0259 d\u0259ym\u0259lidir. Qalan alt\u0131 \u00fczvl\u0259 yer aras\u0131nda mane\u0259 olmas\u0131n\u0131n eybi yoxdur. S\u0259cd\u0259 \u00fczvl\u0259ri aras\u0131nda al\u0131n o biril\u0259rd\u0259n daha \u00fcst\u00fcn say\u0131l\u0131r. Bel\u0259 ki,&hellip;<\/p>\n","protected":false},"author":2,"featured_media":54551,"comment_status":"closed","ping_status":"closed","sticky":false,"template":"","format":"standard","meta":{"om_disable_all_campaigns":false,"_monsterinsights_skip_tracking":false,"_monsterinsights_sitenote_active":false,"_monsterinsights_sitenote_note":"","_monsterinsights_sitenote_category":0},"categories":[1],"tags":[],"aioseo_notices":[],"gutentor_comment":0,"rttpg_featured_image_url":{"full":["https:\/\/arantv.az\/wp-content\/uploads\/2019\/05\/thumb_namaz.jpg",120,81,false],"landscape":["https:\/\/arantv.az\/wp-content\/uploads\/2019\/05\/thumb_namaz.jpg",120,81,false],"portraits":["https:\/\/arantv.az\/wp-content\/uploads\/2019\/05\/thumb_namaz.jpg",120,81,false],"thumbnail":["https:\/\/arantv.az\/wp-content\/uploads\/2019\/05\/thumb_namaz.jpg",120,81,false],"medium":["https:\/\/arantv.az\/wp-content\/uploads\/2019\/05\/thumb_namaz.jpg",120,81,false],"large":["https:\/\/arantv.az\/wp-content\/uploads\/2019\/05\/thumb_namaz.jpg",120,81,false],"1536x1536":["https:\/\/arantv.az\/wp-content\/uploads\/2019\/05\/thumb_namaz.jpg",120,81,false],"2048x2048":["https:\/\/arantv.az\/wp-content\/uploads\/2019\/05\/thumb_namaz.jpg",120,81,false],"post-thumbnail":["https:\/\/arantv.az\/wp-content\/uploads\/2019\/05\/thumb_namaz.jpg",120,81,false],"advps-thumb-one":["https:\/\/arantv.az\/wp-content\/uploads\/2019\/05\/thumb_namaz.jpg",120,81,false]},"rttpg_author":{"display_name":"V\u00fcsal Rafiqo\u011flu","author_link":"https:\/\/arantv.az\/?author=2"},"rttpg_comment":0,"rttpg_category":"<a href=\"https:\/\/arantv.az\/?cat=1\" rel=\"category\">C\u0259miyy\u0259t<\/a>","rttpg_excerpt":"\u00a0S\u0259cd\u0259 zaman\u0131 hans\u0131 b\u0259d\u0259n \u00fczvl\u0259ri yer\u0259 d\u0259ym\u0259lidir v\u0259 ham\u0131s\u0131n\u0131n yer\u0259 d\u0259ym\u0259si m\u00fctl\u0259q vacibdirmi? \u015e\u0259ri\u0259t h\u00f6ml\u0259rin\u0259 g\u00f6r\u0259, s\u0259cd\u0259 zaman\u0131 b\u0259d\u0259nin yeddi \u00fczv\u00fc yer\u0259 d\u0259ym\u0259lidir. Bunlar al\u0131n, iki \u0259lin i\u00e7i, iki diz qapa\u011f\u0131 v\u0259 iki aya\u011f\u0131n ba\u015f barmaqlar\u0131d\u0131r. Bu \u00fczvl\u0259r ham\u0131s\u0131 yer\u0259 d\u0259ydiyi zaman s\u0259cd\u0259 ger\u00e7\u0259kl\u0259\u015fir v\u0259 bu zaman s\u0259cd\u0259nin zikrini s\u00f6yl\u0259m\u0259k laz\u0131md\u0131r. Yeddi \u00fczvd\u0259n yaln\u0131z al\u0131nla&hellip;","_links":{"self":[{"href":"https:\/\/arantv.az\/index.php?rest_route=\/wp\/v2\/posts\/54550"}],"collection":[{"href":"https:\/\/arantv.az\/index.php?rest_route=\/wp\/v2\/posts"}],"about":[{"href":"https:\/\/arantv.az\/index.php?rest_route=\/wp\/v2\/types\/post"}],"author":[{"embeddable":true,"href":"https:\/\/arantv.az\/index.php?rest_route=\/wp\/v2\/users\/2"}],"replies":[{"embeddable":true,"href":"https:\/\/arantv.az\/index.php?rest_route=%2Fwp%2Fv2%2Fcomments&post=54550"}],"version-history":[{"count":0,"href":"https:\/\/arantv.az\/index.php?rest_route=\/wp\/v2\/posts\/54550\/revisions"}],"wp:featuredmedia":[{"embeddable":true,"href":"https:\/\/arantv.az\/index.php?rest_route=\/wp\/v2\/media\/54551"}],"wp:attachment":[{"href":"https:\/\/arantv.az\/index.php?rest_route=%2Fwp%2Fv2%2Fmedia&parent=54550"}],"wp:term":[{"taxonomy":"category","embeddable":true,"href":"https:\/\/arantv.az\/index.php?rest_route=%2Fwp%2Fv2%2Fcategories&post=54550"},{"taxonomy":"post_tag","embeddable":true,"href":"https:\/\/arantv.az\/index.php?rest_route=%2Fwp%2Fv2%2Ftags&post=54550"}],"curies":[{"name":"wp","href":"https:\/\/api.w.org\/{rel}","templated":true}]}}