{"id":54556,"date":"2019-05-02T10:41:30","date_gmt":"2019-05-02T07:41:30","guid":{"rendered":"http:\/\/arantv.az\/?p=54556"},"modified":"2019-05-02T10:41:30","modified_gmt":"2019-05-02T07:41:30","slug":"faci%c9%99vi-hadis%c9%99-ol%c9%99n-var","status":"publish","type":"post","link":"https:\/\/arantv.az\/?p=54556","title":{"rendered":"Faci\u0259vi hadis\u0259 \u2013 \u00d6L\u018fN VAR"},"content":{"rendered":"<p>Nax\u00e7\u0131van Muxtar Respublikas\u0131nda a\u011f\u0131r yol q\u0259zas\u0131 ba\u015f verib.<\/p>\n<p><b>ARANTV.AZ<\/b>\u00a0publika.az-a istinadla x\u0259b\u0259r verir ki, Nax\u00e7\u0131van-S\u0259d\u0259r\u0259k yolunun 67-ci kilometrliyind\u0259 T\u00fcrkiy\u0259 Respublikas\u0131nda qeydiyyatda olan &#8220;Mercedes&#8221; markal\u0131 minik avtomobili il\u0259 &#8220;VAZ 2104&#8221; markal\u0131 ma\u015f\u0131n toqqu\u015fub. N\u0259tic\u0259d\u0259 &#8220;VAZ 2104\u2033d\u0259 olan 54 ya\u015fl\u0131 ki\u015fi ald\u0131\u011f\u0131 x\u0259sar\u0259tl\u0259rd\u0259n v\u0259fat edib.<\/p>\n<div id=\"AdviadNativeVideo0\" class=\"AdviadNativeVideo\"><\/div>\n<p>Faktla ba\u011fl\u0131 cinay\u0259t i\u015fi a\u00e7\u0131l\u0131b, ara\u015fd\u0131rma apar\u0131l\u0131r.<\/p>\n","protected":false},"excerpt":{"rendered":"<p>Nax\u00e7\u0131van Muxtar Respublikas\u0131nda a\u011f\u0131r yol q\u0259zas\u0131 ba\u015f verib. ARANTV.AZ\u00a0publika.az-a istinadla x\u0259b\u0259r verir ki, Nax\u00e7\u0131van-S\u0259d\u0259r\u0259k yolunun 67-ci kilometrliyind\u0259 T\u00fcrkiy\u0259 Respublikas\u0131nda qeydiyyatda olan &#8220;Mercedes&#8221; markal\u0131 minik avtomobili il\u0259 &#8220;VAZ 2104&#8221; markal\u0131 ma\u015f\u0131n toqqu\u015fub. N\u0259tic\u0259d\u0259 &#8220;VAZ 2104\u2033d\u0259 olan 54 ya\u015fl\u0131 ki\u015fi ald\u0131\u011f\u0131 x\u0259sar\u0259tl\u0259rd\u0259n v\u0259fat edib. Faktla ba\u011fl\u0131 cinay\u0259t i\u015fi a\u00e7\u0131l\u0131b, ara\u015fd\u0131rma apar\u0131l\u0131r.<\/p>\n","protected":false},"author":2,"featured_media":54557,"comment_status":"closed","ping_status":"closed","sticky":false,"template":"","format":"standard","meta":{"om_disable_all_campaigns":false,"_monsterinsights_skip_tracking":false,"_monsterinsights_sitenote_active":false,"_monsterinsights_sitenote_note":"","_monsterinsights_sitenote_category":0},"categories":[5],"tags":[],"aioseo_notices":[],"gutentor_comment":0,"rttpg_featured_image_url":{"full":["https:\/\/arantv.az\/wp-content\/uploads\/2019\/05\/15567824441434823227_1411449554_agcabedide-agir-yol-qezasi-bash-verib-cenubnews.jpg",549,309,false],"landscape":["https:\/\/arantv.az\/wp-content\/uploads\/2019\/05\/15567824441434823227_1411449554_agcabedide-agir-yol-qezasi-bash-verib-cenubnews.jpg",549,309,false],"portraits":["https:\/\/arantv.az\/wp-content\/uploads\/2019\/05\/15567824441434823227_1411449554_agcabedide-agir-yol-qezasi-bash-verib-cenubnews.jpg",549,309,false],"thumbnail":["https:\/\/arantv.az\/wp-content\/uploads\/2019\/05\/15567824441434823227_1411449554_agcabedide-agir-yol-qezasi-bash-verib-cenubnews-150x150.jpg",150,150,true],"medium":["https:\/\/arantv.az\/wp-content\/uploads\/2019\/05\/15567824441434823227_1411449554_agcabedide-agir-yol-qezasi-bash-verib-cenubnews-300x169.jpg",300,169,true],"large":["https:\/\/arantv.az\/wp-content\/uploads\/2019\/05\/15567824441434823227_1411449554_agcabedide-agir-yol-qezasi-bash-verib-cenubnews.jpg",549,309,false],"1536x1536":["https:\/\/arantv.az\/wp-content\/uploads\/2019\/05\/15567824441434823227_1411449554_agcabedide-agir-yol-qezasi-bash-verib-cenubnews.jpg",549,309,false],"2048x2048":["https:\/\/arantv.az\/wp-content\/uploads\/2019\/05\/15567824441434823227_1411449554_agcabedide-agir-yol-qezasi-bash-verib-cenubnews.jpg",549,309,false],"post-thumbnail":["https:\/\/arantv.az\/wp-content\/uploads\/2019\/05\/15567824441434823227_1411449554_agcabedide-agir-yol-qezasi-bash-verib-cenubnews-240x172.jpg",240,172,true],"advps-thumb-one":["https:\/\/arantv.az\/wp-content\/uploads\/2019\/05\/15567824441434823227_1411449554_agcabedide-agir-yol-qezasi-bash-verib-cenubnews.jpg",549,309,false]},"rttpg_author":{"display_name":"V\u00fcsal Rafiqo\u011flu","author_link":"https:\/\/arantv.az\/?author=2"},"rttpg_comment":0,"rttpg_category":"<a href=\"https:\/\/arantv.az\/?cat=5\" rel=\"category\">Hadis\u0259<\/a>","rttpg_excerpt":"Nax\u00e7\u0131van Muxtar Respublikas\u0131nda a\u011f\u0131r yol q\u0259zas\u0131 ba\u015f verib. ARANTV.AZ\u00a0publika.az-a istinadla x\u0259b\u0259r verir ki, Nax\u00e7\u0131van-S\u0259d\u0259r\u0259k yolunun 67-ci kilometrliyind\u0259 T\u00fcrkiy\u0259 Respublikas\u0131nda qeydiyyatda olan &#8220;Mercedes&#8221; markal\u0131 minik avtomobili il\u0259 &#8220;VAZ 2104&#8221; markal\u0131 ma\u015f\u0131n toqqu\u015fub. N\u0259tic\u0259d\u0259 &#8220;VAZ 2104\u2033d\u0259 olan 54 ya\u015fl\u0131 ki\u015fi ald\u0131\u011f\u0131 x\u0259sar\u0259tl\u0259rd\u0259n v\u0259fat edib. Faktla ba\u011fl\u0131 cinay\u0259t i\u015fi a\u00e7\u0131l\u0131b, ara\u015fd\u0131rma apar\u0131l\u0131r.","_links":{"self":[{"href":"https:\/\/arantv.az\/index.php?rest_route=\/wp\/v2\/posts\/54556"}],"collection":[{"href":"https:\/\/arantv.az\/index.php?rest_route=\/wp\/v2\/posts"}],"about":[{"href":"https:\/\/arantv.az\/index.php?rest_route=\/wp\/v2\/types\/post"}],"author":[{"embeddable":true,"href":"https:\/\/arantv.az\/index.php?rest_route=\/wp\/v2\/users\/2"}],"replies":[{"embeddable":true,"href":"https:\/\/arantv.az\/index.php?rest_route=%2Fwp%2Fv2%2Fcomments&post=54556"}],"version-history":[{"count":0,"href":"https:\/\/arantv.az\/index.php?rest_route=\/wp\/v2\/posts\/54556\/revisions"}],"wp:featuredmedia":[{"embeddable":true,"href":"https:\/\/arantv.az\/index.php?rest_route=\/wp\/v2\/media\/54557"}],"wp:attachment":[{"href":"https:\/\/arantv.az\/index.php?rest_route=%2Fwp%2Fv2%2Fmedia&parent=54556"}],"wp:term":[{"taxonomy":"category","embeddable":true,"href":"https:\/\/arantv.az\/index.php?rest_route=%2Fwp%2Fv2%2Fcategories&post=54556"},{"taxonomy":"post_tag","embeddable":true,"href":"https:\/\/arantv.az\/index.php?rest_route=%2Fwp%2Fv2%2Ftags&post=54556"}],"curies":[{"name":"wp","href":"https:\/\/api.w.org\/{rel}","templated":true}]}}