{"id":54571,"date":"2019-05-02T10:59:38","date_gmt":"2019-05-02T07:59:38","guid":{"rendered":"http:\/\/arantv.az\/?p=54571"},"modified":"2019-05-02T10:59:38","modified_gmt":"2019-05-02T07:59:38","slug":"agcab%c9%99di-sakini-h%c9%99myerlisinin-masinini-yandirdi","status":"publish","type":"post","link":"https:\/\/arantv.az\/?p=54571","title":{"rendered":"A\u011fcab\u0259di sakini h\u0259myerlisinin ma\u015f\u0131n\u0131n\u0131 yand\u0131rd\u0131"},"content":{"rendered":"<p><strong>A\u011fcab\u0259did\u0259 ba\u015fqas\u0131n\u0131n \u0259mlak\u0131na q\u0259sd\u0259n z\u0259r\u0259r vuran \u015f\u0259xs tutulub.<\/strong><\/p>\n<p><b>ARANTV.AZ\u00a0<\/b> x\u0259b\u0259r verir ki, A\u011fcab\u0259di rayon Polis \u015e\u00f6b\u0259si \u0259m\u0259kda\u015flar\u0131n\u0131n ke\u00e7irdikl\u0259ri \u0259m\u0259liyyat t\u0259dbiri n\u0259tic\u0259sind\u0259 aprelin 30-da K\u0259hrizli k\u0259ndi \u0259razisind\u0259 R.M\u0259h\u0259rr\u0259movun \u201cMercedes\u201d markal\u0131 avtomobilini q\u0259sd\u0259n yand\u0131rmaqda \u015f\u00fcbh\u0259li bilin\u0259n k\u0259nd sakini Kamran H\u0259s\u0259nov saxlan\u0131l\u0131b.<\/p>\n<p>Ara\u015fd\u0131rma apar\u0131l\u0131r.<\/p>\n<p>&nbsp;<\/p>\n<div class=\"inpage\">\n<div class=\"inpage-wrap\">\n<div class=\"inpage-top\">\n<div class=\"adsg-logo\">\u00a0publika.az<\/div>\n<\/div>\n<\/div>\n<\/div>\n<p>&nbsp;<\/p>\n","protected":false},"excerpt":{"rendered":"<p>A\u011fcab\u0259did\u0259 ba\u015fqas\u0131n\u0131n \u0259mlak\u0131na q\u0259sd\u0259n z\u0259r\u0259r vuran \u015f\u0259xs tutulub. ARANTV.AZ\u00a0 x\u0259b\u0259r verir ki, A\u011fcab\u0259di rayon Polis \u015e\u00f6b\u0259si \u0259m\u0259kda\u015flar\u0131n\u0131n ke\u00e7irdikl\u0259ri \u0259m\u0259liyyat t\u0259dbiri n\u0259tic\u0259sind\u0259 aprelin 30-da K\u0259hrizli k\u0259ndi \u0259razisind\u0259 R.M\u0259h\u0259rr\u0259movun \u201cMercedes\u201d markal\u0131 avtomobilini q\u0259sd\u0259n yand\u0131rmaqda \u015f\u00fcbh\u0259li bilin\u0259n k\u0259nd sakini Kamran H\u0259s\u0259nov saxlan\u0131l\u0131b. Ara\u015fd\u0131rma apar\u0131l\u0131r. &nbsp; \u00a0publika.az &nbsp;<\/p>\n","protected":false},"author":2,"featured_media":54572,"comment_status":"closed","ping_status":"closed","sticky":false,"template":"","format":"standard","meta":{"om_disable_all_campaigns":false,"_monsterinsights_skip_tracking":false,"_monsterinsights_sitenote_active":false,"_monsterinsights_sitenote_note":"","_monsterinsights_sitenote_category":0},"categories":[5],"tags":[],"aioseo_notices":[],"gutentor_comment":0,"rttpg_featured_image_url":{"full":["https:\/\/arantv.az\/wp-content\/uploads\/2019\/05\/yanan-mashin.jpg",800,450,false],"landscape":["https:\/\/arantv.az\/wp-content\/uploads\/2019\/05\/yanan-mashin.jpg",800,450,false],"portraits":["https:\/\/arantv.az\/wp-content\/uploads\/2019\/05\/yanan-mashin.jpg",800,450,false],"thumbnail":["https:\/\/arantv.az\/wp-content\/uploads\/2019\/05\/yanan-mashin-150x150.jpg",150,150,true],"medium":["https:\/\/arantv.az\/wp-content\/uploads\/2019\/05\/yanan-mashin-300x169.jpg",300,169,true],"large":["https:\/\/arantv.az\/wp-content\/uploads\/2019\/05\/yanan-mashin.jpg",640,360,false],"1536x1536":["https:\/\/arantv.az\/wp-content\/uploads\/2019\/05\/yanan-mashin.jpg",800,450,false],"2048x2048":["https:\/\/arantv.az\/wp-content\/uploads\/2019\/05\/yanan-mashin.jpg",800,450,false],"post-thumbnail":["https:\/\/arantv.az\/wp-content\/uploads\/2019\/05\/yanan-mashin-240x172.jpg",240,172,true],"advps-thumb-one":["https:\/\/arantv.az\/wp-content\/uploads\/2019\/05\/yanan-mashin.jpg",800,450,false]},"rttpg_author":{"display_name":"V\u00fcsal Rafiqo\u011flu","author_link":"https:\/\/arantv.az\/?author=2"},"rttpg_comment":0,"rttpg_category":"<a href=\"https:\/\/arantv.az\/?cat=5\" rel=\"category\">Hadis\u0259<\/a>","rttpg_excerpt":"A\u011fcab\u0259did\u0259 ba\u015fqas\u0131n\u0131n \u0259mlak\u0131na q\u0259sd\u0259n z\u0259r\u0259r vuran \u015f\u0259xs tutulub. ARANTV.AZ\u00a0 x\u0259b\u0259r verir ki, A\u011fcab\u0259di rayon Polis \u015e\u00f6b\u0259si \u0259m\u0259kda\u015flar\u0131n\u0131n ke\u00e7irdikl\u0259ri \u0259m\u0259liyyat t\u0259dbiri n\u0259tic\u0259sind\u0259 aprelin 30-da K\u0259hrizli k\u0259ndi \u0259razisind\u0259 R.M\u0259h\u0259rr\u0259movun \u201cMercedes\u201d markal\u0131 avtomobilini q\u0259sd\u0259n yand\u0131rmaqda \u015f\u00fcbh\u0259li bilin\u0259n k\u0259nd sakini Kamran H\u0259s\u0259nov saxlan\u0131l\u0131b. Ara\u015fd\u0131rma apar\u0131l\u0131r. &nbsp; \u00a0publika.az &nbsp;","_links":{"self":[{"href":"https:\/\/arantv.az\/index.php?rest_route=\/wp\/v2\/posts\/54571"}],"collection":[{"href":"https:\/\/arantv.az\/index.php?rest_route=\/wp\/v2\/posts"}],"about":[{"href":"https:\/\/arantv.az\/index.php?rest_route=\/wp\/v2\/types\/post"}],"author":[{"embeddable":true,"href":"https:\/\/arantv.az\/index.php?rest_route=\/wp\/v2\/users\/2"}],"replies":[{"embeddable":true,"href":"https:\/\/arantv.az\/index.php?rest_route=%2Fwp%2Fv2%2Fcomments&post=54571"}],"version-history":[{"count":0,"href":"https:\/\/arantv.az\/index.php?rest_route=\/wp\/v2\/posts\/54571\/revisions"}],"wp:featuredmedia":[{"embeddable":true,"href":"https:\/\/arantv.az\/index.php?rest_route=\/wp\/v2\/media\/54572"}],"wp:attachment":[{"href":"https:\/\/arantv.az\/index.php?rest_route=%2Fwp%2Fv2%2Fmedia&parent=54571"}],"wp:term":[{"taxonomy":"category","embeddable":true,"href":"https:\/\/arantv.az\/index.php?rest_route=%2Fwp%2Fv2%2Fcategories&post=54571"},{"taxonomy":"post_tag","embeddable":true,"href":"https:\/\/arantv.az\/index.php?rest_route=%2Fwp%2Fv2%2Ftags&post=54571"}],"curies":[{"name":"wp","href":"https:\/\/api.w.org\/{rel}","templated":true}]}}