{"id":54574,"date":"2019-05-02T11:04:25","date_gmt":"2019-05-02T08:04:25","guid":{"rendered":"http:\/\/arantv.az\/?p=54574"},"modified":"2019-05-02T11:04:25","modified_gmt":"2019-05-02T08:04:25","slug":"prezident-ilham-%c9%99liyev-v%c9%99-birinci-xanim-mehriban-%c9%99liyeva-bakida-v-umumdunya-m%c9%99d%c9%99niyy%c9%99tl%c9%99rarasi-dialoq-forumunun-acilisinda-istirak-edibl%c9%99r-yenil%c9%99nib-fo","status":"publish","type":"post","link":"https:\/\/arantv.az\/?p=54574","title":{"rendered":"Prezident \u0130lham \u018fliyev v\u0259 birinci xan\u0131m Mehriban \u018fliyeva Bak\u0131da V \u00dcmumd\u00fcnya M\u0259d\u0259niyy\u0259tl\u0259raras\u0131 Dialoq Forumunun a\u00e7\u0131l\u0131\u015f\u0131nda i\u015ftirak edibl\u0259r &#8211; YEN\u0130L\u018fN\u0130B &#8211; FOTO"},"content":{"rendered":"<p><strong>11:58<\/strong><\/p>\n<p>May\u0131n 2-d\u0259 Heyd\u0259r \u018fliyev M\u0259rk\u0259zind\u0259 &#8220;Ayr\u0131-se\u00e7kilik, qeyri-b\u0259rab\u0259rlik v\u0259 zorak\u0131 m\u00fcnaqi\u015f\u0259y\u0259 qar\u015f\u0131 f\u0259aliyy\u0259t namin\u0259 dialoq quraq&#8221; \u015f\u00fcar\u0131 alt\u0131nda V \u00dcmumd\u00fcnya M\u0259d\u0259niyy\u0259tl\u0259raras\u0131 Dialoq Forumu i\u015f\u0259 ba\u015flay\u0131b.<\/p>\n<p><strong>ARANTV.AZ<\/strong> az\u0259rtac-a istinad\u0259n bildirir ki, Az\u0259rbaycan Respublikas\u0131n\u0131n Prezidenti \u0130lham \u018fliyev v\u0259 birinci xan\u0131m Mehriban \u018fliyeva Forumun a\u00e7\u0131l\u0131\u015f m\u0259rasimind\u0259 i\u015ftirak edibl\u0259r.<\/p>\n<p>D\u00f6vl\u0259timizin ba\u015f\u00e7\u0131s\u0131 m\u0259rasimd\u0259 nitq s\u00f6yl\u0259di.<\/p>\n<p>Sonra sivilizasiyalar\u0131n tarixini, d\u00fcnyada ba\u015f ver\u0259n m\u00fcnaqi\u015f\u0259l\u0259ri, t\u00f6r\u0259dil\u0259n terror aktlar\u0131n\u0131 v\u0259 Az\u0259rbaycandak\u0131 tolerantl\u0131q m\u00fchitini \u0259ks etdir\u0259n video\u00e7arx n\u00fcmayi\u015f olundu.<\/p>\n<p>Daha sonra BMT-nin Sivilizasiyalar Alyans\u0131 \u00fczr\u0259 Ali n\u00fcmay\u0259nd\u0259si Migel Angel Moratinos, UNESCO-nun Ba\u015f direktorunun sosial v\u0259 humanitar elml\u0259r \u00fczr\u0259 m\u00fcavini Nada Al-Na\u015fif, \u0130slam \u018fm\u0259kda\u015fl\u0131q T\u0259\u015fkilat\u0131n\u0131n Ba\u015f katibi Yusif bin \u018fhm\u0259d \u018fl-Osaymin, Avropa \u015euras\u0131n\u0131n Ba\u015f katibinin m\u00fcavini Qabriella Battaini-Draqoni, ISESCO-nun Ba\u015f direktoru \u018fbd\u00fcl\u0259ziz Osman \u0259l-Tuveycri \u00e7\u0131x\u0131\u015f etdil\u0259r.<\/p>\n<p>Qeyd ed\u0259k ki, Forum Az\u0259rbaycan h\u00f6kum\u0259tinin t\u0259\u015fkilat\u00e7\u0131l\u0131\u011f\u0131, UNESCO, BMT-nin Sivilizasiyalar Alyans\u0131, D\u00fcnya Turizm T\u0259\u015fkilat\u0131, Avropa \u015euras\u0131 v\u0259 ISESCO-nun t\u0259r\u0259fda\u015fl\u0131\u011f\u0131 il\u0259 ke\u00e7irilir. T\u0259dbird\u0259 100-d\u0259n \u00e7ox \u00f6lk\u0259nin v\u0259 30-dan \u00e7ox beyn\u0259lxalq t\u0259\u015fkilat\u0131n y\u00fcks\u0259ks\u0259viyy\u0259li r\u0259smil\u0259ri i\u015ftirak edirl\u0259r.<\/p>\n<p>&#8212;&#8212;&#8212;<\/p>\n<p><strong>10:04<\/strong><\/p>\n<p>May\u0131n 2-d\u0259 Heyd\u0259r \u018fliyev M\u0259rk\u0259zind\u0259 &#8220;Ayr\u0131-se\u00e7kilik, qeyri-b\u0259rab\u0259rlik v\u0259 zorak\u0131 m\u00fcnaqi\u015f\u0259y\u0259 qar\u015f\u0131 f\u0259aliyy\u0259t namin\u0259 dialoq quraq&#8221; \u015f\u00fcar\u0131 alt\u0131nda V \u00dcmumd\u00fcnya M\u0259d\u0259niyy\u0259tl\u0259raras\u0131 Dialoq Forumu i\u015f\u0259 ba\u015flay\u0131b.<\/p>\n<p><strong>ARANTV.AZ<\/strong> az\u0259rtac-a istinad\u0259n bildirir ki, Az\u0259rbaycan Respublikas\u0131n\u0131n Prezidenti \u0130lham \u018fliyev v\u0259 birinci xan\u0131m Mehriban \u018fliyeva Forumun a\u00e7\u0131l\u0131\u015f m\u0259rasimind\u0259 i\u015ftirak edirl\u0259r.<\/p>\n<p><img loading=\"lazy\" class=\"alignnone size-medium wp-image-54575\" src=\"https:\/\/arantv.az\/wp-content\/uploads\/2019\/05\/751506_000-300x225.jpg\" alt=\"\" width=\"300\" height=\"225\" \/><\/p>\n","protected":false},"excerpt":{"rendered":"<p>11:58 May\u0131n 2-d\u0259 Heyd\u0259r \u018fliyev M\u0259rk\u0259zind\u0259 &#8220;Ayr\u0131-se\u00e7kilik, qeyri-b\u0259rab\u0259rlik v\u0259 zorak\u0131 m\u00fcnaqi\u015f\u0259y\u0259 qar\u015f\u0131 f\u0259aliyy\u0259t namin\u0259 dialoq quraq&#8221; \u015f\u00fcar\u0131 alt\u0131nda V \u00dcmumd\u00fcnya M\u0259d\u0259niyy\u0259tl\u0259raras\u0131 Dialoq Forumu i\u015f\u0259 ba\u015flay\u0131b. ARANTV.AZ az\u0259rtac-a istinad\u0259n bildirir ki, Az\u0259rbaycan Respublikas\u0131n\u0131n Prezidenti \u0130lham \u018fliyev v\u0259 birinci xan\u0131m Mehriban \u018fliyeva Forumun a\u00e7\u0131l\u0131\u015f m\u0259rasimind\u0259 i\u015ftirak edibl\u0259r. D\u00f6vl\u0259timizin ba\u015f\u00e7\u0131s\u0131 m\u0259rasimd\u0259 nitq s\u00f6yl\u0259di. Sonra sivilizasiyalar\u0131n tarixini, d\u00fcnyada ba\u015f ver\u0259n m\u00fcnaqi\u015f\u0259l\u0259ri, t\u00f6r\u0259dil\u0259n terror aktlar\u0131n\u0131 v\u0259 Az\u0259rbaycandak\u0131 tolerantl\u0131q m\u00fchitini \u0259ks etdir\u0259n video\u00e7arx n\u00fcmayi\u015f olundu. Daha sonra BMT-nin Sivilizasiyalar Alyans\u0131 \u00fczr\u0259 Ali n\u00fcmay\u0259nd\u0259si Migel Angel Moratinos, UNESCO-nun Ba\u015f direktorunun sosial v\u0259 humanitar elml\u0259r \u00fczr\u0259 m\u00fcavini Nada&hellip;<\/p>\n","protected":false},"author":2,"featured_media":54575,"comment_status":"closed","ping_status":"closed","sticky":false,"template":"","format":"standard","meta":{"om_disable_all_campaigns":false,"_monsterinsights_skip_tracking":false,"_monsterinsights_sitenote_active":false,"_monsterinsights_sitenote_note":"","_monsterinsights_sitenote_category":0},"categories":[4],"tags":[],"aioseo_notices":[],"gutentor_comment":0,"rttpg_featured_image_url":{"full":["https:\/\/arantv.az\/wp-content\/uploads\/2019\/05\/751506_000.jpg",800,600,false],"landscape":["https:\/\/arantv.az\/wp-content\/uploads\/2019\/05\/751506_000.jpg",800,600,false],"portraits":["https:\/\/arantv.az\/wp-content\/uploads\/2019\/05\/751506_000.jpg",800,600,false],"thumbnail":["https:\/\/arantv.az\/wp-content\/uploads\/2019\/05\/751506_000-150x150.jpg",150,150,true],"medium":["https:\/\/arantv.az\/wp-content\/uploads\/2019\/05\/751506_000-300x225.jpg",300,225,true],"large":["https:\/\/arantv.az\/wp-content\/uploads\/2019\/05\/751506_000.jpg",640,480,false],"1536x1536":["https:\/\/arantv.az\/wp-content\/uploads\/2019\/05\/751506_000.jpg",800,600,false],"2048x2048":["https:\/\/arantv.az\/wp-content\/uploads\/2019\/05\/751506_000.jpg",800,600,false],"post-thumbnail":["https:\/\/arantv.az\/wp-content\/uploads\/2019\/05\/751506_000-240x172.jpg",240,172,true],"advps-thumb-one":["https:\/\/arantv.az\/wp-content\/uploads\/2019\/05\/751506_000.jpg",800,600,false]},"rttpg_author":{"display_name":"V\u00fcsal Rafiqo\u011flu","author_link":"https:\/\/arantv.az\/?author=2"},"rttpg_comment":0,"rttpg_category":"<a href=\"https:\/\/arantv.az\/?cat=4\" rel=\"category\">Siyas\u0259t<\/a>","rttpg_excerpt":"11:58 May\u0131n 2-d\u0259 Heyd\u0259r \u018fliyev M\u0259rk\u0259zind\u0259 &#8220;Ayr\u0131-se\u00e7kilik, qeyri-b\u0259rab\u0259rlik v\u0259 zorak\u0131 m\u00fcnaqi\u015f\u0259y\u0259 qar\u015f\u0131 f\u0259aliyy\u0259t namin\u0259 dialoq quraq&#8221; \u015f\u00fcar\u0131 alt\u0131nda V \u00dcmumd\u00fcnya M\u0259d\u0259niyy\u0259tl\u0259raras\u0131 Dialoq Forumu i\u015f\u0259 ba\u015flay\u0131b. ARANTV.AZ az\u0259rtac-a istinad\u0259n bildirir ki, Az\u0259rbaycan Respublikas\u0131n\u0131n Prezidenti \u0130lham \u018fliyev v\u0259 birinci xan\u0131m Mehriban \u018fliyeva Forumun a\u00e7\u0131l\u0131\u015f m\u0259rasimind\u0259 i\u015ftirak edibl\u0259r. D\u00f6vl\u0259timizin ba\u015f\u00e7\u0131s\u0131 m\u0259rasimd\u0259 nitq s\u00f6yl\u0259di. Sonra sivilizasiyalar\u0131n tarixini, d\u00fcnyada ba\u015f&hellip;","_links":{"self":[{"href":"https:\/\/arantv.az\/index.php?rest_route=\/wp\/v2\/posts\/54574"}],"collection":[{"href":"https:\/\/arantv.az\/index.php?rest_route=\/wp\/v2\/posts"}],"about":[{"href":"https:\/\/arantv.az\/index.php?rest_route=\/wp\/v2\/types\/post"}],"author":[{"embeddable":true,"href":"https:\/\/arantv.az\/index.php?rest_route=\/wp\/v2\/users\/2"}],"replies":[{"embeddable":true,"href":"https:\/\/arantv.az\/index.php?rest_route=%2Fwp%2Fv2%2Fcomments&post=54574"}],"version-history":[{"count":0,"href":"https:\/\/arantv.az\/index.php?rest_route=\/wp\/v2\/posts\/54574\/revisions"}],"wp:featuredmedia":[{"embeddable":true,"href":"https:\/\/arantv.az\/index.php?rest_route=\/wp\/v2\/media\/54575"}],"wp:attachment":[{"href":"https:\/\/arantv.az\/index.php?rest_route=%2Fwp%2Fv2%2Fmedia&parent=54574"}],"wp:term":[{"taxonomy":"category","embeddable":true,"href":"https:\/\/arantv.az\/index.php?rest_route=%2Fwp%2Fv2%2Fcategories&post=54574"},{"taxonomy":"post_tag","embeddable":true,"href":"https:\/\/arantv.az\/index.php?rest_route=%2Fwp%2Fv2%2Ftags&post=54574"}],"curies":[{"name":"wp","href":"https:\/\/api.w.org\/{rel}","templated":true}]}}