{"id":54583,"date":"2019-05-02T11:27:42","date_gmt":"2019-05-02T08:27:42","guid":{"rendered":"http:\/\/arantv.az\/?p=54583"},"modified":"2019-05-02T11:27:42","modified_gmt":"2019-05-02T08:27:42","slug":"dim-in-f%c9%99aliyy%c9%99tind%c9%99-ictimai-birlikl%c9%99rin-numay%c9%99nd%c9%99l%c9%99rinin-istiraki-vacibdir","status":"publish","type":"post","link":"https:\/\/arantv.az\/?p=54583","title":{"rendered":"&#8220;D\u0130M-in f\u0259aliyy\u0259tind\u0259 ictimai birlikl\u0259rin n\u00fcmay\u0259nd\u0259l\u0259rinin i\u015ftirak\u0131 vacibdir&#8221;"},"content":{"rendered":"<blockquote><p><em><strong>\u0130ctimai i\u015ftirak\u00e7\u0131l\u0131q prinsipl\u0259rin\u0259 uy\u011fun olaraq, D\u00f6vl\u0259t \u0130mtahan M\u0259rk\u0259zinin f\u0259aliyy\u0259tind\u0259 m\u00fcxt\u0259lif t\u0259\u015fkilatlar\u0131n, ictimai birlikl\u0259rin n\u00fcmay\u0259nd\u0259l\u0259rinin i\u015ftirak\u0131n\u0131n vacibdir.<\/strong><\/em><\/p><\/blockquote>\n<p><strong>ARANTV.AZ<\/strong>\u00a0\u00a0<span style=\"color: #000000;\"><a style=\"color: #000000;\" href=\"https:\/\/az.trend.az\/\" target=\"_blank\" rel=\"noopener\">Trend<\/a><\/span>-\u0259 istinad\u0259n x\u0259b\u0259r verir ki,\u00a0bunu D\u00f6vl\u0259t \u0130mtahan M\u0259rk\u0259zinin (D\u0130M) Direktorlar \u015euras\u0131n\u0131n s\u0259dri M\u0259leyk\u0259 Abbaszad\u0259 Az\u0259rbaycan Valideyn-M\u00fc\u0259llim Assosiasiyas\u0131 \u0130ctimai Birliyi, Ail\u0259l\u0259rin \u0130nki\u015faf\u0131 \u00fczr\u0259 Maarifl\u0259ndirm\u0259 \u0130ctimai Birliyinin s\u0259drl\u0259ri il\u0259 g\u00f6r\u00fc\u015f\u00fcnd\u0259 deyib.<\/p>\n<p>M.Abbaszad\u0259 qeyd edib ki, D\u00f6vl\u0259t \u0130mtahan M\u0259rk\u0259zi h\u0259yata ke\u00e7irdiyi b\u00fct\u00fcn t\u0259dbirl\u0259rd\u0259 ictimaiyy\u0259tin h\u0259rt\u0259r\u0259fli m\u0259lumatland\u0131r\u0131lmas\u0131na, ictimaiyy\u0259t n\u00fcmay\u0259nd\u0259l\u0259rinin q\u0259bul prosesinin idar\u0259 olunmas\u0131nda i\u015ftirak\u0131na, bu sah\u0259y\u0259 v\u0259t\u0259nda\u015f n\u0259zar\u0259tinin t\u0259\u015fkilin\u0259 b\u00f6y\u00fck \u00f6n\u0259m verib. H\u0259yata ke\u00e7iril\u0259n t\u0259dbirl\u0259rin y\u00fcks\u0259k ictimai \u0259h\u0259miyy\u0259ti n\u0259z\u0259r\u0259 al\u0131naraq, D\u0130M-in f\u0259aliyy\u0259tind\u0259 \u015f\u0259ffafl\u0131q v\u0259 ictimai n\u0259zar\u0259t tam \u015f\u0259kild\u0259 t\u0259min olunur.<\/p>\n<p>Az\u0259rbaycan Valideyn-M\u00fc\u0259llim Assosiasiyas\u0131 \u0130ctimai Birliyinin icrac\u0131 direktoru \u015eahin R\u0259c\u0259bov birlik haqq\u0131nda m\u0259lumat ver\u0259r\u0259k qeyd edib ki, assosiasiya valideyn-m\u00fc\u0259llim-\u015fagird \u0259m\u0259kda\u015fl\u0131\u011f\u0131n\u0131n geni\u015fl\u0259ndirilm\u0259si, m\u0259kt\u0259bl\u0259r\u0259 d\u0259st\u0259k, u\u015faqlar\u0131n maraqlar\u0131n\u0131n qorunmas\u0131 v\u0259 dig\u0259r istiqam\u0259tl\u0259rd\u0259 f\u0259aliyy\u0259t h\u0259yata ke\u00e7irir v\u0259 bu sah\u0259d\u0259 D\u0130M-l\u0259 \u0259m\u0259kda\u015fl\u0131qda maraql\u0131d\u0131rlar. Ail\u0259l\u0259rin \u0130nki\u015faf\u0131 \u00fczr\u0259 Maarifl\u0259ndirm\u0259 \u0130ctimai Birliyinin s\u0259dri Ruhhiy\u0259 M\u0259mm\u0259dova is\u0259 abituriyentl\u0259r\u0259 v\u0259 onlar\u0131n valideynl\u0259rin\u0259 psixoloji d\u0259st\u0259yin v\u0259 maarifl\u0259ndirm\u0259 i\u015finin h\u0259yata ke\u00e7irilm\u0259si m\u0259qs\u0259dil\u0259 birg\u0259 t\u0259dbirl\u0259rin ke\u00e7irilm\u0259sini t\u0259klif edib.<\/p>\n<p>M\u00fczakir\u0259l\u0259rin sonunda h\u0259r iki t\u0259\u015fkilatla \u0259laq\u0259l\u0259rin daha da geni\u015fl\u0259ndirilm\u0259si v\u0259 D\u00f6vl\u0259t \u0130mtahan M\u0259rk\u0259zi t\u0259r\u0259find\u0259n onlara laz\u0131mi d\u0259st\u0259yin g\u00f6st\u0259rilm\u0259si q\u0259rara al\u0131n\u0131b. D\u00f6vl\u0259t \u0130mtahan M\u0259rk\u0259zinin \u0259m\u0259kda\u015flar\u0131 Ail\u0259l\u0259rin \u0130nki\u015faf\u0131 \u00fczr\u0259 Maarifl\u0259ndirm\u0259 \u0130ctimai Birliyi il\u0259 imtahan \u00f6nc\u0259si stresin idar\u0259 olunmas\u0131, abituriyentl\u0259rin v\u0259 onlar\u0131n valideynl\u0259rinin imtahana psixoloji haz\u0131rl\u0131\u011f\u0131 v\u0259 dig\u0259r m\u0259s\u0259l\u0259l\u0259rl\u0259 ba\u011fl\u0131 ke\u00e7iril\u0259n t\u0259liml\u0259rd\u0259 i\u015ftirak ed\u0259c\u0259k v\u0259 \u00f6z t\u0259cr\u00fcb\u0259sini b\u00f6l\u00fc\u015f\u0259c\u0259k.<\/p>\n<div id=\"AdviadNativeVideo0\" class=\"AdviadNativeVideo\"><\/div>\n<p>H\u0259m\u00e7inin Az\u0259rbaycan Valideyn-M\u00fc\u0259llim Assosiasiyas\u0131 \u0130ctimai Birliyinin valideyn v\u0259 \u015fagirdl\u0259rl\u0259r \u00fc\u00e7\u00fcn Bak\u0131da v\u0259 b\u00f6lg\u0259l\u0259rd\u0259 t\u0259\u015fkil edil\u0259c\u0259k &#8220;M\u0259kt\u0259b ail\u0259si t\u0259lim-istirah\u0259t d\u00fc\u015f\u0259rg\u0259&#8221;l\u0259rind\u0259 M\u0259rk\u0259zin f\u0259aliyy\u0259ti, imtahanlara haz\u0131rl\u0131q, q\u0259bul qaydalar\u0131 haqq\u0131nda m\u0259lumat verm\u0259k, valideynl\u0259rin maarifl\u0259ndirilm\u0259si i\u015find\u0259 d\u0259st\u0259k g\u00f6st\u0259rilm\u0259si \u00fc\u00e7\u00fcn D\u0130M-in \u0259m\u0259kda\u015flar\u0131 da t\u0259liml\u0259rd\u0259 i\u015ftirak ed\u0259c\u0259k.<\/p>\n","protected":false},"excerpt":{"rendered":"<p>\u0130ctimai i\u015ftirak\u00e7\u0131l\u0131q prinsipl\u0259rin\u0259 uy\u011fun olaraq, D\u00f6vl\u0259t \u0130mtahan M\u0259rk\u0259zinin f\u0259aliyy\u0259tind\u0259 m\u00fcxt\u0259lif t\u0259\u015fkilatlar\u0131n, ictimai birlikl\u0259rin n\u00fcmay\u0259nd\u0259l\u0259rinin i\u015ftirak\u0131n\u0131n vacibdir. ARANTV.AZ\u00a0\u00a0Trend-\u0259 istinad\u0259n x\u0259b\u0259r verir ki,\u00a0bunu D\u00f6vl\u0259t \u0130mtahan M\u0259rk\u0259zinin (D\u0130M) Direktorlar \u015euras\u0131n\u0131n s\u0259dri M\u0259leyk\u0259 Abbaszad\u0259 Az\u0259rbaycan Valideyn-M\u00fc\u0259llim Assosiasiyas\u0131 \u0130ctimai Birliyi, Ail\u0259l\u0259rin \u0130nki\u015faf\u0131 \u00fczr\u0259 Maarifl\u0259ndirm\u0259 \u0130ctimai Birliyinin s\u0259drl\u0259ri il\u0259 g\u00f6r\u00fc\u015f\u00fcnd\u0259 deyib. M.Abbaszad\u0259 qeyd edib ki, D\u00f6vl\u0259t \u0130mtahan M\u0259rk\u0259zi h\u0259yata ke\u00e7irdiyi b\u00fct\u00fcn t\u0259dbirl\u0259rd\u0259 ictimaiyy\u0259tin h\u0259rt\u0259r\u0259fli m\u0259lumatland\u0131r\u0131lmas\u0131na, ictimaiyy\u0259t n\u00fcmay\u0259nd\u0259l\u0259rinin q\u0259bul prosesinin idar\u0259 olunmas\u0131nda i\u015ftirak\u0131na, bu sah\u0259y\u0259 v\u0259t\u0259nda\u015f n\u0259zar\u0259tinin t\u0259\u015fkilin\u0259 b\u00f6y\u00fck \u00f6n\u0259m verib. H\u0259yata ke\u00e7iril\u0259n t\u0259dbirl\u0259rin y\u00fcks\u0259k ictimai \u0259h\u0259miyy\u0259ti n\u0259z\u0259r\u0259 al\u0131naraq, D\u0130M-in f\u0259aliyy\u0259tind\u0259 \u015f\u0259ffafl\u0131q v\u0259 ictimai n\u0259zar\u0259t tam \u015f\u0259kild\u0259&hellip;<\/p>\n","protected":false},"author":2,"featured_media":54584,"comment_status":"closed","ping_status":"closed","sticky":false,"template":"","format":"standard","meta":{"om_disable_all_campaigns":false,"_monsterinsights_skip_tracking":false,"_monsterinsights_sitenote_active":false,"_monsterinsights_sitenote_note":"","_monsterinsights_sitenote_category":0},"categories":[23],"tags":[],"aioseo_notices":[],"gutentor_comment":0,"rttpg_featured_image_url":{"full":["https:\/\/arantv.az\/wp-content\/uploads\/2019\/05\/meleyke_abbaszade_0987.jpg",800,600,false],"landscape":["https:\/\/arantv.az\/wp-content\/uploads\/2019\/05\/meleyke_abbaszade_0987.jpg",800,600,false],"portraits":["https:\/\/arantv.az\/wp-content\/uploads\/2019\/05\/meleyke_abbaszade_0987.jpg",800,600,false],"thumbnail":["https:\/\/arantv.az\/wp-content\/uploads\/2019\/05\/meleyke_abbaszade_0987-150x150.jpg",150,150,true],"medium":["https:\/\/arantv.az\/wp-content\/uploads\/2019\/05\/meleyke_abbaszade_0987-300x225.jpg",300,225,true],"large":["https:\/\/arantv.az\/wp-content\/uploads\/2019\/05\/meleyke_abbaszade_0987.jpg",640,480,false],"1536x1536":["https:\/\/arantv.az\/wp-content\/uploads\/2019\/05\/meleyke_abbaszade_0987.jpg",800,600,false],"2048x2048":["https:\/\/arantv.az\/wp-content\/uploads\/2019\/05\/meleyke_abbaszade_0987.jpg",800,600,false],"post-thumbnail":["https:\/\/arantv.az\/wp-content\/uploads\/2019\/05\/meleyke_abbaszade_0987-240x172.jpg",240,172,true],"advps-thumb-one":["https:\/\/arantv.az\/wp-content\/uploads\/2019\/05\/meleyke_abbaszade_0987.jpg",800,600,false]},"rttpg_author":{"display_name":"V\u00fcsal Rafiqo\u011flu","author_link":"https:\/\/arantv.az\/?author=2"},"rttpg_comment":0,"rttpg_category":"<a href=\"https:\/\/arantv.az\/?cat=23\" rel=\"category\">T\u0259hsil<\/a>","rttpg_excerpt":"\u0130ctimai i\u015ftirak\u00e7\u0131l\u0131q prinsipl\u0259rin\u0259 uy\u011fun olaraq, D\u00f6vl\u0259t \u0130mtahan M\u0259rk\u0259zinin f\u0259aliyy\u0259tind\u0259 m\u00fcxt\u0259lif t\u0259\u015fkilatlar\u0131n, ictimai birlikl\u0259rin n\u00fcmay\u0259nd\u0259l\u0259rinin i\u015ftirak\u0131n\u0131n vacibdir. ARANTV.AZ\u00a0\u00a0Trend-\u0259 istinad\u0259n x\u0259b\u0259r verir ki,\u00a0bunu D\u00f6vl\u0259t \u0130mtahan M\u0259rk\u0259zinin (D\u0130M) Direktorlar \u015euras\u0131n\u0131n s\u0259dri M\u0259leyk\u0259 Abbaszad\u0259 Az\u0259rbaycan Valideyn-M\u00fc\u0259llim Assosiasiyas\u0131 \u0130ctimai Birliyi, Ail\u0259l\u0259rin \u0130nki\u015faf\u0131 \u00fczr\u0259 Maarifl\u0259ndirm\u0259 \u0130ctimai Birliyinin s\u0259drl\u0259ri il\u0259 g\u00f6r\u00fc\u015f\u00fcnd\u0259 deyib. M.Abbaszad\u0259 qeyd edib ki, D\u00f6vl\u0259t \u0130mtahan M\u0259rk\u0259zi h\u0259yata ke\u00e7irdiyi b\u00fct\u00fcn&hellip;","_links":{"self":[{"href":"https:\/\/arantv.az\/index.php?rest_route=\/wp\/v2\/posts\/54583"}],"collection":[{"href":"https:\/\/arantv.az\/index.php?rest_route=\/wp\/v2\/posts"}],"about":[{"href":"https:\/\/arantv.az\/index.php?rest_route=\/wp\/v2\/types\/post"}],"author":[{"embeddable":true,"href":"https:\/\/arantv.az\/index.php?rest_route=\/wp\/v2\/users\/2"}],"replies":[{"embeddable":true,"href":"https:\/\/arantv.az\/index.php?rest_route=%2Fwp%2Fv2%2Fcomments&post=54583"}],"version-history":[{"count":0,"href":"https:\/\/arantv.az\/index.php?rest_route=\/wp\/v2\/posts\/54583\/revisions"}],"wp:featuredmedia":[{"embeddable":true,"href":"https:\/\/arantv.az\/index.php?rest_route=\/wp\/v2\/media\/54584"}],"wp:attachment":[{"href":"https:\/\/arantv.az\/index.php?rest_route=%2Fwp%2Fv2%2Fmedia&parent=54583"}],"wp:term":[{"taxonomy":"category","embeddable":true,"href":"https:\/\/arantv.az\/index.php?rest_route=%2Fwp%2Fv2%2Fcategories&post=54583"},{"taxonomy":"post_tag","embeddable":true,"href":"https:\/\/arantv.az\/index.php?rest_route=%2Fwp%2Fv2%2Ftags&post=54583"}],"curies":[{"name":"wp","href":"https:\/\/api.w.org\/{rel}","templated":true}]}}