{"id":54623,"date":"2019-05-02T14:04:47","date_gmt":"2019-05-02T11:04:47","guid":{"rendered":"http:\/\/arantv.az\/?p=54623"},"modified":"2019-05-02T14:04:47","modified_gmt":"2019-05-02T11:04:47","slug":"az%c9%99rbaycanda-daim-dini-tolerantliq-hokm-surub-prezident","status":"publish","type":"post","link":"https:\/\/arantv.az\/?p=54623","title":{"rendered":"&#8220;Az\u0259rbaycanda daim dini tolerantl\u0131q h\u00f6km s\u00fcr\u00fcb&#8221; &#8211; Prezident"},"content":{"rendered":"<p>&#8220;Az\u0259rbaycanda ke\u00e7iril\u0259n silsil\u0259 beyn\u0259lxalq t\u0259dbirl\u0259r m\u00fch\u00fcm \u0259h\u0259miyy\u0259t k\u0259sb edir&#8221;<\/p>\n<p>Prezident \u0130lham \u018fliyev V D\u00fcnya M\u0259d\u0259niyy\u0259tl\u0259raras\u0131 Dialoq Forumunun a\u00e7\u0131l\u0131\u015f m\u0259rasimind\u0259ki \u00e7\u0131x\u0131\u015f\u0131nda bu m\u00f6t\u0259b\u0259r t\u0259dbir\u0259 d\u00fcnyan\u0131n 100-d\u0259n \u00e7ox \u00f6lk\u0259sind\u0259n 500-d\u0259n \u00e7ox n\u00fcmay\u0259nd\u0259nin qat\u0131ld\u0131\u011f\u0131n\u0131 bildirib.<\/p>\n<div id=\"AdviadNativeVideo0\" class=\"AdviadNativeVideo\"><\/div>\n<p>D\u00f6vl\u0259t ba\u015f\u00e7\u0131s\u0131 Az\u0259rbaycanda \u0259srl\u0259r boyunca m\u00fcxt\u0259lif dinl\u0259rin, etnik qruplar\u0131n birg\u0259 ya\u015fad\u0131\u011f\u0131n\u0131, \u00f6lk\u0259d\u0259 daim dini tolerantl\u0131\u011f\u0131n h\u00f6km s\u00fcrd\u00fcy\u00fcn\u00fc vur\u011fulay\u0131b. Respublikam\u0131zda multikulturalizmin d\u00f6vl\u0259t siyas\u0259tinin m\u00fch\u00fcm t\u0259rkib hiss\u0259si oldu\u011funu qeyd ed\u0259n Prezident \u0130lham \u018fliyev 2016-c\u0131 ilin Az\u0259rbaycanda multikulturalizm, 2017-ci ilin is\u0259 \u0130slam h\u0259mr\u0259yliyi ili elan edildiyini bildirib.<\/p>\n<p>D\u00f6vl\u0259t ba\u015f\u00e7\u0131s\u0131 qeyd edib ki, d\u00fcnyada multikulturalizmin tendensiya hal\u0131n\u0131 almas\u0131 beyn\u0259lxalq s\u0259viyy\u0259d\u0259 s\u00fclh\u0259, t\u0259r\u0259fda\u015fl\u0131\u011fa vacib t\u00f6hf\u0259 olard\u0131. Bu bax\u0131mdan, multikulturalizm v\u0259 bu y\u00f6nd\u0259 Az\u0259rbaycanda ke\u00e7iril\u0259n dig\u0259r silsil\u0259 beyn\u0259lxalq t\u0259dbirl\u0259r m\u00fch\u00fcm \u0259h\u0259miyy\u0259t k\u0259sb edir.<\/p>\n<p>D\u00f6vl\u0259t ba\u015f\u00e7\u0131s\u0131 vur\u011fulay\u0131b ki, Bak\u0131da ke\u00e7iril\u0259n n\u00f6vb\u0259ti Forum \u00e7\u0259r\u00e7iv\u0259sind\u0259 apar\u0131lacaq m\u00fczakir\u0259l\u0259r, fikir m\u00fcbadil\u0259si \u00fcmumi m\u0259qs\u0259dl\u0259r\u0259 xidm\u0259t ed\u0259c\u0259k.<\/p>\n<p>&#8220;Bak\u0131 Prosesi&#8221;nin BMT v\u0259 dig\u0259r m\u00f6t\u0259b\u0259r t\u0259\u015fkilatlar t\u0259r\u0259find\u0259 d\u0259st\u0259kl\u0259ndiyini dey\u0259n Prezident \u0130lham \u018fliyev burada q\u0259bul edil\u0259n q\u0259rarlar\u0131n \u0259h\u0259miyy\u0259td\u0259n dan\u0131\u015f\u0131b. Avropa il\u0259 Asiyan\u0131n k\u0259si\u015fm\u0259sind\u0259 yerl\u0259\u015f\u0259n Az\u0259rbaycan\u0131n m\u00fcst\u0259qillik bax\u0131m\u0131ndan g\u0259nc olmas\u0131na baxmayaraq, s\u00fcr\u0259tl\u0259 inki\u015faf etdiyini diqq\u0259t\u0259 \u00e7atd\u0131ran Prezident \u0130lham \u018fliyev d\u00f6vl\u0259t siyas\u0259tinin d\u00fcnya \u00f6lk\u0259l\u0259ri il\u0259 \u0259m\u0259kda\u015fl\u0131\u011f\u0131n v\u0259 t\u0259r\u0259fda\u015fl\u0131\u011f\u0131n geni\u015fl\u0259ndirilm\u0259sin\u0259 y\u00f6n\u0259ldiyini vur\u011fulay\u0131b.<\/p>\n","protected":false},"excerpt":{"rendered":"<p>&#8220;Az\u0259rbaycanda ke\u00e7iril\u0259n silsil\u0259 beyn\u0259lxalq t\u0259dbirl\u0259r m\u00fch\u00fcm \u0259h\u0259miyy\u0259t k\u0259sb edir&#8221; Prezident \u0130lham \u018fliyev V D\u00fcnya M\u0259d\u0259niyy\u0259tl\u0259raras\u0131 Dialoq Forumunun a\u00e7\u0131l\u0131\u015f m\u0259rasimind\u0259ki \u00e7\u0131x\u0131\u015f\u0131nda bu m\u00f6t\u0259b\u0259r t\u0259dbir\u0259 d\u00fcnyan\u0131n 100-d\u0259n \u00e7ox \u00f6lk\u0259sind\u0259n 500-d\u0259n \u00e7ox n\u00fcmay\u0259nd\u0259nin qat\u0131ld\u0131\u011f\u0131n\u0131 bildirib. D\u00f6vl\u0259t ba\u015f\u00e7\u0131s\u0131 Az\u0259rbaycanda \u0259srl\u0259r boyunca m\u00fcxt\u0259lif dinl\u0259rin, etnik qruplar\u0131n birg\u0259 ya\u015fad\u0131\u011f\u0131n\u0131, \u00f6lk\u0259d\u0259 daim dini tolerantl\u0131\u011f\u0131n h\u00f6km s\u00fcrd\u00fcy\u00fcn\u00fc vur\u011fulay\u0131b. Respublikam\u0131zda multikulturalizmin d\u00f6vl\u0259t siyas\u0259tinin m\u00fch\u00fcm t\u0259rkib hiss\u0259si oldu\u011funu qeyd ed\u0259n Prezident \u0130lham \u018fliyev 2016-c\u0131 ilin Az\u0259rbaycanda multikulturalizm, 2017-ci ilin is\u0259 \u0130slam h\u0259mr\u0259yliyi ili elan edildiyini bildirib. D\u00f6vl\u0259t ba\u015f\u00e7\u0131s\u0131 qeyd edib ki, d\u00fcnyada multikulturalizmin tendensiya hal\u0131n\u0131 almas\u0131 beyn\u0259lxalq s\u0259viyy\u0259d\u0259 s\u00fclh\u0259, t\u0259r\u0259fda\u015fl\u0131\u011fa&hellip;<\/p>\n","protected":false},"author":2,"featured_media":54624,"comment_status":"closed","ping_status":"closed","sticky":false,"template":"","format":"standard","meta":{"om_disable_all_campaigns":false,"_monsterinsights_skip_tracking":false,"_monsterinsights_sitenote_active":false,"_monsterinsights_sitenote_note":"","_monsterinsights_sitenote_category":0},"categories":[4],"tags":[],"aioseo_notices":[],"gutentor_comment":0,"rttpg_featured_image_url":{"full":["https:\/\/arantv.az\/wp-content\/uploads\/2019\/05\/1556792490prezident.jpg",549,345,false],"landscape":["https:\/\/arantv.az\/wp-content\/uploads\/2019\/05\/1556792490prezident.jpg",549,345,false],"portraits":["https:\/\/arantv.az\/wp-content\/uploads\/2019\/05\/1556792490prezident.jpg",549,345,false],"thumbnail":["https:\/\/arantv.az\/wp-content\/uploads\/2019\/05\/1556792490prezident-150x150.jpg",150,150,true],"medium":["https:\/\/arantv.az\/wp-content\/uploads\/2019\/05\/1556792490prezident-300x189.jpg",300,189,true],"large":["https:\/\/arantv.az\/wp-content\/uploads\/2019\/05\/1556792490prezident.jpg",549,345,false],"1536x1536":["https:\/\/arantv.az\/wp-content\/uploads\/2019\/05\/1556792490prezident.jpg",549,345,false],"2048x2048":["https:\/\/arantv.az\/wp-content\/uploads\/2019\/05\/1556792490prezident.jpg",549,345,false],"post-thumbnail":["https:\/\/arantv.az\/wp-content\/uploads\/2019\/05\/1556792490prezident-240x172.jpg",240,172,true],"advps-thumb-one":["https:\/\/arantv.az\/wp-content\/uploads\/2019\/05\/1556792490prezident.jpg",549,345,false]},"rttpg_author":{"display_name":"V\u00fcsal Rafiqo\u011flu","author_link":"https:\/\/arantv.az\/?author=2"},"rttpg_comment":0,"rttpg_category":"<a href=\"https:\/\/arantv.az\/?cat=4\" rel=\"category\">Siyas\u0259t<\/a>","rttpg_excerpt":"&#8220;Az\u0259rbaycanda ke\u00e7iril\u0259n silsil\u0259 beyn\u0259lxalq t\u0259dbirl\u0259r m\u00fch\u00fcm \u0259h\u0259miyy\u0259t k\u0259sb edir&#8221; Prezident \u0130lham \u018fliyev V D\u00fcnya M\u0259d\u0259niyy\u0259tl\u0259raras\u0131 Dialoq Forumunun a\u00e7\u0131l\u0131\u015f m\u0259rasimind\u0259ki \u00e7\u0131x\u0131\u015f\u0131nda bu m\u00f6t\u0259b\u0259r t\u0259dbir\u0259 d\u00fcnyan\u0131n 100-d\u0259n \u00e7ox \u00f6lk\u0259sind\u0259n 500-d\u0259n \u00e7ox n\u00fcmay\u0259nd\u0259nin qat\u0131ld\u0131\u011f\u0131n\u0131 bildirib. D\u00f6vl\u0259t ba\u015f\u00e7\u0131s\u0131 Az\u0259rbaycanda \u0259srl\u0259r boyunca m\u00fcxt\u0259lif dinl\u0259rin, etnik qruplar\u0131n birg\u0259 ya\u015fad\u0131\u011f\u0131n\u0131, \u00f6lk\u0259d\u0259 daim dini tolerantl\u0131\u011f\u0131n h\u00f6km s\u00fcrd\u00fcy\u00fcn\u00fc vur\u011fulay\u0131b. Respublikam\u0131zda multikulturalizmin d\u00f6vl\u0259t siyas\u0259tinin m\u00fch\u00fcm&hellip;","_links":{"self":[{"href":"https:\/\/arantv.az\/index.php?rest_route=\/wp\/v2\/posts\/54623"}],"collection":[{"href":"https:\/\/arantv.az\/index.php?rest_route=\/wp\/v2\/posts"}],"about":[{"href":"https:\/\/arantv.az\/index.php?rest_route=\/wp\/v2\/types\/post"}],"author":[{"embeddable":true,"href":"https:\/\/arantv.az\/index.php?rest_route=\/wp\/v2\/users\/2"}],"replies":[{"embeddable":true,"href":"https:\/\/arantv.az\/index.php?rest_route=%2Fwp%2Fv2%2Fcomments&post=54623"}],"version-history":[{"count":0,"href":"https:\/\/arantv.az\/index.php?rest_route=\/wp\/v2\/posts\/54623\/revisions"}],"wp:featuredmedia":[{"embeddable":true,"href":"https:\/\/arantv.az\/index.php?rest_route=\/wp\/v2\/media\/54624"}],"wp:attachment":[{"href":"https:\/\/arantv.az\/index.php?rest_route=%2Fwp%2Fv2%2Fmedia&parent=54623"}],"wp:term":[{"taxonomy":"category","embeddable":true,"href":"https:\/\/arantv.az\/index.php?rest_route=%2Fwp%2Fv2%2Fcategories&post=54623"},{"taxonomy":"post_tag","embeddable":true,"href":"https:\/\/arantv.az\/index.php?rest_route=%2Fwp%2Fv2%2Ftags&post=54623"}],"curies":[{"name":"wp","href":"https:\/\/api.w.org\/{rel}","templated":true}]}}