{"id":54626,"date":"2019-05-02T14:06:06","date_gmt":"2019-05-02T11:06:06","guid":{"rendered":"http:\/\/arantv.az\/?p=54626"},"modified":"2019-05-02T14:06:06","modified_gmt":"2019-05-02T11:06:06","slug":"%c9%99bdul%c9%99ziz-osman-mehriban-%c9%99liyevanin-humanitar-sah%c9%99d%c9%99ki-f%c9%99aliyy%c9%99ti-dunyada-xanimlar-ucun-goz%c9%99l-numun%c9%99dir","status":"publish","type":"post","link":"https:\/\/arantv.az\/?p=54626","title":{"rendered":"\u018fbd\u00fcl\u0259ziz Osman: Mehriban \u018fliyevan\u0131n humanitar sah\u0259d\u0259ki f\u0259aliyy\u0259ti d\u00fcnyada xan\u0131mlar \u00fc\u00e7\u00fcn g\u00f6z\u0259l n\u00fcmun\u0259dir"},"content":{"rendered":"<p><strong>\u201cBak\u0131 Prosesi\u201dnin t\u0259rkib hiss\u0259si olan \u00dcmumd\u00fcnya M\u0259d\u0259niyy\u0259tl\u0259raras\u0131 Dialoq Forumu d\u00fcnyan\u0131n m\u00fcxt\u0259lif m\u0259d\u0259niyy\u0259tl\u0259ri v\u0259 dinl\u0259ri aras\u0131nda qar\u015f\u0131l\u0131ql\u0131 anla\u015fma v\u0259 \u0259m\u0259kda\u015fl\u0131\u011f\u0131n t\u0259min olunmas\u0131 bax\u0131m\u0131ndan g\u00f6z\u0259l platformad\u0131r.<\/strong><\/p>\n<p>Bu fikirl\u0259ri \u201cAyr\u0131-se\u00e7kilik, qeyri-b\u0259rab\u0259rlik v\u0259 zorak\u0131 m\u00fcnaqi\u015f\u0259y\u0259 qar\u015f\u0131 f\u0259aliyy\u0259t namin\u0259 dialoq quraq\u201d \u015f\u00fcar\u0131 alt\u0131nda Bak\u0131da ke\u00e7iril\u0259n V \u00dcmumd\u00fcnya M\u0259d\u0259niyy\u0259tl\u0259raras\u0131 Dialoq Forumunun i\u015ftirak\u00e7\u0131s\u0131 \u0130slam T\u0259hsil, Elm v\u0259 M\u0259d\u0259niyy\u0259t T\u0259\u015fkilat\u0131n\u0131n (ISESCO) Ba\u015f direktoru \u018fbd\u00fcl\u0259ziz Osman \u018fl-T\u00fcveycri deyib.<\/p>\n<p>\u201c2011-ci ild\u0259n ke\u00e7irilm\u0259y\u0259 ba\u015flayan bu Forumun u\u011furlu olmas\u0131n\u0131n \u0259sas s\u0259b\u0259bi Az\u0259rbaycan r\u0259hb\u0259rliyinin \u00f6lk\u0259l\u0259r aras\u0131nda dialoq, s\u00fclh, qar\u015f\u0131l\u0131ql\u0131 anlay\u0131\u015f kimi d\u0259y\u0259rl\u0259r\u0259, el\u0259c\u0259 d\u0259 m\u00fcxt\u0259lif m\u0259d\u0259niyy\u0259tl\u0259r v\u0259 dinl\u0259r aras\u0131nda dostluq m\u00fchitinin yarad\u0131lmas\u0131na sadiqliyidir. M\u0259hz bu d\u0259y\u0259rl\u0259r m\u0259d\u0259niyy\u0259t v\u0259 dinl\u0259r aras\u0131nda m\u00f6vcud anla\u015f\u0131lmazl\u0131qlar\u0131 aradan qald\u0131rma\u011fa k\u00f6m\u0259k edir. \u018fmin\u0259m ki, \u201cBak\u0131 Prosesi\u201d xalqlar aras\u0131nda \u0259m\u0259kda\u015fl\u0131q v\u0259 anla\u015fman\u0131n m\u00f6hk\u0259ml\u0259ndirilm\u0259sini t\u0259min ed\u0259c\u0259k, h\u0259min m\u0259d\u0259niyy\u0259ti formala\u015fd\u0131rma\u011fa t\u0259kan ver\u0259c\u0259k. T\u0259msil etdiyim ISESKO t\u0259\u015fkilat\u0131n\u0131n da bu Forumun t\u0259\u015fkilat\u00e7\u0131lar\u0131ndan biri oldu\u011funa g\u00f6r\u0259 q\u00fcrur duyuram\u201d, &#8211; dey\u0259 \u018fbd\u00fcl\u0259ziz Osman \u018fl-T\u00fcveycri bildirib.<\/p>\n<p>Az\u0259rbaycan Respublikas\u0131n\u0131n Birinci vitse-prezidenti, Heyd\u0259r \u018fliyev Fondunun prezidenti, UNESCO v\u0259 ISESCO-nun xo\u015fm\u0259raml\u0131 s\u0259firi Mehriban \u018fliyevan\u0131n b\u0259\u015f\u0259riyy\u0259t\u0259 xidm\u0259t ed\u0259n bir \u00e7ox t\u0259dbirl\u0259rin f\u0259al i\u015ftirak\u00e7\u0131s\u0131 olmas\u0131n\u0131, eyni zamanda, bu t\u0259dbirl\u0259rin ke\u00e7irilm\u0259si istiqam\u0259tind\u0259ki t\u00f6hf\u0259l\u0259rini y\u00fcks\u0259k qiym\u0259tl\u0259ndir\u0259n ISESCO-nun Ba\u015f direktoru deyib: \u201cBirinci vitse-prezident Mehriban \u018fliyeva n\u0259inki \u00f6lk\u0259 daxilind\u0259 ke\u00e7iril\u0259n, h\u0259m\u00e7inin regional v\u0259 beyn\u0259lxalq s\u0259viyy\u0259li t\u0259dbirl\u0259rin f\u0259al i\u015ftirak\u00e7\u0131s\u0131d\u0131r. Onun humanitar sah\u0259d\u0259ki f\u0259aliyy\u0259ti, ehtiyac\u0131 olan insanlara g\u00f6st\u0259rdiyi diqq\u0259t v\u0259 qay\u011f\u0131 n\u0259inki \u0130slam \u00f6lk\u0259l\u0259rind\u0259, h\u0259tta b\u00fct\u00fcn d\u00fcnyada xan\u0131mlar\u0131n bu z\u0259ngin t\u0259cr\u00fcb\u0259d\u0259n yararlanmas\u0131 \u00fc\u00e7\u00fcn g\u00f6z\u0259l n\u00fcmun\u0259dir\u201d.<\/p>\n","protected":false},"excerpt":{"rendered":"<p>\u201cBak\u0131 Prosesi\u201dnin t\u0259rkib hiss\u0259si olan \u00dcmumd\u00fcnya M\u0259d\u0259niyy\u0259tl\u0259raras\u0131 Dialoq Forumu d\u00fcnyan\u0131n m\u00fcxt\u0259lif m\u0259d\u0259niyy\u0259tl\u0259ri v\u0259 dinl\u0259ri aras\u0131nda qar\u015f\u0131l\u0131ql\u0131 anla\u015fma v\u0259 \u0259m\u0259kda\u015fl\u0131\u011f\u0131n t\u0259min olunmas\u0131 bax\u0131m\u0131ndan g\u00f6z\u0259l platformad\u0131r. Bu fikirl\u0259ri \u201cAyr\u0131-se\u00e7kilik, qeyri-b\u0259rab\u0259rlik v\u0259 zorak\u0131 m\u00fcnaqi\u015f\u0259y\u0259 qar\u015f\u0131 f\u0259aliyy\u0259t namin\u0259 dialoq quraq\u201d \u015f\u00fcar\u0131 alt\u0131nda Bak\u0131da ke\u00e7iril\u0259n V \u00dcmumd\u00fcnya M\u0259d\u0259niyy\u0259tl\u0259raras\u0131 Dialoq Forumunun i\u015ftirak\u00e7\u0131s\u0131 \u0130slam T\u0259hsil, Elm v\u0259 M\u0259d\u0259niyy\u0259t T\u0259\u015fkilat\u0131n\u0131n (ISESCO) Ba\u015f direktoru \u018fbd\u00fcl\u0259ziz Osman \u018fl-T\u00fcveycri deyib. \u201c2011-ci ild\u0259n ke\u00e7irilm\u0259y\u0259 ba\u015flayan bu Forumun u\u011furlu olmas\u0131n\u0131n \u0259sas s\u0259b\u0259bi Az\u0259rbaycan r\u0259hb\u0259rliyinin \u00f6lk\u0259l\u0259r aras\u0131nda dialoq, s\u00fclh, qar\u015f\u0131l\u0131ql\u0131 anlay\u0131\u015f kimi d\u0259y\u0259rl\u0259r\u0259, el\u0259c\u0259 d\u0259 m\u00fcxt\u0259lif m\u0259d\u0259niyy\u0259tl\u0259r v\u0259 dinl\u0259r aras\u0131nda dostluq m\u00fchitinin yarad\u0131lmas\u0131na sadiqliyidir.&hellip;<\/p>\n","protected":false},"author":2,"featured_media":54627,"comment_status":"closed","ping_status":"closed","sticky":false,"template":"","format":"standard","meta":{"om_disable_all_campaigns":false,"_monsterinsights_skip_tracking":false,"_monsterinsights_sitenote_active":false,"_monsterinsights_sitenote_note":"","_monsterinsights_sitenote_category":0},"categories":[4],"tags":[],"aioseo_notices":[],"gutentor_comment":0,"rttpg_featured_image_url":{"full":["https:\/\/arantv.az\/wp-content\/uploads\/2019\/05\/mehriban.jpg",800,450,false],"landscape":["https:\/\/arantv.az\/wp-content\/uploads\/2019\/05\/mehriban.jpg",800,450,false],"portraits":["https:\/\/arantv.az\/wp-content\/uploads\/2019\/05\/mehriban.jpg",800,450,false],"thumbnail":["https:\/\/arantv.az\/wp-content\/uploads\/2019\/05\/mehriban-150x150.jpg",150,150,true],"medium":["https:\/\/arantv.az\/wp-content\/uploads\/2019\/05\/mehriban-300x169.jpg",300,169,true],"large":["https:\/\/arantv.az\/wp-content\/uploads\/2019\/05\/mehriban.jpg",640,360,false],"1536x1536":["https:\/\/arantv.az\/wp-content\/uploads\/2019\/05\/mehriban.jpg",800,450,false],"2048x2048":["https:\/\/arantv.az\/wp-content\/uploads\/2019\/05\/mehriban.jpg",800,450,false],"post-thumbnail":["https:\/\/arantv.az\/wp-content\/uploads\/2019\/05\/mehriban-240x172.jpg",240,172,true],"advps-thumb-one":["https:\/\/arantv.az\/wp-content\/uploads\/2019\/05\/mehriban.jpg",800,450,false]},"rttpg_author":{"display_name":"V\u00fcsal Rafiqo\u011flu","author_link":"https:\/\/arantv.az\/?author=2"},"rttpg_comment":0,"rttpg_category":"<a href=\"https:\/\/arantv.az\/?cat=4\" rel=\"category\">Siyas\u0259t<\/a>","rttpg_excerpt":"\u201cBak\u0131 Prosesi\u201dnin t\u0259rkib hiss\u0259si olan \u00dcmumd\u00fcnya M\u0259d\u0259niyy\u0259tl\u0259raras\u0131 Dialoq Forumu d\u00fcnyan\u0131n m\u00fcxt\u0259lif m\u0259d\u0259niyy\u0259tl\u0259ri v\u0259 dinl\u0259ri aras\u0131nda qar\u015f\u0131l\u0131ql\u0131 anla\u015fma v\u0259 \u0259m\u0259kda\u015fl\u0131\u011f\u0131n t\u0259min olunmas\u0131 bax\u0131m\u0131ndan g\u00f6z\u0259l platformad\u0131r. Bu fikirl\u0259ri \u201cAyr\u0131-se\u00e7kilik, qeyri-b\u0259rab\u0259rlik v\u0259 zorak\u0131 m\u00fcnaqi\u015f\u0259y\u0259 qar\u015f\u0131 f\u0259aliyy\u0259t namin\u0259 dialoq quraq\u201d \u015f\u00fcar\u0131 alt\u0131nda Bak\u0131da ke\u00e7iril\u0259n V \u00dcmumd\u00fcnya M\u0259d\u0259niyy\u0259tl\u0259raras\u0131 Dialoq Forumunun i\u015ftirak\u00e7\u0131s\u0131 \u0130slam T\u0259hsil, Elm v\u0259 M\u0259d\u0259niyy\u0259t T\u0259\u015fkilat\u0131n\u0131n (ISESCO) Ba\u015f direktoru&hellip;","_links":{"self":[{"href":"https:\/\/arantv.az\/index.php?rest_route=\/wp\/v2\/posts\/54626"}],"collection":[{"href":"https:\/\/arantv.az\/index.php?rest_route=\/wp\/v2\/posts"}],"about":[{"href":"https:\/\/arantv.az\/index.php?rest_route=\/wp\/v2\/types\/post"}],"author":[{"embeddable":true,"href":"https:\/\/arantv.az\/index.php?rest_route=\/wp\/v2\/users\/2"}],"replies":[{"embeddable":true,"href":"https:\/\/arantv.az\/index.php?rest_route=%2Fwp%2Fv2%2Fcomments&post=54626"}],"version-history":[{"count":0,"href":"https:\/\/arantv.az\/index.php?rest_route=\/wp\/v2\/posts\/54626\/revisions"}],"wp:featuredmedia":[{"embeddable":true,"href":"https:\/\/arantv.az\/index.php?rest_route=\/wp\/v2\/media\/54627"}],"wp:attachment":[{"href":"https:\/\/arantv.az\/index.php?rest_route=%2Fwp%2Fv2%2Fmedia&parent=54626"}],"wp:term":[{"taxonomy":"category","embeddable":true,"href":"https:\/\/arantv.az\/index.php?rest_route=%2Fwp%2Fv2%2Fcategories&post=54626"},{"taxonomy":"post_tag","embeddable":true,"href":"https:\/\/arantv.az\/index.php?rest_route=%2Fwp%2Fv2%2Ftags&post=54626"}],"curies":[{"name":"wp","href":"https:\/\/api.w.org\/{rel}","templated":true}]}}