{"id":54632,"date":"2019-05-02T14:16:51","date_gmt":"2019-05-02T11:16:51","guid":{"rendered":"http:\/\/arantv.az\/?p=54632"},"modified":"2019-05-02T14:16:51","modified_gmt":"2019-05-02T11:16:51","slug":"%c9%99bulf%c9%99s-qarayev-az%c9%99rbaycan-dunyada-m%c9%99d%c9%99niyy%c9%99tl%c9%99rarasi-dialoqun-qurulumasina-muhum-tohf%c9%99-verir","status":"publish","type":"post","link":"https:\/\/arantv.az\/?p=54632","title":{"rendered":"\u018fb\u00fclf\u0259s Qarayev: &#8220;Az\u0259rbaycan d\u00fcnyada m\u0259d\u0259niyy\u0259tl\u0259raras\u0131 dialoqun qurulumas\u0131na m\u00fch\u00fcm t\u00f6hf\u0259 verir&#8221;"},"content":{"rendered":"<p>&#8220;Az\u0259rbaycan d\u00fcnyada m\u0259d\u0259niyy\u0259tl\u0259raras\u0131 dialoqun qurulumas\u0131na m\u00fch\u00fcm t\u00f6hf\u0259 verir&#8221;.<\/p>\n<p><strong>ARANTV.AZ<\/strong>\u00a0<a href=\"https:\/\/az.trend.az\/\" target=\"_blank\" rel=\"noopener\"><span style=\"color: #000000;\">Trend<\/span><\/a>-\u0259 istinad\u0259n x\u0259b\u0259r verir ki, bunu m\u0259d\u0259niyy\u0259t v\u0259 turizm naziri \u018fb\u00fclf\u0259s Qarayev Bak\u0131da ke\u00e7iril\u0259n V \u00dcmumd\u00fcnya M\u0259d\u0259niyy\u0259tl\u0259raras\u0131 Dialoq Forumu \u00e7\u0259r\u00e7iv\u0259sind\u0259 nazirl\u0259rin g\u00f6r\u00fc\u015f\u00fc zaman deyib<\/p>\n<p>\u018f.Qarayev bildirib ki, Az\u0259rbaycan\u0131n qlobal \u0259h\u0259miyy\u0259t k\u0259sb ed\u0259n beyn\u0259lxalq t\u0259dbirl\u0259r\u0259 ev sahibliyi etm\u0259si bir \u0259n\u0259n\u0259 hal\u0131na \u00e7evrilib. Nazirin s\u00f6zl\u0259rin\u0259 g\u00f6r\u0259, Az\u0259rbaycan\u0131n bu f\u0259aliyy\u0259ti beyn\u0259lxalq t\u0259\u015fkilatlar t\u0259r\u0259find\u0259n d\u0259 y\u00fcks\u0259k qiym\u0259tl\u0259ndirilir:<\/p>\n<p>&#8220;BMT-nin Ba\u015f katibi bizim bu forumu m\u0259d\u0259niyy\u0259tl\u0259raras\u0131 dialoq \u00fc\u00e7\u00fcn m\u00fch\u00fcm platforma adland\u0131r\u0131b. Bundan \u0259vv\u0259l Bak\u0131da ke\u00e7iril\u0259n son 4 forum da dinl\u0259rin rolu, dayan\u0131ql\u0131 inki\u015faf, t\u0259hl\u00fck\u0259sizlik kimi m\u00fch\u00fcm m\u00f6vzular\u0131 \u0259hat\u0259 edib&#8221;.<\/p>\n<p>\u018f.Qarayev vur\u011fulay\u0131b ki, m\u0259d\u0259niyy\u0259tl\u0259raras\u0131 dialoq \u015e\u0259rql\u0259 Q\u0259rb, \u015eimalla C\u0259nub aras\u0131nda \u0259laq\u0259l\u0259rin qurulmas\u0131na m\u00fch\u00fcm t\u00f6hf\u0259 verir:<\/p>\n<div id=\"AdviadNativeVideo0\" class=\"AdviadNativeVideo\"><\/div>\n<p>&#8220;Az\u0259rbaycan bundan sonra da m\u0259d\u0259niyy\u0259tl\u0259raras\u0131 dialoqa t\u00f6hf\u0259 verm\u0259kd\u0259 davam ed\u0259c\u0259k&#8221;.<\/p>\n","protected":false},"excerpt":{"rendered":"<p>&#8220;Az\u0259rbaycan d\u00fcnyada m\u0259d\u0259niyy\u0259tl\u0259raras\u0131 dialoqun qurulumas\u0131na m\u00fch\u00fcm t\u00f6hf\u0259 verir&#8221;. ARANTV.AZ\u00a0Trend-\u0259 istinad\u0259n x\u0259b\u0259r verir ki, bunu m\u0259d\u0259niyy\u0259t v\u0259 turizm naziri \u018fb\u00fclf\u0259s Qarayev Bak\u0131da ke\u00e7iril\u0259n V \u00dcmumd\u00fcnya M\u0259d\u0259niyy\u0259tl\u0259raras\u0131 Dialoq Forumu \u00e7\u0259r\u00e7iv\u0259sind\u0259 nazirl\u0259rin g\u00f6r\u00fc\u015f\u00fc zaman deyib \u018f.Qarayev bildirib ki, Az\u0259rbaycan\u0131n qlobal \u0259h\u0259miyy\u0259t k\u0259sb ed\u0259n beyn\u0259lxalq t\u0259dbirl\u0259r\u0259 ev sahibliyi etm\u0259si bir \u0259n\u0259n\u0259 hal\u0131na \u00e7evrilib. Nazirin s\u00f6zl\u0259rin\u0259 g\u00f6r\u0259, Az\u0259rbaycan\u0131n bu f\u0259aliyy\u0259ti beyn\u0259lxalq t\u0259\u015fkilatlar t\u0259r\u0259find\u0259n d\u0259 y\u00fcks\u0259k qiym\u0259tl\u0259ndirilir: &#8220;BMT-nin Ba\u015f katibi bizim bu forumu m\u0259d\u0259niyy\u0259tl\u0259raras\u0131 dialoq \u00fc\u00e7\u00fcn m\u00fch\u00fcm platforma adland\u0131r\u0131b. Bundan \u0259vv\u0259l Bak\u0131da ke\u00e7iril\u0259n son 4 forum da dinl\u0259rin rolu, dayan\u0131ql\u0131 inki\u015faf, t\u0259hl\u00fck\u0259sizlik kimi m\u00fch\u00fcm m\u00f6vzular\u0131 \u0259hat\u0259&hellip;<\/p>\n","protected":false},"author":2,"featured_media":54633,"comment_status":"closed","ping_status":"closed","sticky":false,"template":"","format":"standard","meta":{"om_disable_all_campaigns":false,"_monsterinsights_skip_tracking":false,"_monsterinsights_sitenote_active":false,"_monsterinsights_sitenote_note":"","_monsterinsights_sitenote_category":0},"categories":[1],"tags":[],"aioseo_notices":[],"gutentor_comment":0,"rttpg_featured_image_url":{"full":["https:\/\/arantv.az\/wp-content\/uploads\/2019\/05\/751600.jpg",1200,900,false],"landscape":["https:\/\/arantv.az\/wp-content\/uploads\/2019\/05\/751600.jpg",1200,900,false],"portraits":["https:\/\/arantv.az\/wp-content\/uploads\/2019\/05\/751600.jpg",1200,900,false],"thumbnail":["https:\/\/arantv.az\/wp-content\/uploads\/2019\/05\/751600-150x150.jpg",150,150,true],"medium":["https:\/\/arantv.az\/wp-content\/uploads\/2019\/05\/751600-300x225.jpg",300,225,true],"large":["https:\/\/arantv.az\/wp-content\/uploads\/2019\/05\/751600-1024x768.jpg",640,480,true],"1536x1536":["https:\/\/arantv.az\/wp-content\/uploads\/2019\/05\/751600.jpg",1200,900,false],"2048x2048":["https:\/\/arantv.az\/wp-content\/uploads\/2019\/05\/751600.jpg",1200,900,false],"post-thumbnail":["https:\/\/arantv.az\/wp-content\/uploads\/2019\/05\/751600-240x172.jpg",240,172,true],"advps-thumb-one":["https:\/\/arantv.az\/wp-content\/uploads\/2019\/05\/751600-1200x620.jpg",1200,620,true]},"rttpg_author":{"display_name":"V\u00fcsal Rafiqo\u011flu","author_link":"https:\/\/arantv.az\/?author=2"},"rttpg_comment":0,"rttpg_category":"<a href=\"https:\/\/arantv.az\/?cat=1\" rel=\"category\">C\u0259miyy\u0259t<\/a>","rttpg_excerpt":"&#8220;Az\u0259rbaycan d\u00fcnyada m\u0259d\u0259niyy\u0259tl\u0259raras\u0131 dialoqun qurulumas\u0131na m\u00fch\u00fcm t\u00f6hf\u0259 verir&#8221;. ARANTV.AZ\u00a0Trend-\u0259 istinad\u0259n x\u0259b\u0259r verir ki, bunu m\u0259d\u0259niyy\u0259t v\u0259 turizm naziri \u018fb\u00fclf\u0259s Qarayev Bak\u0131da ke\u00e7iril\u0259n V \u00dcmumd\u00fcnya M\u0259d\u0259niyy\u0259tl\u0259raras\u0131 Dialoq Forumu \u00e7\u0259r\u00e7iv\u0259sind\u0259 nazirl\u0259rin g\u00f6r\u00fc\u015f\u00fc zaman deyib \u018f.Qarayev bildirib ki, Az\u0259rbaycan\u0131n qlobal \u0259h\u0259miyy\u0259t k\u0259sb ed\u0259n beyn\u0259lxalq t\u0259dbirl\u0259r\u0259 ev sahibliyi etm\u0259si bir \u0259n\u0259n\u0259 hal\u0131na \u00e7evrilib. Nazirin s\u00f6zl\u0259rin\u0259 g\u00f6r\u0259, Az\u0259rbaycan\u0131n bu f\u0259aliyy\u0259ti&hellip;","_links":{"self":[{"href":"https:\/\/arantv.az\/index.php?rest_route=\/wp\/v2\/posts\/54632"}],"collection":[{"href":"https:\/\/arantv.az\/index.php?rest_route=\/wp\/v2\/posts"}],"about":[{"href":"https:\/\/arantv.az\/index.php?rest_route=\/wp\/v2\/types\/post"}],"author":[{"embeddable":true,"href":"https:\/\/arantv.az\/index.php?rest_route=\/wp\/v2\/users\/2"}],"replies":[{"embeddable":true,"href":"https:\/\/arantv.az\/index.php?rest_route=%2Fwp%2Fv2%2Fcomments&post=54632"}],"version-history":[{"count":0,"href":"https:\/\/arantv.az\/index.php?rest_route=\/wp\/v2\/posts\/54632\/revisions"}],"wp:featuredmedia":[{"embeddable":true,"href":"https:\/\/arantv.az\/index.php?rest_route=\/wp\/v2\/media\/54633"}],"wp:attachment":[{"href":"https:\/\/arantv.az\/index.php?rest_route=%2Fwp%2Fv2%2Fmedia&parent=54632"}],"wp:term":[{"taxonomy":"category","embeddable":true,"href":"https:\/\/arantv.az\/index.php?rest_route=%2Fwp%2Fv2%2Fcategories&post=54632"},{"taxonomy":"post_tag","embeddable":true,"href":"https:\/\/arantv.az\/index.php?rest_route=%2Fwp%2Fv2%2Ftags&post=54632"}],"curies":[{"name":"wp","href":"https:\/\/api.w.org\/{rel}","templated":true}]}}