{"id":54641,"date":"2019-05-02T14:38:32","date_gmt":"2019-05-02T11:38:32","guid":{"rendered":"http:\/\/arantv.az\/?p=54641"},"modified":"2019-05-02T14:38:32","modified_gmt":"2019-05-02T11:38:32","slug":"prezident-ilham-%c9%99liyev-islam-%c9%99m%c9%99kdasliq-t%c9%99skilatinin-bas-katibini-q%c9%99bul-edib","status":"publish","type":"post","link":"https:\/\/arantv.az\/?p=54641","title":{"rendered":"Prezident \u0130lham \u018fliyev \u0130slam \u018fm\u0259kda\u015fl\u0131q T\u0259\u015fkilat\u0131n\u0131n Ba\u015f katibini q\u0259bul edib"},"content":{"rendered":"<p>Az\u0259rbaycan Respublikas\u0131n\u0131n Prezidenti \u0130lham \u018fliyev may\u0131n 2-d\u0259 \u0130slam \u018fm\u0259kda\u015fl\u0131q T\u0259\u015fkilat\u0131n\u0131n Ba\u015f katibi Yusif bin \u018fhm\u0259d \u018fl-Osaymini q\u0259bul edib.<\/p>\n<p><strong>ARANTV.AZ<\/strong> az\u0259rtac-a istinad\u0259n x\u0259b\u0259r verir ki, \u0130slam \u018fm\u0259kda\u015fl\u0131q T\u0259\u015fkilat\u0131n\u0131n Ba\u015f katibi Yusif bin \u018fhm\u0259d \u018fl-Osaymi V \u00dcmumd\u00fcnya M\u0259d\u0259niyy\u0259tl\u0259raras\u0131 Dialoq Forumunun \u0259h\u0259miyy\u0259tini qeyd ed\u0259r\u0259k &#8220;Bak\u0131 prosesi&#8221;nin art\u0131q t\u0259sisatlanm\u0131\u015f bir mexanizm\u0259 \u00e7evrildiyini s\u00f6yl\u0259di. Bu g\u00fcn Az\u0259rbaycan\u0131n n\u0259qliyyat qov\u015fa\u011f\u0131 olmaqla yana\u015f\u0131, dialoq v\u0259 \u0259m\u0259kda\u015fl\u0131\u011f\u0131n da qov\u015fa\u011f\u0131na \u00e7evrildiyini qeyd ed\u0259n Yusif bin \u018fhm\u0259d \u018fl-Osaymin Az\u0259rbaycan\u0131 dinc birg\u0259 ya\u015fay\u0131\u015f\u0131n r\u0259mzi kimi xarakteriz\u0259 etdi.<\/p>\n<p>\u0130slam \u018fm\u0259kda\u015fl\u0131q T\u0259\u015fkilat\u0131n\u0131n Ba\u015f katibin\u0259 Forumda i\u015ftirak\u0131na g\u00f6r\u0259 t\u0259\u015f\u0259kk\u00fcr\u00fcn\u00fc bildir\u0259n Prezident \u0130lham \u018fliyev qona\u011f\u0131n Forumun a\u00e7\u0131l\u0131\u015f m\u0259rasimind\u0259 s\u00f6yl\u0259diyi fikirl\u0259rin \u0259h\u0259miyy\u0259tini vur\u011fulad\u0131. D\u00f6vl\u0259timizin ba\u015f\u00e7\u0131s\u0131 &#8220;Bak\u0131 prosesi&#8221;nin m\u00fch\u00fcm beyn\u0259lxalq platforma oldu\u011funu dedi. Bu prosesin 10 ild\u0259n art\u0131q davam etdiyini v\u0259 bu g\u00fcn d\u00fcnyada m\u0259d\u0259niyy\u0259tl\u0259raras\u0131 \u0259laq\u0259l\u0259rin v\u0259 dinl\u0259raras\u0131 \u0259m\u0259kda\u015fl\u0131\u011f\u0131n qurulmas\u0131nda \u0259n s\u0259m\u0259r\u0259li mexanizml\u0259rd\u0259n biri kimi tan\u0131nd\u0131\u011f\u0131n\u0131 diqq\u0259t\u0259 \u00e7atd\u0131rd\u0131.<\/p>\n<p>G\u00f6r\u00fc\u015fd\u0259 \u0130slam d\u00fcnyas\u0131nda birliyin v\u0259 h\u0259mr\u0259yliyin vacibliyi qeyd olundu v\u0259 Az\u0259rbaycan\u0131n bu istiqam\u0259td\u0259 g\u00f6rd\u00fcy\u00fc i\u015fl\u0259r t\u0259qdir edildi, \u0130slam \u018fm\u0259kda\u015fl\u0131q T\u0259\u015fkilat\u0131n\u0131n g\u00fcnd\u0259liyind\u0259 duran m\u0259s\u0259l\u0259l\u0259r\u0259 dair fikir m\u00fcbadil\u0259si apar\u0131ld\u0131.<\/p>\n","protected":false},"excerpt":{"rendered":"<p>Az\u0259rbaycan Respublikas\u0131n\u0131n Prezidenti \u0130lham \u018fliyev may\u0131n 2-d\u0259 \u0130slam \u018fm\u0259kda\u015fl\u0131q T\u0259\u015fkilat\u0131n\u0131n Ba\u015f katibi Yusif bin \u018fhm\u0259d \u018fl-Osaymini q\u0259bul edib. ARANTV.AZ az\u0259rtac-a istinad\u0259n x\u0259b\u0259r verir ki, \u0130slam \u018fm\u0259kda\u015fl\u0131q T\u0259\u015fkilat\u0131n\u0131n Ba\u015f katibi Yusif bin \u018fhm\u0259d \u018fl-Osaymi V \u00dcmumd\u00fcnya M\u0259d\u0259niyy\u0259tl\u0259raras\u0131 Dialoq Forumunun \u0259h\u0259miyy\u0259tini qeyd ed\u0259r\u0259k &#8220;Bak\u0131 prosesi&#8221;nin art\u0131q t\u0259sisatlanm\u0131\u015f bir mexanizm\u0259 \u00e7evrildiyini s\u00f6yl\u0259di. Bu g\u00fcn Az\u0259rbaycan\u0131n n\u0259qliyyat qov\u015fa\u011f\u0131 olmaqla yana\u015f\u0131, dialoq v\u0259 \u0259m\u0259kda\u015fl\u0131\u011f\u0131n da qov\u015fa\u011f\u0131na \u00e7evrildiyini qeyd ed\u0259n Yusif bin \u018fhm\u0259d \u018fl-Osaymin Az\u0259rbaycan\u0131 dinc birg\u0259 ya\u015fay\u0131\u015f\u0131n r\u0259mzi kimi xarakteriz\u0259 etdi. \u0130slam \u018fm\u0259kda\u015fl\u0131q T\u0259\u015fkilat\u0131n\u0131n Ba\u015f katibin\u0259 Forumda i\u015ftirak\u0131na g\u00f6r\u0259 t\u0259\u015f\u0259kk\u00fcr\u00fcn\u00fc bildir\u0259n Prezident \u0130lham \u018fliyev qona\u011f\u0131n&hellip;<\/p>\n","protected":false},"author":2,"featured_media":54642,"comment_status":"closed","ping_status":"closed","sticky":false,"template":"","format":"standard","meta":{"om_disable_all_campaigns":false,"_monsterinsights_skip_tracking":false,"_monsterinsights_sitenote_active":false,"_monsterinsights_sitenote_note":"","_monsterinsights_sitenote_category":0},"categories":[4],"tags":[],"aioseo_notices":[],"gutentor_comment":0,"rttpg_featured_image_url":{"full":["https:\/\/arantv.az\/wp-content\/uploads\/2019\/05\/751635.jpg",976,669,false],"landscape":["https:\/\/arantv.az\/wp-content\/uploads\/2019\/05\/751635.jpg",976,669,false],"portraits":["https:\/\/arantv.az\/wp-content\/uploads\/2019\/05\/751635.jpg",976,669,false],"thumbnail":["https:\/\/arantv.az\/wp-content\/uploads\/2019\/05\/751635-150x150.jpg",150,150,true],"medium":["https:\/\/arantv.az\/wp-content\/uploads\/2019\/05\/751635-300x206.jpg",300,206,true],"large":["https:\/\/arantv.az\/wp-content\/uploads\/2019\/05\/751635.jpg",640,439,false],"1536x1536":["https:\/\/arantv.az\/wp-content\/uploads\/2019\/05\/751635.jpg",976,669,false],"2048x2048":["https:\/\/arantv.az\/wp-content\/uploads\/2019\/05\/751635.jpg",976,669,false],"post-thumbnail":["https:\/\/arantv.az\/wp-content\/uploads\/2019\/05\/751635-240x172.jpg",240,172,true],"advps-thumb-one":["https:\/\/arantv.az\/wp-content\/uploads\/2019\/05\/751635-976x620.jpg",976,620,true]},"rttpg_author":{"display_name":"V\u00fcsal Rafiqo\u011flu","author_link":"https:\/\/arantv.az\/?author=2"},"rttpg_comment":0,"rttpg_category":"<a href=\"https:\/\/arantv.az\/?cat=4\" rel=\"category\">Siyas\u0259t<\/a>","rttpg_excerpt":"Az\u0259rbaycan Respublikas\u0131n\u0131n Prezidenti \u0130lham \u018fliyev may\u0131n 2-d\u0259 \u0130slam \u018fm\u0259kda\u015fl\u0131q T\u0259\u015fkilat\u0131n\u0131n Ba\u015f katibi Yusif bin \u018fhm\u0259d \u018fl-Osaymini q\u0259bul edib. ARANTV.AZ az\u0259rtac-a istinad\u0259n x\u0259b\u0259r verir ki, \u0130slam \u018fm\u0259kda\u015fl\u0131q T\u0259\u015fkilat\u0131n\u0131n Ba\u015f katibi Yusif bin \u018fhm\u0259d \u018fl-Osaymi V \u00dcmumd\u00fcnya M\u0259d\u0259niyy\u0259tl\u0259raras\u0131 Dialoq Forumunun \u0259h\u0259miyy\u0259tini qeyd ed\u0259r\u0259k &#8220;Bak\u0131 prosesi&#8221;nin art\u0131q t\u0259sisatlanm\u0131\u015f bir mexanizm\u0259 \u00e7evrildiyini s\u00f6yl\u0259di. Bu g\u00fcn Az\u0259rbaycan\u0131n n\u0259qliyyat qov\u015fa\u011f\u0131 olmaqla&hellip;","_links":{"self":[{"href":"https:\/\/arantv.az\/index.php?rest_route=\/wp\/v2\/posts\/54641"}],"collection":[{"href":"https:\/\/arantv.az\/index.php?rest_route=\/wp\/v2\/posts"}],"about":[{"href":"https:\/\/arantv.az\/index.php?rest_route=\/wp\/v2\/types\/post"}],"author":[{"embeddable":true,"href":"https:\/\/arantv.az\/index.php?rest_route=\/wp\/v2\/users\/2"}],"replies":[{"embeddable":true,"href":"https:\/\/arantv.az\/index.php?rest_route=%2Fwp%2Fv2%2Fcomments&post=54641"}],"version-history":[{"count":0,"href":"https:\/\/arantv.az\/index.php?rest_route=\/wp\/v2\/posts\/54641\/revisions"}],"wp:featuredmedia":[{"embeddable":true,"href":"https:\/\/arantv.az\/index.php?rest_route=\/wp\/v2\/media\/54642"}],"wp:attachment":[{"href":"https:\/\/arantv.az\/index.php?rest_route=%2Fwp%2Fv2%2Fmedia&parent=54641"}],"wp:term":[{"taxonomy":"category","embeddable":true,"href":"https:\/\/arantv.az\/index.php?rest_route=%2Fwp%2Fv2%2Fcategories&post=54641"},{"taxonomy":"post_tag","embeddable":true,"href":"https:\/\/arantv.az\/index.php?rest_route=%2Fwp%2Fv2%2Ftags&post=54641"}],"curies":[{"name":"wp","href":"https:\/\/api.w.org\/{rel}","templated":true}]}}