{"id":54684,"date":"2019-05-02T16:31:26","date_gmt":"2019-05-02T13:31:26","guid":{"rendered":"http:\/\/arantv.az\/?p=54684"},"modified":"2019-05-02T16:31:26","modified_gmt":"2019-05-02T13:31:26","slug":"elinanin-intiharindan-sonra-onun-oxudugu-m%c9%99kt%c9%99bd%c9%99-m%c9%99kt%c9%99blinin-dostlari-f%c9%99aliyy%c9%99t%c9%99-baslayib","status":"publish","type":"post","link":"https:\/\/arantv.az\/?p=54684","title":{"rendered":"Elinan\u0131n intihar\u0131ndan sonra onun oxudu\u011fu m\u0259kt\u0259bd\u0259 &#8220;M\u0259kt\u0259blinin dostlar\u0131&#8221; f\u0259aliyy\u0259t\u0259 ba\u015flay\u0131b"},"content":{"rendered":"<p>Bak\u0131n\u0131n 162 sayl\u0131 orta m\u0259kt\u0259b \u015fagirdi Elina Hac\u0131yevan\u0131n \u00f6z\u00fcn\u00fc m\u0259kt\u0259b p\u0259nc\u0259r\u0259sind\u0259n atmas\u0131ndan sonra h\u0259min t\u0259hsil m\u00fc\u0259ssis\u0259sind\u0259 d\u0259 &#8220;M\u0259kt\u0259blinin dostu&#8221; layih\u0259sinin i\u015ftirak\u00e7\u0131lar\u0131 f\u0259aliyy\u0259t g\u00f6st\u0259rm\u0259y\u0259 ba\u015flay\u0131blar.<\/p>\n<p><strong>ARANTV.AZ<\/strong>\u00a0<span style=\"color: #000000;\">\u00a0<\/span><a href=\"https:\/\/az.trend.az\/\" target=\"_blank\" rel=\"noopener\"><span style=\"color: #000000;\">Trend<\/span><\/a>-\u0259 istinad\u0259n x\u0259b\u0259r verir ki, bunu &#8220;M\u0259kt\u0259blinin dostu&#8221; layih\u0259sinin r\u0259hb\u0259ri R\u00fcst\u0259m A\u011fayev layih\u0259nin hesabat t\u0259dbirind\u0259 \u00e7\u0131x\u0131\u015f ed\u0259n zaman deyib.<\/p>\n<p>O bildirib: &#8220;Elinan\u0131n intihar\u0131na q\u0259d\u0259r o m\u0259kt\u0259bd\u0259 m\u0259kt\u0259blinin dostlar\u0131 yox idi. Amma o hadis\u0259d\u0259n t\u0259xmin\u0259n 10 g\u00fcn sonra h\u0259min m\u0259kt\u0259bd\u0259 d\u0259 m\u0259kt\u0259blinin dostlar\u0131 f\u0259aliyy\u0259t\u0259 ba\u015flay\u0131b&#8221;.<\/p>\n<p>R.A\u011fayev m\u0259kt\u0259blinin dostlar\u0131n\u0131n m\u0259kt\u0259b r\u0259hb\u0259rliyin\u0259 tabe olmad\u0131qlar\u0131n\u0131 da s\u00f6yl\u0259yib.<\/p>\n<p>Onun s\u00f6zl\u0259rin\u0259 g\u00f6r\u0259, layih\u0259 yeni f\u0259aliyy\u0259t\u0259 ba\u015flayanda b\u0259zi m\u0259kt\u0259bl\u0259rin tualetl\u0259rind\u0259 \u015fagirdl\u0259rin siqaret \u00e7\u0259km\u0259si tez-tez m\u00fc\u015fahid\u0259 olunurdu. Lakin i\u015ftirak\u00e7\u0131lar\u0131n m\u00fcdaxil\u0259sind\u0259n sonra layih\u0259nin c\u0259lb olundu\u011fu m\u0259kt\u0259bl\u0259rin \u015fagirdl\u0259rinin siqaret \u00e7\u0259km\u0259si hallar\u0131 aradan qald\u0131r\u0131l\u0131b.<\/p>\n<div id=\"AdviadNativeVideo0\" class=\"AdviadNativeVideo\"><\/div>\n<p>Bak\u0131 \u015e\u0259h\u0259ri \u00fczr\u0259 T\u0259hsil \u0130dar\u0259sinin m\u00fcdiri R\u0259\u015fad Ta\u011f\u0131yev deyib ki, &#8220;M\u0259kt\u0259blinin dostlar\u0131&#8221; layih\u0259si yeni f\u0259aliyy\u0259t\u0259 ba\u015flayanda m\u0259kt\u0259b direktorlar\u0131 narahatl\u0131q ke\u00e7irirdil\u0259r:<\/p>\n<p>&#8220;\u00c7\u00fcnki m\u0259kt\u0259bd\u0259 n\u0259 ba\u015f verirs\u0259, bizim x\u0259b\u0259rimiz olacaqd\u0131. H\u0259r g\u00fcn\u00fcn sonunda biz\u0259 onlar\u0131n f\u0259aliyy\u0259ti bar\u0259d\u0259 hesabat daxil olur&#8221;.<\/p>\n","protected":false},"excerpt":{"rendered":"<p>Bak\u0131n\u0131n 162 sayl\u0131 orta m\u0259kt\u0259b \u015fagirdi Elina Hac\u0131yevan\u0131n \u00f6z\u00fcn\u00fc m\u0259kt\u0259b p\u0259nc\u0259r\u0259sind\u0259n atmas\u0131ndan sonra h\u0259min t\u0259hsil m\u00fc\u0259ssis\u0259sind\u0259 d\u0259 &#8220;M\u0259kt\u0259blinin dostu&#8221; layih\u0259sinin i\u015ftirak\u00e7\u0131lar\u0131 f\u0259aliyy\u0259t g\u00f6st\u0259rm\u0259y\u0259 ba\u015flay\u0131blar. ARANTV.AZ\u00a0\u00a0Trend-\u0259 istinad\u0259n x\u0259b\u0259r verir ki, bunu &#8220;M\u0259kt\u0259blinin dostu&#8221; layih\u0259sinin r\u0259hb\u0259ri R\u00fcst\u0259m A\u011fayev layih\u0259nin hesabat t\u0259dbirind\u0259 \u00e7\u0131x\u0131\u015f ed\u0259n zaman deyib. O bildirib: &#8220;Elinan\u0131n intihar\u0131na q\u0259d\u0259r o m\u0259kt\u0259bd\u0259 m\u0259kt\u0259blinin dostlar\u0131 yox idi. Amma o hadis\u0259d\u0259n t\u0259xmin\u0259n 10 g\u00fcn sonra h\u0259min m\u0259kt\u0259bd\u0259 d\u0259 m\u0259kt\u0259blinin dostlar\u0131 f\u0259aliyy\u0259t\u0259 ba\u015flay\u0131b&#8221;. R.A\u011fayev m\u0259kt\u0259blinin dostlar\u0131n\u0131n m\u0259kt\u0259b r\u0259hb\u0259rliyin\u0259 tabe olmad\u0131qlar\u0131n\u0131 da s\u00f6yl\u0259yib. Onun s\u00f6zl\u0259rin\u0259 g\u00f6r\u0259, layih\u0259 yeni f\u0259aliyy\u0259t\u0259 ba\u015flayanda b\u0259zi m\u0259kt\u0259bl\u0259rin tualetl\u0259rind\u0259 \u015fagirdl\u0259rin siqaret \u00e7\u0259km\u0259si&hellip;<\/p>\n","protected":false},"author":2,"featured_media":54685,"comment_status":"closed","ping_status":"closed","sticky":false,"template":"","format":"standard","meta":{"om_disable_all_campaigns":false,"_monsterinsights_skip_tracking":false,"_monsterinsights_sitenote_active":false,"_monsterinsights_sitenote_note":"","_monsterinsights_sitenote_category":0},"categories":[23],"tags":[],"aioseo_notices":[],"gutentor_comment":0,"rttpg_featured_image_url":{"full":["https:\/\/arantv.az\/wp-content\/uploads\/2019\/05\/751676.jpg",800,600,false],"landscape":["https:\/\/arantv.az\/wp-content\/uploads\/2019\/05\/751676.jpg",800,600,false],"portraits":["https:\/\/arantv.az\/wp-content\/uploads\/2019\/05\/751676.jpg",800,600,false],"thumbnail":["https:\/\/arantv.az\/wp-content\/uploads\/2019\/05\/751676-150x150.jpg",150,150,true],"medium":["https:\/\/arantv.az\/wp-content\/uploads\/2019\/05\/751676-300x225.jpg",300,225,true],"large":["https:\/\/arantv.az\/wp-content\/uploads\/2019\/05\/751676.jpg",640,480,false],"1536x1536":["https:\/\/arantv.az\/wp-content\/uploads\/2019\/05\/751676.jpg",800,600,false],"2048x2048":["https:\/\/arantv.az\/wp-content\/uploads\/2019\/05\/751676.jpg",800,600,false],"post-thumbnail":["https:\/\/arantv.az\/wp-content\/uploads\/2019\/05\/751676-240x172.jpg",240,172,true],"advps-thumb-one":["https:\/\/arantv.az\/wp-content\/uploads\/2019\/05\/751676.jpg",800,600,false]},"rttpg_author":{"display_name":"V\u00fcsal Rafiqo\u011flu","author_link":"https:\/\/arantv.az\/?author=2"},"rttpg_comment":0,"rttpg_category":"<a href=\"https:\/\/arantv.az\/?cat=23\" rel=\"category\">T\u0259hsil<\/a>","rttpg_excerpt":"Bak\u0131n\u0131n 162 sayl\u0131 orta m\u0259kt\u0259b \u015fagirdi Elina Hac\u0131yevan\u0131n \u00f6z\u00fcn\u00fc m\u0259kt\u0259b p\u0259nc\u0259r\u0259sind\u0259n atmas\u0131ndan sonra h\u0259min t\u0259hsil m\u00fc\u0259ssis\u0259sind\u0259 d\u0259 &#8220;M\u0259kt\u0259blinin dostu&#8221; layih\u0259sinin i\u015ftirak\u00e7\u0131lar\u0131 f\u0259aliyy\u0259t g\u00f6st\u0259rm\u0259y\u0259 ba\u015flay\u0131blar. ARANTV.AZ\u00a0\u00a0Trend-\u0259 istinad\u0259n x\u0259b\u0259r verir ki, bunu &#8220;M\u0259kt\u0259blinin dostu&#8221; layih\u0259sinin r\u0259hb\u0259ri R\u00fcst\u0259m A\u011fayev layih\u0259nin hesabat t\u0259dbirind\u0259 \u00e7\u0131x\u0131\u015f ed\u0259n zaman deyib. O bildirib: &#8220;Elinan\u0131n intihar\u0131na q\u0259d\u0259r o m\u0259kt\u0259bd\u0259 m\u0259kt\u0259blinin dostlar\u0131 yox idi. Amma&hellip;","_links":{"self":[{"href":"https:\/\/arantv.az\/index.php?rest_route=\/wp\/v2\/posts\/54684"}],"collection":[{"href":"https:\/\/arantv.az\/index.php?rest_route=\/wp\/v2\/posts"}],"about":[{"href":"https:\/\/arantv.az\/index.php?rest_route=\/wp\/v2\/types\/post"}],"author":[{"embeddable":true,"href":"https:\/\/arantv.az\/index.php?rest_route=\/wp\/v2\/users\/2"}],"replies":[{"embeddable":true,"href":"https:\/\/arantv.az\/index.php?rest_route=%2Fwp%2Fv2%2Fcomments&post=54684"}],"version-history":[{"count":0,"href":"https:\/\/arantv.az\/index.php?rest_route=\/wp\/v2\/posts\/54684\/revisions"}],"wp:featuredmedia":[{"embeddable":true,"href":"https:\/\/arantv.az\/index.php?rest_route=\/wp\/v2\/media\/54685"}],"wp:attachment":[{"href":"https:\/\/arantv.az\/index.php?rest_route=%2Fwp%2Fv2%2Fmedia&parent=54684"}],"wp:term":[{"taxonomy":"category","embeddable":true,"href":"https:\/\/arantv.az\/index.php?rest_route=%2Fwp%2Fv2%2Fcategories&post=54684"},{"taxonomy":"post_tag","embeddable":true,"href":"https:\/\/arantv.az\/index.php?rest_route=%2Fwp%2Fv2%2Ftags&post=54684"}],"curies":[{"name":"wp","href":"https:\/\/api.w.org\/{rel}","templated":true}]}}