{"id":54687,"date":"2019-05-02T16:32:12","date_gmt":"2019-05-02T13:32:12","guid":{"rendered":"http:\/\/arantv.az\/?p=54687"},"modified":"2019-05-02T16:32:12","modified_gmt":"2019-05-02T13:32:12","slug":"prezident-ilham-%c9%99liyev-polsali-h%c9%99mkarini-t%c9%99brik-edib","status":"publish","type":"post","link":"https:\/\/arantv.az\/?p=54687","title":{"rendered":"Prezident \u0130lham \u018fliyev pol\u015fal\u0131 h\u0259mkar\u0131n\u0131 t\u0259brik edib"},"content":{"rendered":"<p><strong>Prezident \u0130lham \u018fliyev Pol\u015fa Respublikas\u0131n\u0131n Prezidenti Zati-alil\u0259ri c\u0259nab Andjey Dudaya t\u0259brik m\u0259ktubu g\u00f6nd\u0259rib.<\/strong><\/p>\n<p><strong>ARANTV.AZ<\/strong> az\u0259rtac-a istinad\u0259n bildirir ki,\u00a0t\u0259brikd\u0259 deyilir:<\/p>\n<p>&#8220;H\u00f6rm\u0259tli c\u0259nab Prezident, \u00f6lk\u0259nizin milli bayram\u0131 &#8211; Konstitusiya G\u00fcn\u00fc m\u00fcnasib\u0259til\u0259 Sizi v\u0259 xalq\u0131n\u0131z\u0131 \u00f6z ad\u0131mdan v\u0259 Az\u0259rbaycan xalq\u0131 ad\u0131ndan s\u0259mimi q\u0259lbd\u0259n t\u0259brik edir\u0259m.<\/p>\n<p>Az\u0259rbaycan-Pol\u015fa \u0259laq\u0259l\u0259ri z\u0259ngin tarix\u0259 v\u0259 xo\u015f \u0259n\u0259n\u0259l\u0259r\u0259 malikdir. \u0130nan\u0131ram ki, d\u00f6vl\u0259tl\u0259raras\u0131 m\u00fcnasib\u0259tl\u0259rimizin haz\u0131rk\u0131 y\u00fcks\u0259k s\u0259viyy\u0259si siyasi t\u0259maslar\u0131m\u0131z\u0131n m\u00fcv\u0259ff\u0259qiyy\u0259tl\u0259 davam etdirilm\u0259si, iqtisadi v\u0259 m\u0259d\u0259ni sah\u0259l\u0259rd\u0259 \u0259m\u0259kda\u015fl\u0131\u011f\u0131m\u0131z\u0131n daha da d\u0259rinl\u0259\u015fdirilm\u0259si \u00fc\u00e7\u00fcn daim m\u00f6hk\u0259m t\u0259m\u0259l olacaqd\u0131r.<\/p>\n<p>Bu \u0259lam\u0259tdar g\u00fcnd\u0259 Siz\u0259 m\u00f6hk\u0259m cansa\u011fl\u0131\u011f\u0131, i\u015fl\u0259rinizd\u0259 u\u011furlar, dost Pol\u015fa xalq\u0131na \u0259min-amanl\u0131q v\u0259 rifah arzulay\u0131ram&#8221;.<\/p>\n","protected":false},"excerpt":{"rendered":"<p>Prezident \u0130lham \u018fliyev Pol\u015fa Respublikas\u0131n\u0131n Prezidenti Zati-alil\u0259ri c\u0259nab Andjey Dudaya t\u0259brik m\u0259ktubu g\u00f6nd\u0259rib. ARANTV.AZ az\u0259rtac-a istinad\u0259n bildirir ki,\u00a0t\u0259brikd\u0259 deyilir: &#8220;H\u00f6rm\u0259tli c\u0259nab Prezident, \u00f6lk\u0259nizin milli bayram\u0131 &#8211; Konstitusiya G\u00fcn\u00fc m\u00fcnasib\u0259til\u0259 Sizi v\u0259 xalq\u0131n\u0131z\u0131 \u00f6z ad\u0131mdan v\u0259 Az\u0259rbaycan xalq\u0131 ad\u0131ndan s\u0259mimi q\u0259lbd\u0259n t\u0259brik edir\u0259m. Az\u0259rbaycan-Pol\u015fa \u0259laq\u0259l\u0259ri z\u0259ngin tarix\u0259 v\u0259 xo\u015f \u0259n\u0259n\u0259l\u0259r\u0259 malikdir. \u0130nan\u0131ram ki, d\u00f6vl\u0259tl\u0259raras\u0131 m\u00fcnasib\u0259tl\u0259rimizin haz\u0131rk\u0131 y\u00fcks\u0259k s\u0259viyy\u0259si siyasi t\u0259maslar\u0131m\u0131z\u0131n m\u00fcv\u0259ff\u0259qiyy\u0259tl\u0259 davam etdirilm\u0259si, iqtisadi v\u0259 m\u0259d\u0259ni sah\u0259l\u0259rd\u0259 \u0259m\u0259kda\u015fl\u0131\u011f\u0131m\u0131z\u0131n daha da d\u0259rinl\u0259\u015fdirilm\u0259si \u00fc\u00e7\u00fcn daim m\u00f6hk\u0259m t\u0259m\u0259l olacaqd\u0131r. Bu \u0259lam\u0259tdar g\u00fcnd\u0259 Siz\u0259 m\u00f6hk\u0259m cansa\u011fl\u0131\u011f\u0131, i\u015fl\u0259rinizd\u0259 u\u011furlar, dost Pol\u015fa xalq\u0131na \u0259min-amanl\u0131q v\u0259 rifah arzulay\u0131ram&#8221;.<\/p>\n","protected":false},"author":2,"featured_media":54688,"comment_status":"closed","ping_status":"closed","sticky":false,"template":"","format":"standard","meta":{"om_disable_all_campaigns":false,"_monsterinsights_skip_tracking":false,"_monsterinsights_sitenote_active":false,"_monsterinsights_sitenote_note":"","_monsterinsights_sitenote_category":0},"categories":[4],"tags":[],"aioseo_notices":[],"gutentor_comment":0,"rttpg_featured_image_url":{"full":["https:\/\/arantv.az\/wp-content\/uploads\/2019\/05\/2018_ilham_aliyev_05.jpg",1200,900,false],"landscape":["https:\/\/arantv.az\/wp-content\/uploads\/2019\/05\/2018_ilham_aliyev_05.jpg",1200,900,false],"portraits":["https:\/\/arantv.az\/wp-content\/uploads\/2019\/05\/2018_ilham_aliyev_05.jpg",1200,900,false],"thumbnail":["https:\/\/arantv.az\/wp-content\/uploads\/2019\/05\/2018_ilham_aliyev_05-150x150.jpg",150,150,true],"medium":["https:\/\/arantv.az\/wp-content\/uploads\/2019\/05\/2018_ilham_aliyev_05-300x225.jpg",300,225,true],"large":["https:\/\/arantv.az\/wp-content\/uploads\/2019\/05\/2018_ilham_aliyev_05-1024x768.jpg",640,480,true],"1536x1536":["https:\/\/arantv.az\/wp-content\/uploads\/2019\/05\/2018_ilham_aliyev_05.jpg",1200,900,false],"2048x2048":["https:\/\/arantv.az\/wp-content\/uploads\/2019\/05\/2018_ilham_aliyev_05.jpg",1200,900,false],"post-thumbnail":["https:\/\/arantv.az\/wp-content\/uploads\/2019\/05\/2018_ilham_aliyev_05-240x172.jpg",240,172,true],"advps-thumb-one":["https:\/\/arantv.az\/wp-content\/uploads\/2019\/05\/2018_ilham_aliyev_05-1200x620.jpg",1200,620,true]},"rttpg_author":{"display_name":"V\u00fcsal Rafiqo\u011flu","author_link":"https:\/\/arantv.az\/?author=2"},"rttpg_comment":0,"rttpg_category":"<a href=\"https:\/\/arantv.az\/?cat=4\" rel=\"category\">Siyas\u0259t<\/a>","rttpg_excerpt":"Prezident \u0130lham \u018fliyev Pol\u015fa Respublikas\u0131n\u0131n Prezidenti Zati-alil\u0259ri c\u0259nab Andjey Dudaya t\u0259brik m\u0259ktubu g\u00f6nd\u0259rib. ARANTV.AZ az\u0259rtac-a istinad\u0259n bildirir ki,\u00a0t\u0259brikd\u0259 deyilir: &#8220;H\u00f6rm\u0259tli c\u0259nab Prezident, \u00f6lk\u0259nizin milli bayram\u0131 &#8211; Konstitusiya G\u00fcn\u00fc m\u00fcnasib\u0259til\u0259 Sizi v\u0259 xalq\u0131n\u0131z\u0131 \u00f6z ad\u0131mdan v\u0259 Az\u0259rbaycan xalq\u0131 ad\u0131ndan s\u0259mimi q\u0259lbd\u0259n t\u0259brik edir\u0259m. Az\u0259rbaycan-Pol\u015fa \u0259laq\u0259l\u0259ri z\u0259ngin tarix\u0259 v\u0259 xo\u015f \u0259n\u0259n\u0259l\u0259r\u0259 malikdir. \u0130nan\u0131ram ki, d\u00f6vl\u0259tl\u0259raras\u0131 m\u00fcnasib\u0259tl\u0259rimizin haz\u0131rk\u0131&hellip;","_links":{"self":[{"href":"https:\/\/arantv.az\/index.php?rest_route=\/wp\/v2\/posts\/54687"}],"collection":[{"href":"https:\/\/arantv.az\/index.php?rest_route=\/wp\/v2\/posts"}],"about":[{"href":"https:\/\/arantv.az\/index.php?rest_route=\/wp\/v2\/types\/post"}],"author":[{"embeddable":true,"href":"https:\/\/arantv.az\/index.php?rest_route=\/wp\/v2\/users\/2"}],"replies":[{"embeddable":true,"href":"https:\/\/arantv.az\/index.php?rest_route=%2Fwp%2Fv2%2Fcomments&post=54687"}],"version-history":[{"count":0,"href":"https:\/\/arantv.az\/index.php?rest_route=\/wp\/v2\/posts\/54687\/revisions"}],"wp:featuredmedia":[{"embeddable":true,"href":"https:\/\/arantv.az\/index.php?rest_route=\/wp\/v2\/media\/54688"}],"wp:attachment":[{"href":"https:\/\/arantv.az\/index.php?rest_route=%2Fwp%2Fv2%2Fmedia&parent=54687"}],"wp:term":[{"taxonomy":"category","embeddable":true,"href":"https:\/\/arantv.az\/index.php?rest_route=%2Fwp%2Fv2%2Fcategories&post=54687"},{"taxonomy":"post_tag","embeddable":true,"href":"https:\/\/arantv.az\/index.php?rest_route=%2Fwp%2Fv2%2Ftags&post=54687"}],"curies":[{"name":"wp","href":"https:\/\/api.w.org\/{rel}","templated":true}]}}