{"id":54690,"date":"2019-05-02T16:40:17","date_gmt":"2019-05-02T13:40:17","guid":{"rendered":"http:\/\/arantv.az\/?p=54690"},"modified":"2019-05-02T16:40:17","modified_gmt":"2019-05-02T13:40:17","slug":"bas-katib-m%c9%99d%c9%99niyy%c9%99tl%c9%99rarasi-dialoq-forumu-dunyada-sulhun-t%c9%99min-olunmasina-tohf%c9%99-baximindan-on%c9%99mli-platformadir","status":"publish","type":"post","link":"https:\/\/arantv.az\/?p=54690","title":{"rendered":"Ba\u015f katib: &#8220;M\u0259d\u0259niyy\u0259tl\u0259raras\u0131 Dialoq Forumu d\u00fcnyada s\u00fclh\u00fcn t\u0259min olunmas\u0131na t\u00f6hf\u0259 bax\u0131m\u0131ndan \u00f6n\u0259mli platformad\u0131r&#8221;"},"content":{"rendered":"<p>V \u00dcmumd\u00fcnya M\u0259d\u0259niyy\u0259tl\u0259raras\u0131 Dialoq Forumu \u00e7\u0259r\u00e7iv\u0259sind\u0259 Az\u0259rbaycan Respublikas\u0131n\u0131n xarici i\u015fl\u0259r naziri Elmar M\u0259mm\u0259dyarovun \u0130slam \u018fm\u0259kda\u015fl\u0131q T\u0259\u015fkilat\u0131n\u0131n (\u0130\u018fT) Ba\u015f Katibi Yusef bin Ahmad Al-Otaimin il\u0259 g\u00f6r\u00fc\u015f\u00fc ke\u00e7irilib.<\/p>\n<p><strong>ARANTV.AZ<\/strong>\u00a0\u00a0<a href=\"https:\/\/az.trend.az\/\" target=\"_blank\" rel=\"noopener\"><span style=\"color: #000000;\">Trend<\/span><\/a>-\u0259 istinad\u0259n x\u0259b\u0259r verir ki, \u0130\u018fT Ba\u015f katibi V D\u00fcnya M\u0259d\u0259niyy\u0259tl\u0259raras\u0131 Dialoq Forumunda i\u015ftirak\u0131n\u0131 m\u0259mnunluqla qeyd edib. Forumun d\u00fcnyada s\u00fclh, t\u0259hl\u00fck\u0259sizlik v\u0259 rifah\u0131n t\u0259min olunmas\u0131na t\u00f6hf\u0259 bax\u0131m\u0131ndan \u00f6n\u0259mli platforma oldu\u011funu bildirib.<\/p>\n<p>E.M\u0259mm\u0259dyarov forumun r\u0259smi a\u00e7\u0131l\u0131\u015f\u0131nda Ba\u015f katibin \u00e7\u0131x\u0131\u015f\u0131na istinad ed\u0259r\u0259k, m\u0259d\u0259niyy\u0259tl\u0259raras\u0131 dialoq, m\u00fcasir d\u00fcnyan\u0131n \u00fczl\u0259\u015fdiyi h\u0259d\u0259 v\u0259 t\u0259hdidl\u0259r, o c\u00fcml\u0259d\u0259n islamafobiya kimi m\u0259s\u0259l\u0259l\u0259rin cavabland\u0131r\u0131lmas\u0131na dair \u0130\u018fT-in yana\u015fmas\u0131 il\u0259 b\u00f6l\u00fc\u015fd\u00fcy\u00fc \u00fc\u00e7\u00fcn Ba\u015f katib\u0259 t\u0259\u015f\u0259kk\u00fcr edib.<\/p>\n<p>T\u0259r\u0259fl\u0259r \u0130\u018fT-Az\u0259rbaycan \u0259laq\u0259l\u0259ri v\u0259 \u0259m\u0259kda\u015fl\u0131\u011f\u0131n daha da inki\u015faf etdirilm\u0259si imkanlar\u0131 \u0259traf\u0131nda geni\u015f fikir m\u00fcbadil\u0259si apar\u0131b. H\u0259m\u00e7inin qar\u015f\u0131dan g\u0259l\u0259n \u0130\u018fT zirv\u0259 g\u00f6r\u00fc\u015f\u00fcn\u0259 haz\u0131rl\u0131q m\u0259s\u0259l\u0259l\u0259ri m\u00fczakir\u0259 edilib.<\/p>\n<p>G\u00f6r\u00fc\u015fd\u0259 qar\u015f\u0131l\u0131ql\u0131 maraq do\u011furan dig\u0259r m\u0259s\u0259l\u0259l\u0259r \u0259traf\u0131nda fikir m\u00fcbadil\u0259si apar\u0131l\u0131b.<\/p>\n","protected":false},"excerpt":{"rendered":"<p>V \u00dcmumd\u00fcnya M\u0259d\u0259niyy\u0259tl\u0259raras\u0131 Dialoq Forumu \u00e7\u0259r\u00e7iv\u0259sind\u0259 Az\u0259rbaycan Respublikas\u0131n\u0131n xarici i\u015fl\u0259r naziri Elmar M\u0259mm\u0259dyarovun \u0130slam \u018fm\u0259kda\u015fl\u0131q T\u0259\u015fkilat\u0131n\u0131n (\u0130\u018fT) Ba\u015f Katibi Yusef bin Ahmad Al-Otaimin il\u0259 g\u00f6r\u00fc\u015f\u00fc ke\u00e7irilib. ARANTV.AZ\u00a0\u00a0Trend-\u0259 istinad\u0259n x\u0259b\u0259r verir ki, \u0130\u018fT Ba\u015f katibi V D\u00fcnya M\u0259d\u0259niyy\u0259tl\u0259raras\u0131 Dialoq Forumunda i\u015ftirak\u0131n\u0131 m\u0259mnunluqla qeyd edib. Forumun d\u00fcnyada s\u00fclh, t\u0259hl\u00fck\u0259sizlik v\u0259 rifah\u0131n t\u0259min olunmas\u0131na t\u00f6hf\u0259 bax\u0131m\u0131ndan \u00f6n\u0259mli platforma oldu\u011funu bildirib. E.M\u0259mm\u0259dyarov forumun r\u0259smi a\u00e7\u0131l\u0131\u015f\u0131nda Ba\u015f katibin \u00e7\u0131x\u0131\u015f\u0131na istinad ed\u0259r\u0259k, m\u0259d\u0259niyy\u0259tl\u0259raras\u0131 dialoq, m\u00fcasir d\u00fcnyan\u0131n \u00fczl\u0259\u015fdiyi h\u0259d\u0259 v\u0259 t\u0259hdidl\u0259r, o c\u00fcml\u0259d\u0259n islamafobiya kimi m\u0259s\u0259l\u0259l\u0259rin cavabland\u0131r\u0131lmas\u0131na dair \u0130\u018fT-in yana\u015fmas\u0131 il\u0259 b\u00f6l\u00fc\u015fd\u00fcy\u00fc \u00fc\u00e7\u00fcn Ba\u015f katib\u0259 t\u0259\u015f\u0259kk\u00fcr edib.&hellip;<\/p>\n","protected":false},"author":2,"featured_media":54691,"comment_status":"closed","ping_status":"closed","sticky":false,"template":"","format":"standard","meta":{"om_disable_all_campaigns":false,"_monsterinsights_skip_tracking":false,"_monsterinsights_sitenote_active":false,"_monsterinsights_sitenote_note":"","_monsterinsights_sitenote_category":0},"categories":[4],"tags":[],"aioseo_notices":[],"gutentor_comment":0,"rttpg_featured_image_url":{"full":["https:\/\/arantv.az\/wp-content\/uploads\/2019\/05\/751720.jpg",800,600,false],"landscape":["https:\/\/arantv.az\/wp-content\/uploads\/2019\/05\/751720.jpg",800,600,false],"portraits":["https:\/\/arantv.az\/wp-content\/uploads\/2019\/05\/751720.jpg",800,600,false],"thumbnail":["https:\/\/arantv.az\/wp-content\/uploads\/2019\/05\/751720-150x150.jpg",150,150,true],"medium":["https:\/\/arantv.az\/wp-content\/uploads\/2019\/05\/751720-300x225.jpg",300,225,true],"large":["https:\/\/arantv.az\/wp-content\/uploads\/2019\/05\/751720.jpg",640,480,false],"1536x1536":["https:\/\/arantv.az\/wp-content\/uploads\/2019\/05\/751720.jpg",800,600,false],"2048x2048":["https:\/\/arantv.az\/wp-content\/uploads\/2019\/05\/751720.jpg",800,600,false],"post-thumbnail":["https:\/\/arantv.az\/wp-content\/uploads\/2019\/05\/751720-240x172.jpg",240,172,true],"advps-thumb-one":["https:\/\/arantv.az\/wp-content\/uploads\/2019\/05\/751720.jpg",800,600,false]},"rttpg_author":{"display_name":"V\u00fcsal Rafiqo\u011flu","author_link":"https:\/\/arantv.az\/?author=2"},"rttpg_comment":0,"rttpg_category":"<a href=\"https:\/\/arantv.az\/?cat=4\" rel=\"category\">Siyas\u0259t<\/a>","rttpg_excerpt":"V \u00dcmumd\u00fcnya M\u0259d\u0259niyy\u0259tl\u0259raras\u0131 Dialoq Forumu \u00e7\u0259r\u00e7iv\u0259sind\u0259 Az\u0259rbaycan Respublikas\u0131n\u0131n xarici i\u015fl\u0259r naziri Elmar M\u0259mm\u0259dyarovun \u0130slam \u018fm\u0259kda\u015fl\u0131q T\u0259\u015fkilat\u0131n\u0131n (\u0130\u018fT) Ba\u015f Katibi Yusef bin Ahmad Al-Otaimin il\u0259 g\u00f6r\u00fc\u015f\u00fc ke\u00e7irilib. ARANTV.AZ\u00a0\u00a0Trend-\u0259 istinad\u0259n x\u0259b\u0259r verir ki, \u0130\u018fT Ba\u015f katibi V D\u00fcnya M\u0259d\u0259niyy\u0259tl\u0259raras\u0131 Dialoq Forumunda i\u015ftirak\u0131n\u0131 m\u0259mnunluqla qeyd edib. Forumun d\u00fcnyada s\u00fclh, t\u0259hl\u00fck\u0259sizlik v\u0259 rifah\u0131n t\u0259min olunmas\u0131na t\u00f6hf\u0259 bax\u0131m\u0131ndan \u00f6n\u0259mli platforma&hellip;","_links":{"self":[{"href":"https:\/\/arantv.az\/index.php?rest_route=\/wp\/v2\/posts\/54690"}],"collection":[{"href":"https:\/\/arantv.az\/index.php?rest_route=\/wp\/v2\/posts"}],"about":[{"href":"https:\/\/arantv.az\/index.php?rest_route=\/wp\/v2\/types\/post"}],"author":[{"embeddable":true,"href":"https:\/\/arantv.az\/index.php?rest_route=\/wp\/v2\/users\/2"}],"replies":[{"embeddable":true,"href":"https:\/\/arantv.az\/index.php?rest_route=%2Fwp%2Fv2%2Fcomments&post=54690"}],"version-history":[{"count":0,"href":"https:\/\/arantv.az\/index.php?rest_route=\/wp\/v2\/posts\/54690\/revisions"}],"wp:featuredmedia":[{"embeddable":true,"href":"https:\/\/arantv.az\/index.php?rest_route=\/wp\/v2\/media\/54691"}],"wp:attachment":[{"href":"https:\/\/arantv.az\/index.php?rest_route=%2Fwp%2Fv2%2Fmedia&parent=54690"}],"wp:term":[{"taxonomy":"category","embeddable":true,"href":"https:\/\/arantv.az\/index.php?rest_route=%2Fwp%2Fv2%2Fcategories&post=54690"},{"taxonomy":"post_tag","embeddable":true,"href":"https:\/\/arantv.az\/index.php?rest_route=%2Fwp%2Fv2%2Ftags&post=54690"}],"curies":[{"name":"wp","href":"https:\/\/api.w.org\/{rel}","templated":true}]}}