{"id":54693,"date":"2019-05-02T16:41:02","date_gmt":"2019-05-02T13:41:02","guid":{"rendered":"http:\/\/arantv.az\/?p=54693"},"modified":"2019-05-02T16:41:02","modified_gmt":"2019-05-02T13:41:02","slug":"vitse-spiker-pakistan-dagliq-qarabag-m%c9%99s%c9%99l%c9%99sind%c9%99-h%c9%99r-zaman-az%c9%99rbaycanin-movqeyini-d%c9%99st%c9%99kl%c9%99yir","status":"publish","type":"post","link":"https:\/\/arantv.az\/?p=54693","title":{"rendered":"Vitse-spiker: &#8220;Pakistan Da\u011fl\u0131q Qaraba\u011f m\u0259s\u0259l\u0259sind\u0259 h\u0259r zaman Az\u0259rbaycan\u0131n m\u00f6vqeyini d\u0259st\u0259kl\u0259yir&#8221;"},"content":{"rendered":"<p><strong>&#8220;Pakistan Erm\u0259nistan-Az\u0259rbaycan Da\u011fl\u0131q Qaraba\u011f m\u0259s\u0259l\u0259sind\u0259 h\u0259r zaman Az\u0259rbaycan\u0131n m\u00f6vqeyini d\u0259st\u0259kl\u0259yir&#8221;.<\/strong><\/p>\n<p><strong>ARANTV.AZ<\/strong>\u00a0\u00a0<a href=\"https:\/\/az.trend.az\/\" target=\"_blank\" rel=\"noopener\"><span style=\"color: #000000;\">Trend<\/span><\/a>-\u0259 istinad\u0259n x\u0259b\u0259r verir ki, bunu Pakistan parlamentinin s\u0259dr m\u00fcavini Qas\u0131m Xan Suri V \u00dcmumd\u00fcnya M\u0259d\u0259niyy\u0259tl\u0259raras\u0131 Dialoq Forumu \u00e7\u0259r\u00e7iv\u0259sind\u0259 nazirl\u0259rin g\u00f6r\u00fc\u015f\u00fc zaman deyib.<\/p>\n<p>O qeyd edib ki, Da\u011fl\u0131q Qaraba\u011f m\u00fcnaqi\u015f\u0259si Az\u0259rbaycan\u0131n \u0259razi b\u00fct\u00f6vl\u00fcy\u00fc \u00e7\u0259r\u00e7iv\u0259sind\u0259 h\u0259ll olunmal\u0131d\u0131r: &#8220;BMT T\u0259hl\u00fck\u0259sizlik \u015euras\u0131 Erm\u0259nistan qo\u015funlar\u0131n\u0131n Az\u0259rbaycan \u0259razisind\u0259n qeyd-\u015f\u0259rtsiz \u00e7\u0131xar\u0131lmas\u0131 il\u0259 ba\u011fl\u0131 q\u0259tnam\u0259l\u0259r q\u0259bul edib. Bu q\u0259tnam\u0259l\u0259r yerin\u0259 yetirilm\u0259li v\u0259 Erm\u0259nistan qo\u015funlar\u0131 Az\u0259rbaycan \u0259razil\u0259rind\u0259n \u00e7\u0131xar\u0131lmal\u0131d\u0131r&#8221;.<\/p>\n<p>Parlament s\u0259drinin m\u00fcavini \u0259lav\u0259 edib ki, erm\u0259nil\u0259r t\u0259r\u0259find\u0259n Xocal\u0131da t\u00f6r\u0259dil\u0259nl\u0259r soyq\u0131r\u0131md\u0131r.<\/p>\n<p>Qeyd ed\u0259k ki, Heyd\u0259r \u018fliyev M\u0259rk\u0259zind\u0259 &#8220;Ayr\u0131-se\u00e7kilik, qeyri-b\u0259rab\u0259rlik v\u0259 zorak\u0131 m\u00fcnaqi\u015f\u0259y\u0259 qar\u015f\u0131 f\u0259aliyy\u0259t namin\u0259 dialoq quraq&#8221; \u015f\u00fcar\u0131 alt\u0131nda V \u00dcmumd\u00fcnya M\u0259d\u0259niyy\u0259tl\u0259raras\u0131 Dialoq Forumu i\u015f\u0259 ba\u015flay\u0131b.<\/p>\n<p>\u0130ki g\u00fcn davam ed\u0259c\u0259k Forum Az\u0259rbaycan h\u00f6kum\u0259tinin t\u0259\u015fkilat\u00e7\u0131l\u0131\u011f\u0131, UNESCO, BMT-nin Sivilizasiyalar Alyans\u0131, D\u00fcnya Turizm T\u0259\u015fkilat\u0131, Avropa \u015euras\u0131 v\u0259 ISESCO-nun t\u0259r\u0259fda\u015fl\u0131\u011f\u0131 il\u0259 ke\u00e7irilir. T\u0259dbird\u0259 100-d\u0259n \u00e7ox \u00f6lk\u0259nin v\u0259 30-dan \u00e7ox beyn\u0259lxalq t\u0259\u015fkilat\u0131n y\u00fcks\u0259ks\u0259viyy\u0259li r\u0259smil\u0259ri i\u015ftirak edirl\u0259r.<\/p>\n","protected":false},"excerpt":{"rendered":"<p>&#8220;Pakistan Erm\u0259nistan-Az\u0259rbaycan Da\u011fl\u0131q Qaraba\u011f m\u0259s\u0259l\u0259sind\u0259 h\u0259r zaman Az\u0259rbaycan\u0131n m\u00f6vqeyini d\u0259st\u0259kl\u0259yir&#8221;. ARANTV.AZ\u00a0\u00a0Trend-\u0259 istinad\u0259n x\u0259b\u0259r verir ki, bunu Pakistan parlamentinin s\u0259dr m\u00fcavini Qas\u0131m Xan Suri V \u00dcmumd\u00fcnya M\u0259d\u0259niyy\u0259tl\u0259raras\u0131 Dialoq Forumu \u00e7\u0259r\u00e7iv\u0259sind\u0259 nazirl\u0259rin g\u00f6r\u00fc\u015f\u00fc zaman deyib. O qeyd edib ki, Da\u011fl\u0131q Qaraba\u011f m\u00fcnaqi\u015f\u0259si Az\u0259rbaycan\u0131n \u0259razi b\u00fct\u00f6vl\u00fcy\u00fc \u00e7\u0259r\u00e7iv\u0259sind\u0259 h\u0259ll olunmal\u0131d\u0131r: &#8220;BMT T\u0259hl\u00fck\u0259sizlik \u015euras\u0131 Erm\u0259nistan qo\u015funlar\u0131n\u0131n Az\u0259rbaycan \u0259razisind\u0259n qeyd-\u015f\u0259rtsiz \u00e7\u0131xar\u0131lmas\u0131 il\u0259 ba\u011fl\u0131 q\u0259tnam\u0259l\u0259r q\u0259bul edib. Bu q\u0259tnam\u0259l\u0259r yerin\u0259 yetirilm\u0259li v\u0259 Erm\u0259nistan qo\u015funlar\u0131 Az\u0259rbaycan \u0259razil\u0259rind\u0259n \u00e7\u0131xar\u0131lmal\u0131d\u0131r&#8221;. Parlament s\u0259drinin m\u00fcavini \u0259lav\u0259 edib ki, erm\u0259nil\u0259r t\u0259r\u0259find\u0259n Xocal\u0131da t\u00f6r\u0259dil\u0259nl\u0259r soyq\u0131r\u0131md\u0131r. Qeyd ed\u0259k ki, Heyd\u0259r \u018fliyev M\u0259rk\u0259zind\u0259 &#8220;Ayr\u0131-se\u00e7kilik, qeyri-b\u0259rab\u0259rlik v\u0259&hellip;<\/p>\n","protected":false},"author":2,"featured_media":54694,"comment_status":"closed","ping_status":"closed","sticky":false,"template":"","format":"standard","meta":{"om_disable_all_campaigns":false,"_monsterinsights_skip_tracking":false,"_monsterinsights_sitenote_active":false,"_monsterinsights_sitenote_note":"","_monsterinsights_sitenote_category":0},"categories":[4],"tags":[],"aioseo_notices":[],"gutentor_comment":0,"rttpg_featured_image_url":{"full":["https:\/\/arantv.az\/wp-content\/uploads\/2019\/05\/751717.jpg",800,600,false],"landscape":["https:\/\/arantv.az\/wp-content\/uploads\/2019\/05\/751717.jpg",800,600,false],"portraits":["https:\/\/arantv.az\/wp-content\/uploads\/2019\/05\/751717.jpg",800,600,false],"thumbnail":["https:\/\/arantv.az\/wp-content\/uploads\/2019\/05\/751717-150x150.jpg",150,150,true],"medium":["https:\/\/arantv.az\/wp-content\/uploads\/2019\/05\/751717-300x225.jpg",300,225,true],"large":["https:\/\/arantv.az\/wp-content\/uploads\/2019\/05\/751717.jpg",640,480,false],"1536x1536":["https:\/\/arantv.az\/wp-content\/uploads\/2019\/05\/751717.jpg",800,600,false],"2048x2048":["https:\/\/arantv.az\/wp-content\/uploads\/2019\/05\/751717.jpg",800,600,false],"post-thumbnail":["https:\/\/arantv.az\/wp-content\/uploads\/2019\/05\/751717-240x172.jpg",240,172,true],"advps-thumb-one":["https:\/\/arantv.az\/wp-content\/uploads\/2019\/05\/751717.jpg",800,600,false]},"rttpg_author":{"display_name":"V\u00fcsal Rafiqo\u011flu","author_link":"https:\/\/arantv.az\/?author=2"},"rttpg_comment":0,"rttpg_category":"<a href=\"https:\/\/arantv.az\/?cat=4\" rel=\"category\">Siyas\u0259t<\/a>","rttpg_excerpt":"&#8220;Pakistan Erm\u0259nistan-Az\u0259rbaycan Da\u011fl\u0131q Qaraba\u011f m\u0259s\u0259l\u0259sind\u0259 h\u0259r zaman Az\u0259rbaycan\u0131n m\u00f6vqeyini d\u0259st\u0259kl\u0259yir&#8221;. ARANTV.AZ\u00a0\u00a0Trend-\u0259 istinad\u0259n x\u0259b\u0259r verir ki, bunu Pakistan parlamentinin s\u0259dr m\u00fcavini Qas\u0131m Xan Suri V \u00dcmumd\u00fcnya M\u0259d\u0259niyy\u0259tl\u0259raras\u0131 Dialoq Forumu \u00e7\u0259r\u00e7iv\u0259sind\u0259 nazirl\u0259rin g\u00f6r\u00fc\u015f\u00fc zaman deyib. O qeyd edib ki, Da\u011fl\u0131q Qaraba\u011f m\u00fcnaqi\u015f\u0259si Az\u0259rbaycan\u0131n \u0259razi b\u00fct\u00f6vl\u00fcy\u00fc \u00e7\u0259r\u00e7iv\u0259sind\u0259 h\u0259ll olunmal\u0131d\u0131r: &#8220;BMT T\u0259hl\u00fck\u0259sizlik \u015euras\u0131 Erm\u0259nistan qo\u015funlar\u0131n\u0131n Az\u0259rbaycan \u0259razisind\u0259n qeyd-\u015f\u0259rtsiz \u00e7\u0131xar\u0131lmas\u0131&hellip;","_links":{"self":[{"href":"https:\/\/arantv.az\/index.php?rest_route=\/wp\/v2\/posts\/54693"}],"collection":[{"href":"https:\/\/arantv.az\/index.php?rest_route=\/wp\/v2\/posts"}],"about":[{"href":"https:\/\/arantv.az\/index.php?rest_route=\/wp\/v2\/types\/post"}],"author":[{"embeddable":true,"href":"https:\/\/arantv.az\/index.php?rest_route=\/wp\/v2\/users\/2"}],"replies":[{"embeddable":true,"href":"https:\/\/arantv.az\/index.php?rest_route=%2Fwp%2Fv2%2Fcomments&post=54693"}],"version-history":[{"count":0,"href":"https:\/\/arantv.az\/index.php?rest_route=\/wp\/v2\/posts\/54693\/revisions"}],"wp:featuredmedia":[{"embeddable":true,"href":"https:\/\/arantv.az\/index.php?rest_route=\/wp\/v2\/media\/54694"}],"wp:attachment":[{"href":"https:\/\/arantv.az\/index.php?rest_route=%2Fwp%2Fv2%2Fmedia&parent=54693"}],"wp:term":[{"taxonomy":"category","embeddable":true,"href":"https:\/\/arantv.az\/index.php?rest_route=%2Fwp%2Fv2%2Fcategories&post=54693"},{"taxonomy":"post_tag","embeddable":true,"href":"https:\/\/arantv.az\/index.php?rest_route=%2Fwp%2Fv2%2Ftags&post=54693"}],"curies":[{"name":"wp","href":"https:\/\/api.w.org\/{rel}","templated":true}]}}