{"id":54700,"date":"2019-05-03T08:22:51","date_gmt":"2019-05-03T05:22:51","guid":{"rendered":"http:\/\/arantv.az\/?p=54700"},"modified":"2019-05-03T08:22:51","modified_gmt":"2019-05-03T05:22:51","slug":"agdamda-heyd%c9%99r-%c9%99liyevin-dogum-gunu-munasib%c9%99til%c9%99-konsert-kecirilib-foto","status":"publish","type":"post","link":"https:\/\/arantv.az\/?p=54700","title":{"rendered":"A\u011fdamda Heyd\u0259r \u018fliyevin do\u011fum g\u00fcn\u00fc m\u00fcnasib\u0259til\u0259 konsert ke\u00e7irilib &#8211; FOTO"},"content":{"rendered":"<article class=\"news\">\n<div class=\"news-inner\">\n<p>\u00d6t\u0259n g\u00fcn Az\u0259rbaycan xalq\u0131n\u0131n \u00fcmummilli lideri Heyd\u0259r \u018fliyevin do\u011fum g\u00fcn\u00fc v\u0259 Heyd\u0259r \u018fliyev Fondunun 15 illiyi m\u00fcnasib\u0259til\u0259 A\u011fdamda konsert ke\u00e7irilib.<\/p>\n<p><strong>ARANTV.AZ<\/strong>-\u0131n m\u0259lumat\u0131na g\u00f6r\u0259, konsertd\u0259 xalq mahn\u0131lar\u0131, mu\u011fam ifalar\u0131 v\u0259 r\u0259qsl\u0259r t\u0259qdim edilib.<\/p>\n<p>Tan\u0131nm\u0131\u015f m\u00fc\u011f\u0259nnil\u0259rl\u0259 yana\u015f\u0131, g\u0259nc ifa\u00e7\u0131lar da tama\u015fa\u00e7\u0131lar qar\u015f\u0131s\u0131nda \u00e7\u0131x\u0131\u015f edib.<\/p>\n<p>Qeyd ed\u0259k ki, \u00fcmummilli lider Heyd\u0259r \u018fliyevin do\u011fum g\u00fcn\u00fc v\u0259 Heyd\u0259r \u018fliyev Fondunun 15 illiyi m\u00fcnasib\u0259til\u0259 bu g\u00fcn \u015e\u0259kid\u0259, may\u0131n 4-d\u0259 G\u0259nc\u0259d\u0259, may\u0131n 5-d\u0259 Xa\u00e7mazda, may\u0131n 6-da \u015eamax\u0131da, may\u0131n 7-d\u0259 is\u0259 L\u0259nk\u0259ran v\u0259 Nax\u00e7\u0131vanda konsertl\u0259r t\u0259\u015fkil olunacaq.<\/p>\n<p>Konsertl\u0259rd\u0259 mu\u011fam, folklor, a\u015f\u0131q, estrada v\u0259 pop\u00a0musiqi n\u00fcmun\u0259l\u0259ri, m\u00fcxt\u0259lif r\u0259qsl\u0259r t\u0259qdim edil\u0259c\u0259k.<\/p>\n<div class=\"gallery\">\n<div class=\"gallery-i\"><img src=\"https:\/\/assets.oxu.az\/uploads\/W1siZiIsIjIwMTkvMDUvMDMvMDgvNDIvNDcvYTQ1YzEyZTctZGFjZC00OWVjLWE2MGItMjAzOWY0MTY5YzNlLzIuanBlZyJdLFsicCIsImVuY29kZSIsImpwZyIsIi1xdWFsaXR5IDgwIl0sWyJwIiwidGh1bWIiLCI1OTB4NTkwXHUwMDNlIl1d?sha=72b4a9442904cac9\" alt=\"\" \/><\/p>\n<div class=\"gallery-i-caption\"><\/div>\n<\/div>\n<div class=\"gallery-i\"><img src=\"https:\/\/assets.oxu.az\/uploads\/W1siZiIsIjIwMTkvMDUvMDMvMDgvNDIvNDcvZDcyYmRkOGEtNDZmMi00N2E1LWFiYzctZDgyYWRkOTA3OTllLzMuanBlZyJdLFsicCIsImVuY29kZSIsImpwZyIsIi1xdWFsaXR5IDgwIl0sWyJwIiwidGh1bWIiLCI1OTB4NTkwXHUwMDNlIl1d?sha=e7a38434dfa120ff\" alt=\"\" \/><\/p>\n<div class=\"gallery-i-caption\"><\/div>\n<\/div>\n<div class=\"gallery-i\"><img src=\"https:\/\/assets.oxu.az\/uploads\/W1siZiIsIjIwMTkvMDUvMDMvMDgvNDIvNDcvYjUyMzI2OTYtMTRkMC00OGY1LWIxOTgtZjBhOWNhZGJmN2NlLzQuanBlZyJdLFsicCIsImVuY29kZSIsImpwZyIsIi1xdWFsaXR5IDgwIl0sWyJwIiwidGh1bWIiLCI1OTB4NTkwXHUwMDNlIl1d?sha=56631ed271fb5d87\" alt=\"\" \/><\/p>\n<div class=\"gallery-i-caption\"><\/div>\n<\/div>\n<div class=\"gallery-i\"><img src=\"https:\/\/assets.oxu.az\/uploads\/W1siZiIsIjIwMTkvMDUvMDMvMDgvNDIvNDcvNDY3ZTNiODctOWZlZC00NTdjLWJjNTQtMTZjZjM0MDA1NjRjLzguanBlZyJdLFsicCIsImVuY29kZSIsImpwZyIsIi1xdWFsaXR5IDgwIl0sWyJwIiwidGh1bWIiLCI1OTB4NTkwXHUwMDNlIl1d?sha=f00ccdc63e92a27d\" alt=\"\" \/><\/p>\n<div class=\"gallery-i-caption\"><\/div>\n<\/div>\n<div class=\"gallery-i\"><img src=\"https:\/\/assets.oxu.az\/uploads\/W1siZiIsIjIwMTkvMDUvMDMvMDgvNDIvNDgvZDllNzU2ZGUtZWUyOS00NmVhLTg5YzItMDRjMjBmZDA0N2FkLzkuanBlZyJdLFsicCIsImVuY29kZSIsImpwZyIsIi1xdWFsaXR5IDgwIl0sWyJwIiwidGh1bWIiLCI1OTB4NTkwXHUwMDNlIl1d?sha=648900a44daf35af\" alt=\"\" \/><\/p>\n<div class=\"gallery-i-caption\"><\/div>\n<\/div>\n<\/div>\n<p>&nbsp;<\/p>\n<\/div>\n<\/article>\n<h5 class=\"news-share-title\"><strong>oxu.az<\/strong><\/h5>\n","protected":false},"excerpt":{"rendered":"<p>\u00d6t\u0259n g\u00fcn Az\u0259rbaycan xalq\u0131n\u0131n \u00fcmummilli lideri Heyd\u0259r \u018fliyevin do\u011fum g\u00fcn\u00fc v\u0259 Heyd\u0259r \u018fliyev Fondunun 15 illiyi m\u00fcnasib\u0259til\u0259 A\u011fdamda konsert ke\u00e7irilib. ARANTV.AZ-\u0131n m\u0259lumat\u0131na g\u00f6r\u0259, konsertd\u0259 xalq mahn\u0131lar\u0131, mu\u011fam ifalar\u0131 v\u0259 r\u0259qsl\u0259r t\u0259qdim edilib. Tan\u0131nm\u0131\u015f m\u00fc\u011f\u0259nnil\u0259rl\u0259 yana\u015f\u0131, g\u0259nc ifa\u00e7\u0131lar da tama\u015fa\u00e7\u0131lar qar\u015f\u0131s\u0131nda \u00e7\u0131x\u0131\u015f edib. Qeyd ed\u0259k ki, \u00fcmummilli lider Heyd\u0259r \u018fliyevin do\u011fum g\u00fcn\u00fc v\u0259 Heyd\u0259r \u018fliyev Fondunun 15 illiyi m\u00fcnasib\u0259til\u0259 bu g\u00fcn \u015e\u0259kid\u0259, may\u0131n 4-d\u0259 G\u0259nc\u0259d\u0259, may\u0131n 5-d\u0259 Xa\u00e7mazda, may\u0131n 6-da \u015eamax\u0131da, may\u0131n 7-d\u0259 is\u0259 L\u0259nk\u0259ran v\u0259 Nax\u00e7\u0131vanda konsertl\u0259r t\u0259\u015fkil olunacaq. Konsertl\u0259rd\u0259 mu\u011fam, folklor, a\u015f\u0131q, estrada v\u0259 pop\u00a0musiqi n\u00fcmun\u0259l\u0259ri, m\u00fcxt\u0259lif r\u0259qsl\u0259r t\u0259qdim&hellip;<\/p>\n","protected":false},"author":2,"featured_media":54702,"comment_status":"closed","ping_status":"closed","sticky":false,"template":"","format":"standard","meta":{"om_disable_all_campaigns":false,"_monsterinsights_skip_tracking":false,"_monsterinsights_sitenote_active":false,"_monsterinsights_sitenote_note":"","_monsterinsights_sitenote_category":0},"categories":[1,2],"tags":[],"aioseo_notices":[],"gutentor_comment":0,"rttpg_featured_image_url":{"full":["https:\/\/arantv.az\/wp-content\/uploads\/2019\/05\/1-2.jpg",620,413,false],"landscape":["https:\/\/arantv.az\/wp-content\/uploads\/2019\/05\/1-2.jpg",620,413,false],"portraits":["https:\/\/arantv.az\/wp-content\/uploads\/2019\/05\/1-2.jpg",620,413,false],"thumbnail":["https:\/\/arantv.az\/wp-content\/uploads\/2019\/05\/1-2-150x150.jpg",150,150,true],"medium":["https:\/\/arantv.az\/wp-content\/uploads\/2019\/05\/1-2-300x200.jpg",300,200,true],"large":["https:\/\/arantv.az\/wp-content\/uploads\/2019\/05\/1-2.jpg",620,413,false],"1536x1536":["https:\/\/arantv.az\/wp-content\/uploads\/2019\/05\/1-2.jpg",620,413,false],"2048x2048":["https:\/\/arantv.az\/wp-content\/uploads\/2019\/05\/1-2.jpg",620,413,false],"post-thumbnail":["https:\/\/arantv.az\/wp-content\/uploads\/2019\/05\/1-2-240x172.jpg",240,172,true],"advps-thumb-one":["https:\/\/arantv.az\/wp-content\/uploads\/2019\/05\/1-2.jpg",620,413,false]},"rttpg_author":{"display_name":"V\u00fcsal Rafiqo\u011flu","author_link":"https:\/\/arantv.az\/?author=2"},"rttpg_comment":0,"rttpg_category":"<a href=\"https:\/\/arantv.az\/?cat=1\" rel=\"category\">C\u0259miyy\u0259t<\/a> <a href=\"https:\/\/arantv.az\/?cat=2\" rel=\"category\">Region X\u0259b\u0259rl\u0259ri<\/a>","rttpg_excerpt":"\u00d6t\u0259n g\u00fcn Az\u0259rbaycan xalq\u0131n\u0131n \u00fcmummilli lideri Heyd\u0259r \u018fliyevin do\u011fum g\u00fcn\u00fc v\u0259 Heyd\u0259r \u018fliyev Fondunun 15 illiyi m\u00fcnasib\u0259til\u0259 A\u011fdamda konsert ke\u00e7irilib. ARANTV.AZ-\u0131n m\u0259lumat\u0131na g\u00f6r\u0259, konsertd\u0259 xalq mahn\u0131lar\u0131, mu\u011fam ifalar\u0131 v\u0259 r\u0259qsl\u0259r t\u0259qdim edilib. Tan\u0131nm\u0131\u015f m\u00fc\u011f\u0259nnil\u0259rl\u0259 yana\u015f\u0131, g\u0259nc ifa\u00e7\u0131lar da tama\u015fa\u00e7\u0131lar qar\u015f\u0131s\u0131nda \u00e7\u0131x\u0131\u015f edib. Qeyd ed\u0259k ki, \u00fcmummilli lider Heyd\u0259r \u018fliyevin do\u011fum g\u00fcn\u00fc v\u0259 Heyd\u0259r \u018fliyev Fondunun&hellip;","_links":{"self":[{"href":"https:\/\/arantv.az\/index.php?rest_route=\/wp\/v2\/posts\/54700"}],"collection":[{"href":"https:\/\/arantv.az\/index.php?rest_route=\/wp\/v2\/posts"}],"about":[{"href":"https:\/\/arantv.az\/index.php?rest_route=\/wp\/v2\/types\/post"}],"author":[{"embeddable":true,"href":"https:\/\/arantv.az\/index.php?rest_route=\/wp\/v2\/users\/2"}],"replies":[{"embeddable":true,"href":"https:\/\/arantv.az\/index.php?rest_route=%2Fwp%2Fv2%2Fcomments&post=54700"}],"version-history":[{"count":0,"href":"https:\/\/arantv.az\/index.php?rest_route=\/wp\/v2\/posts\/54700\/revisions"}],"wp:featuredmedia":[{"embeddable":true,"href":"https:\/\/arantv.az\/index.php?rest_route=\/wp\/v2\/media\/54702"}],"wp:attachment":[{"href":"https:\/\/arantv.az\/index.php?rest_route=%2Fwp%2Fv2%2Fmedia&parent=54700"}],"wp:term":[{"taxonomy":"category","embeddable":true,"href":"https:\/\/arantv.az\/index.php?rest_route=%2Fwp%2Fv2%2Fcategories&post=54700"},{"taxonomy":"post_tag","embeddable":true,"href":"https:\/\/arantv.az\/index.php?rest_route=%2Fwp%2Fv2%2Ftags&post=54700"}],"curies":[{"name":"wp","href":"https:\/\/api.w.org\/{rel}","templated":true}]}}