{"id":54711,"date":"2019-05-03T08:31:36","date_gmt":"2019-05-03T05:31:36","guid":{"rendered":"http:\/\/arantv.az\/?p=54711"},"modified":"2019-05-03T08:31:36","modified_gmt":"2019-05-03T05:31:36","slug":"m%c9%99d%c9%99niyy%c9%99tl%c9%99rarasi-dialoq-forumu-plenar-v%c9%99-araliq-sessiyalarla-davam-etdirir","status":"publish","type":"post","link":"https:\/\/arantv.az\/?p=54711","title":{"rendered":"M\u0259d\u0259niyy\u0259tl\u0259raras\u0131 Dialoq Forumu plenar v\u0259 aral\u0131q sessiyalarla davam etdirir"},"content":{"rendered":"<p>Bak\u0131da &#8220;Ayr\u0131-se\u00e7kilik, qeyri-b\u0259rab\u0259rlik v\u0259 zorak\u0131 m\u00fcnaqi\u015f\u0259y\u0259 qar\u015f\u0131 f\u0259aliyy\u0259t namin\u0259 dialoq quraq&#8221; \u015f\u00fcar\u0131 alt\u0131nda 5-ci \u00dcmumd\u00fcnya M\u0259d\u0259niyy\u0259tl\u0259raras\u0131 Dialoq Forumu bu g\u00fcn \u00f6z i\u015fini panel iclaslarla davam etdirir.<\/p>\n<p><strong>ARANTV.AZ<\/strong>\u00a0<a href=\"https:\/\/az.trend.az\/\" target=\"_blank\" rel=\"noopener\"><span style=\"color: #000000;\">Trend<\/span><\/a>-\u0259 istinad\u0259n x\u0259b\u0259r verir ki, Forum \u00e7\u0259r\u00e7iv\u0259sind\u0259 m\u0259d\u0259niyy\u0259tl\u0259raras\u0131 dialoq v\u0259 insan l\u0259yaq\u0259tini t\u0259bli\u011f etm\u0259kl\u0259 inkl\u00fcziv v\u0259 davaml\u0131 c\u0259miyy\u0259tl\u0259rin qurulmas\u0131nda d\u00f6vl\u0259t, \u00f6z\u0259l v\u0259 \u00fc\u00e7\u00fcnc\u00fc sektoru t\u0259msil ed\u0259n t\u0259\u015fkilatlar \u00fc\u00e7\u00fcn \u00fcmumi yol x\u0259rit\u0259sini haz\u0131rlamaq m\u0259qs\u0259dil\u0259 dig\u0259r maraql\u0131 t\u0259r\u0259fl\u0259rl\u0259 yana\u015f\u0131, h\u0259m d\u0259 siyasi, iqtisadi, maliyy\u0259, h\u0259rbi, humanitar v\u0259 sosial t\u0259\u015fkilatlar aras\u0131nda t\u0259r\u0259fda\u015fl\u0131\u011f\u0131n formala\u015fd\u0131r\u0131lmas\u0131 \u00fc\u00e7\u00fcn beyn\u0259lxalq t\u0259\u015fkilatlar\u0131n v\u0259 nazirl\u0259rin 2-ci y\u00fcks\u0259k s\u0259viyy\u0259li g\u00f6r\u00fc\u015f\u00fc n\u0259z\u0259rd\u0259 tutulub.<\/p>\n<p>Eyni zamanda &#8220;Akademik Forum: dinl\u0259raras\u0131 dialoq v\u0259 dini m\u00fcxt\u0259lifliyin idar\u0259 olunmas\u0131&#8221;, &#8220;M\u00fcxt\u0259lifliyin idar\u0259 olunmas\u0131: \u00e7oxs\u0259viyy\u0259li v\u0259 \u00e7oxt\u0259r\u0259fli \u0259m\u0259kda\u015fl\u0131q&#8221;, &#8220;Qlobal v\u0259t\u0259nda\u015fl\u0131q t\u0259hsili: s\u00fclh m\u0259d\u0259niyy\u0259tinin a\u015f\u0131lanmas\u0131&#8221;, &#8220;S\u00fclh namin\u0259 \u00e7oxt\u0259r\u0259flilik v\u0259 diplomatiya&#8221;, &#8220;T\u00fcrkdilli \u00f6lk\u0259l\u0259r aras\u0131nda dialoqun qurulmas\u0131nda B\u00f6y\u00fck \u0130p\u0259k Yolunun rolu&#8221; v\u0259 dig\u0259r m\u00f6vzularda plenar v\u0259 aral\u0131q sessiyalar ke\u00e7iril\u0259c\u0259k. H\u0259m\u00e7inin t\u0259dbir g\u00fcnl\u0259rind\u0259 qonaqlar \u00fc\u00e7\u00fcn s\u0259rgi d\u0259 a\u00e7\u0131lacaq, musiqili proqramlar t\u0259\u015fkil edil\u0259c\u0259k.<\/p>\n<p>Xat\u0131rladaq ki, may\u0131n 2-d\u0259 Heyd\u0259r \u018fliyev M\u0259rk\u0259zind\u0259 &#8220;Ayr\u0131-se\u00e7kilik, qeyri-b\u0259rab\u0259rlik v\u0259 zorak\u0131 m\u00fcnaqi\u015f\u0259y\u0259 qar\u015f\u0131 f\u0259aliyy\u0259t namin\u0259 dialoq quraq&#8221; \u015f\u00fcar\u0131 alt\u0131nda V \u00dcmumd\u00fcnya M\u0259d\u0259niyy\u0259tl\u0259raras\u0131 Dialoq Forumu i\u015f\u0259 ba\u015flay\u0131b.<\/p>\n<p>\u0130ki g\u00fcn davam ed\u0259c\u0259k Forum Az\u0259rbaycan h\u00f6kum\u0259tinin t\u0259\u015fkilat\u00e7\u0131l\u0131\u011f\u0131, UNESCO, BMT-nin Sivilizasiyalar Alyans\u0131, D\u00fcnya Turizm T\u0259\u015fkilat\u0131, Avropa \u015euras\u0131 v\u0259 ISESCO-nun t\u0259r\u0259fda\u015fl\u0131\u011f\u0131 il\u0259 ke\u00e7irilir. T\u0259dbird\u0259 100-d\u0259n \u00e7ox \u00f6lk\u0259nin v\u0259 30-dan \u00e7ox beyn\u0259lxalq t\u0259\u015fkilat\u0131n y\u00fcks\u0259ks\u0259viyy\u0259li r\u0259smil\u0259ri i\u015ftirak edirl\u0259r.<\/p>\n","protected":false},"excerpt":{"rendered":"<p>Bak\u0131da &#8220;Ayr\u0131-se\u00e7kilik, qeyri-b\u0259rab\u0259rlik v\u0259 zorak\u0131 m\u00fcnaqi\u015f\u0259y\u0259 qar\u015f\u0131 f\u0259aliyy\u0259t namin\u0259 dialoq quraq&#8221; \u015f\u00fcar\u0131 alt\u0131nda 5-ci \u00dcmumd\u00fcnya M\u0259d\u0259niyy\u0259tl\u0259raras\u0131 Dialoq Forumu bu g\u00fcn \u00f6z i\u015fini panel iclaslarla davam etdirir. ARANTV.AZ\u00a0Trend-\u0259 istinad\u0259n x\u0259b\u0259r verir ki, Forum \u00e7\u0259r\u00e7iv\u0259sind\u0259 m\u0259d\u0259niyy\u0259tl\u0259raras\u0131 dialoq v\u0259 insan l\u0259yaq\u0259tini t\u0259bli\u011f etm\u0259kl\u0259 inkl\u00fcziv v\u0259 davaml\u0131 c\u0259miyy\u0259tl\u0259rin qurulmas\u0131nda d\u00f6vl\u0259t, \u00f6z\u0259l v\u0259 \u00fc\u00e7\u00fcnc\u00fc sektoru t\u0259msil ed\u0259n t\u0259\u015fkilatlar \u00fc\u00e7\u00fcn \u00fcmumi yol x\u0259rit\u0259sini haz\u0131rlamaq m\u0259qs\u0259dil\u0259 dig\u0259r maraql\u0131 t\u0259r\u0259fl\u0259rl\u0259 yana\u015f\u0131, h\u0259m d\u0259 siyasi, iqtisadi, maliyy\u0259, h\u0259rbi, humanitar v\u0259 sosial t\u0259\u015fkilatlar aras\u0131nda t\u0259r\u0259fda\u015fl\u0131\u011f\u0131n formala\u015fd\u0131r\u0131lmas\u0131 \u00fc\u00e7\u00fcn beyn\u0259lxalq t\u0259\u015fkilatlar\u0131n v\u0259 nazirl\u0259rin 2-ci y\u00fcks\u0259k s\u0259viyy\u0259li g\u00f6r\u00fc\u015f\u00fc n\u0259z\u0259rd\u0259 tutulub. Eyni zamanda &#8220;Akademik&hellip;<\/p>\n","protected":false},"author":2,"featured_media":54712,"comment_status":"closed","ping_status":"closed","sticky":false,"template":"","format":"standard","meta":{"om_disable_all_campaigns":false,"_monsterinsights_skip_tracking":false,"_monsterinsights_sitenote_active":false,"_monsterinsights_sitenote_note":"","_monsterinsights_sitenote_category":0},"categories":[4],"tags":[],"aioseo_notices":[],"gutentor_comment":0,"rttpg_featured_image_url":{"full":["https:\/\/arantv.az\/wp-content\/uploads\/2019\/05\/751819.jpg",800,600,false],"landscape":["https:\/\/arantv.az\/wp-content\/uploads\/2019\/05\/751819.jpg",800,600,false],"portraits":["https:\/\/arantv.az\/wp-content\/uploads\/2019\/05\/751819.jpg",800,600,false],"thumbnail":["https:\/\/arantv.az\/wp-content\/uploads\/2019\/05\/751819-150x150.jpg",150,150,true],"medium":["https:\/\/arantv.az\/wp-content\/uploads\/2019\/05\/751819-300x225.jpg",300,225,true],"large":["https:\/\/arantv.az\/wp-content\/uploads\/2019\/05\/751819.jpg",640,480,false],"1536x1536":["https:\/\/arantv.az\/wp-content\/uploads\/2019\/05\/751819.jpg",800,600,false],"2048x2048":["https:\/\/arantv.az\/wp-content\/uploads\/2019\/05\/751819.jpg",800,600,false],"post-thumbnail":["https:\/\/arantv.az\/wp-content\/uploads\/2019\/05\/751819-240x172.jpg",240,172,true],"advps-thumb-one":["https:\/\/arantv.az\/wp-content\/uploads\/2019\/05\/751819.jpg",800,600,false]},"rttpg_author":{"display_name":"V\u00fcsal Rafiqo\u011flu","author_link":"https:\/\/arantv.az\/?author=2"},"rttpg_comment":0,"rttpg_category":"<a href=\"https:\/\/arantv.az\/?cat=4\" rel=\"category\">Siyas\u0259t<\/a>","rttpg_excerpt":"Bak\u0131da &#8220;Ayr\u0131-se\u00e7kilik, qeyri-b\u0259rab\u0259rlik v\u0259 zorak\u0131 m\u00fcnaqi\u015f\u0259y\u0259 qar\u015f\u0131 f\u0259aliyy\u0259t namin\u0259 dialoq quraq&#8221; \u015f\u00fcar\u0131 alt\u0131nda 5-ci \u00dcmumd\u00fcnya M\u0259d\u0259niyy\u0259tl\u0259raras\u0131 Dialoq Forumu bu g\u00fcn \u00f6z i\u015fini panel iclaslarla davam etdirir. ARANTV.AZ\u00a0Trend-\u0259 istinad\u0259n x\u0259b\u0259r verir ki, Forum \u00e7\u0259r\u00e7iv\u0259sind\u0259 m\u0259d\u0259niyy\u0259tl\u0259raras\u0131 dialoq v\u0259 insan l\u0259yaq\u0259tini t\u0259bli\u011f etm\u0259kl\u0259 inkl\u00fcziv v\u0259 davaml\u0131 c\u0259miyy\u0259tl\u0259rin qurulmas\u0131nda d\u00f6vl\u0259t, \u00f6z\u0259l v\u0259 \u00fc\u00e7\u00fcnc\u00fc sektoru t\u0259msil ed\u0259n t\u0259\u015fkilatlar \u00fc\u00e7\u00fcn \u00fcmumi&hellip;","_links":{"self":[{"href":"https:\/\/arantv.az\/index.php?rest_route=\/wp\/v2\/posts\/54711"}],"collection":[{"href":"https:\/\/arantv.az\/index.php?rest_route=\/wp\/v2\/posts"}],"about":[{"href":"https:\/\/arantv.az\/index.php?rest_route=\/wp\/v2\/types\/post"}],"author":[{"embeddable":true,"href":"https:\/\/arantv.az\/index.php?rest_route=\/wp\/v2\/users\/2"}],"replies":[{"embeddable":true,"href":"https:\/\/arantv.az\/index.php?rest_route=%2Fwp%2Fv2%2Fcomments&post=54711"}],"version-history":[{"count":0,"href":"https:\/\/arantv.az\/index.php?rest_route=\/wp\/v2\/posts\/54711\/revisions"}],"wp:featuredmedia":[{"embeddable":true,"href":"https:\/\/arantv.az\/index.php?rest_route=\/wp\/v2\/media\/54712"}],"wp:attachment":[{"href":"https:\/\/arantv.az\/index.php?rest_route=%2Fwp%2Fv2%2Fmedia&parent=54711"}],"wp:term":[{"taxonomy":"category","embeddable":true,"href":"https:\/\/arantv.az\/index.php?rest_route=%2Fwp%2Fv2%2Fcategories&post=54711"},{"taxonomy":"post_tag","embeddable":true,"href":"https:\/\/arantv.az\/index.php?rest_route=%2Fwp%2Fv2%2Ftags&post=54711"}],"curies":[{"name":"wp","href":"https:\/\/api.w.org\/{rel}","templated":true}]}}