{"id":54723,"date":"2019-05-03T08:42:03","date_gmt":"2019-05-03T05:42:03","guid":{"rendered":"http:\/\/arantv.az\/?p=54723"},"modified":"2019-05-03T08:42:03","modified_gmt":"2019-05-03T05:42:03","slug":"oruc-tutacaq-s%c9%99xsl%c9%99r-mutl%c9%99q-bunlari-edin-imsak-v%c9%99-iftar-vaxti-video","status":"publish","type":"post","link":"https:\/\/arantv.az\/?p=54723","title":{"rendered":"Oruc tutacaq \u015f\u0259xsl\u0259r, m\u00fctl\u0259q BUNLARI ED\u0130N: imsak v\u0259 iftar vaxt\u0131.. &#8211; V\u0130DEO"},"content":{"rendered":"<p><strong>X\u0259b\u0259r verdiyimiz kimi may\u0131n 6-da m\u00fcq\u0259dd\u0259s Ramazan ay\u0131 ba\u015flay\u0131r.<\/strong><\/p>\n<p><strong>M\u00fcs\u0259lmanlar bu ay \u0259rzind\u0259 \u0130slam dininin 5 vacib ibad\u0259t \u0259m\u0259lind\u0259n biri olan orcu tutacaqlar.<\/strong><\/p>\n<p><strong>G\u00fcn \u0259rzind\u0259 saatlarla ac qalmaq \u00fc\u00e7\u00fcn orqanizmin enerjiy\u0259 v\u0259 m\u00fcqavim\u0259t\u0259 lehtiyac\u0131 olacaq. Ramazan ay\u0131 \u0259rzind\u0259 sa\u011flam v\u0259 enerjili qala bilm\u0259k \u00fc\u00e7\u00fcns\u0259 d\u00fczg\u00fcn qidalanma\u011fa x\u00fcsusi diqq\u0259t yetirm\u0259k laz\u0131md\u0131r.<\/strong><\/p>\n<p><b>ARANTV.AZ\u00a0<\/b>bununla ba\u011fl\u0131 haz\u0131rlad\u0131\u011f\u0131 videonu t\u0259qdim edir:<\/p>\n<p><iframe loading=\"lazy\" src=\"https:\/\/www.youtube.com\/embed\/I4HIEb2xkzU\" width=\"800\" height=\"400\" frameborder=\"0\" allowfullscreen=\"allowfullscreen\" data-mce-fragment=\"1\"><\/iframe><\/p>\n<p><b>publika.az<\/b><\/p>\n","protected":false},"excerpt":{"rendered":"<p>X\u0259b\u0259r verdiyimiz kimi may\u0131n 6-da m\u00fcq\u0259dd\u0259s Ramazan ay\u0131 ba\u015flay\u0131r. M\u00fcs\u0259lmanlar bu ay \u0259rzind\u0259 \u0130slam dininin 5 vacib ibad\u0259t \u0259m\u0259lind\u0259n biri olan orcu tutacaqlar. G\u00fcn \u0259rzind\u0259 saatlarla ac qalmaq \u00fc\u00e7\u00fcn orqanizmin enerjiy\u0259 v\u0259 m\u00fcqavim\u0259t\u0259 lehtiyac\u0131 olacaq. Ramazan ay\u0131 \u0259rzind\u0259 sa\u011flam v\u0259 enerjili qala bilm\u0259k \u00fc\u00e7\u00fcns\u0259 d\u00fczg\u00fcn qidalanma\u011fa x\u00fcsusi diqq\u0259t yetirm\u0259k laz\u0131md\u0131r. ARANTV.AZ\u00a0bununla ba\u011fl\u0131 haz\u0131rlad\u0131\u011f\u0131 videonu t\u0259qdim edir: publika.az<\/p>\n","protected":false},"author":2,"featured_media":54724,"comment_status":"closed","ping_status":"closed","sticky":false,"template":"","format":"standard","meta":{"om_disable_all_campaigns":false,"_monsterinsights_skip_tracking":false,"_monsterinsights_sitenote_active":false,"_monsterinsights_sitenote_note":"","_monsterinsights_sitenote_category":0},"categories":[1],"tags":[],"aioseo_notices":[],"gutentor_comment":0,"rttpg_featured_image_url":{"full":["https:\/\/arantv.az\/wp-content\/uploads\/2019\/05\/qida.jpg",800,450,false],"landscape":["https:\/\/arantv.az\/wp-content\/uploads\/2019\/05\/qida.jpg",800,450,false],"portraits":["https:\/\/arantv.az\/wp-content\/uploads\/2019\/05\/qida.jpg",800,450,false],"thumbnail":["https:\/\/arantv.az\/wp-content\/uploads\/2019\/05\/qida-150x150.jpg",150,150,true],"medium":["https:\/\/arantv.az\/wp-content\/uploads\/2019\/05\/qida-300x169.jpg",300,169,true],"large":["https:\/\/arantv.az\/wp-content\/uploads\/2019\/05\/qida.jpg",640,360,false],"1536x1536":["https:\/\/arantv.az\/wp-content\/uploads\/2019\/05\/qida.jpg",800,450,false],"2048x2048":["https:\/\/arantv.az\/wp-content\/uploads\/2019\/05\/qida.jpg",800,450,false],"post-thumbnail":["https:\/\/arantv.az\/wp-content\/uploads\/2019\/05\/qida-240x172.jpg",240,172,true],"advps-thumb-one":["https:\/\/arantv.az\/wp-content\/uploads\/2019\/05\/qida.jpg",800,450,false]},"rttpg_author":{"display_name":"V\u00fcsal Rafiqo\u011flu","author_link":"https:\/\/arantv.az\/?author=2"},"rttpg_comment":0,"rttpg_category":"<a href=\"https:\/\/arantv.az\/?cat=1\" rel=\"category\">C\u0259miyy\u0259t<\/a>","rttpg_excerpt":"X\u0259b\u0259r verdiyimiz kimi may\u0131n 6-da m\u00fcq\u0259dd\u0259s Ramazan ay\u0131 ba\u015flay\u0131r. M\u00fcs\u0259lmanlar bu ay \u0259rzind\u0259 \u0130slam dininin 5 vacib ibad\u0259t \u0259m\u0259lind\u0259n biri olan orcu tutacaqlar. G\u00fcn \u0259rzind\u0259 saatlarla ac qalmaq \u00fc\u00e7\u00fcn orqanizmin enerjiy\u0259 v\u0259 m\u00fcqavim\u0259t\u0259 lehtiyac\u0131 olacaq. Ramazan ay\u0131 \u0259rzind\u0259 sa\u011flam v\u0259 enerjili qala bilm\u0259k \u00fc\u00e7\u00fcns\u0259 d\u00fczg\u00fcn qidalanma\u011fa x\u00fcsusi diqq\u0259t yetirm\u0259k laz\u0131md\u0131r. ARANTV.AZ\u00a0bununla ba\u011fl\u0131 haz\u0131rlad\u0131\u011f\u0131 videonu t\u0259qdim&hellip;","_links":{"self":[{"href":"https:\/\/arantv.az\/index.php?rest_route=\/wp\/v2\/posts\/54723"}],"collection":[{"href":"https:\/\/arantv.az\/index.php?rest_route=\/wp\/v2\/posts"}],"about":[{"href":"https:\/\/arantv.az\/index.php?rest_route=\/wp\/v2\/types\/post"}],"author":[{"embeddable":true,"href":"https:\/\/arantv.az\/index.php?rest_route=\/wp\/v2\/users\/2"}],"replies":[{"embeddable":true,"href":"https:\/\/arantv.az\/index.php?rest_route=%2Fwp%2Fv2%2Fcomments&post=54723"}],"version-history":[{"count":0,"href":"https:\/\/arantv.az\/index.php?rest_route=\/wp\/v2\/posts\/54723\/revisions"}],"wp:featuredmedia":[{"embeddable":true,"href":"https:\/\/arantv.az\/index.php?rest_route=\/wp\/v2\/media\/54724"}],"wp:attachment":[{"href":"https:\/\/arantv.az\/index.php?rest_route=%2Fwp%2Fv2%2Fmedia&parent=54723"}],"wp:term":[{"taxonomy":"category","embeddable":true,"href":"https:\/\/arantv.az\/index.php?rest_route=%2Fwp%2Fv2%2Fcategories&post=54723"},{"taxonomy":"post_tag","embeddable":true,"href":"https:\/\/arantv.az\/index.php?rest_route=%2Fwp%2Fv2%2Ftags&post=54723"}],"curies":[{"name":"wp","href":"https:\/\/api.w.org\/{rel}","templated":true}]}}