{"id":54726,"date":"2019-05-03T08:43:11","date_gmt":"2019-05-03T05:43:11","guid":{"rendered":"http:\/\/arantv.az\/?p=54726"},"modified":"2019-05-03T08:43:11","modified_gmt":"2019-05-03T05:43:11","slug":"bolg%c9%99l%c9%99rd%c9%99n-bolg%c9%99l%c9%99r%c9%99-festivali-lerikd%c9%99-foto","status":"publish","type":"post","link":"https:\/\/arantv.az\/?p=54726","title":{"rendered":"\u201cB\u00f6lg\u0259l\u0259rd\u0259n B\u00f6lg\u0259l\u0259r\u0259\u201d festival\u0131 Lerikd\u0259 &#8211; FOTO"},"content":{"rendered":"<div class=\"row\">\n<div class=\"post single\">\n<div class=\"post_content page_margin_top_section clearfix\">\n<div class=\"content_box\">\n<div class=\"text\">\n<p><strong>\u018fn\u0259n\u0259vi \u201cB\u00f6lg\u0259l\u0259rd\u0259n B\u00f6lg\u0259l\u0259r\u0259\u201d Yarad\u0131c\u0131l\u0131q Festival\u0131n\u0131n n\u00f6vb\u0259ti \u00fcnvan\u0131 Az\u0259rbaycan\u0131n dilb\u0259r gu\u015f\u0259l\u0259rind\u0259n biri, da\u011flar diyar\u0131, uzun\u00f6m\u00fcrl\u00fcl\u0259r m\u0259sk\u0259ni Lerik rayonu olub.<\/strong><\/p>\n<p><b>ARANTV.AZ\u00a0<\/b>Az\u0259rtac-a istinad\u0259n x\u0259b\u0259r verir ki, Yarad\u0131c\u0131l\u0131q Festival\u0131 M\u0259d\u0259niyy\u0259t Nazirliyinin regional m\u0259d\u0259niyy\u0259t idar\u0259l\u0259rini \u0259hat\u0259 ed\u0259n rayon v\u0259 \u015f\u0259h\u0259rl\u0259rin i\u015ftirak\u0131 il\u0259 Heyd\u0259r \u018fliyev Meydan\u0131nda ba\u015f tutub.<\/p>\n<p>M\u0259d\u0259niyy\u0259t bayram\u0131nda M\u0259d\u0259niyy\u0259t Nazirliyinin n\u00fcmay\u0259nd\u0259l\u0259ri, regional m\u0259d\u0259niyy\u0259t idar\u0259l\u0259rinin r\u0259isl\u0259ri, m\u0259d\u0259niyy\u0259t i\u015f\u00e7il\u0259ri festival\u0131n s\u0259rgi hiss\u0259sin\u0259 bax\u0131\u015f ke\u00e7iribl\u0259r.<\/p>\n<p>\u201cB\u00f6lg\u0259l\u0259rd\u0259n B\u00f6lg\u0259l\u0259r\u0259\u201d Yarad\u0131c\u0131l\u0131q Festival\u0131n\u0131n s\u0259rgi hiss\u0259sind\u0259 \u00e7ad\u0131rlar qurularaq metali\u015fl\u0259m\u0259nin f\u0259rqli texnika v\u0259 \u00fcsullarda haz\u0131rlanan misg\u0259rlik n\u00fcmun\u0259l\u0259ri, m\u0259i\u015f\u0259t qablar\u0131, k\u0259la\u011fay\u0131lar, b\u0259dii tikm\u0259nin bir \u00e7ox n\u00f6v\u00fcn\u0259 aid z\u0259rif nax\u0131\u015fl\u0131 tikm\u0259l\u0259ri, \u00e7ay da\u015flar\u0131 v\u0259 a\u011fac, muncuq, ka\u011f\u0131z v\u0259 dig\u0259r materiallardan haz\u0131rlanan b\u0259z\u0259k \u0259\u015fyalar\u0131, h\u0259sird\u0259n h\u00f6rm\u0259, toxuma \u0259l i\u015fl\u0259ri, a\u011facoyma v\u0259 dulus\u00e7uluq kimi dig\u0259r s\u0259n\u0259t n\u00f6vl\u0259rin\u0259 aid olan yarad\u0131c\u0131l\u0131q n\u00fcmun\u0259l\u0259ri s\u0259rgil\u0259nib.<\/p>\n<p>Festivalda s\u0259n\u0259tkarlar aras\u0131nda fiziki imkanlar\u0131 m\u0259hdud inc\u0259s\u0259n\u0259t ustalar\u0131n\u0131n da yarad\u0131c\u0131l\u0131\u011f\u0131na yer verilib. Oyma\u00e7\u0131 r\u0259ssam Asif Qas\u0131mov haz\u0131rlad\u0131\u011f\u0131 s\u0259n\u0259tkarl\u0131q n\u00fcmun\u0259l\u0259ri il\u0259 qonaqlar\u0131n diqq\u0259t m\u0259rk\u0259zind\u0259 olub.<\/p>\n<p>\u018fn\u0259n\u0259vi festivalda xalq s\u0259n\u0259tkarlar\u0131 v\u0259 r\u0259ssamlar\u0131n \u0259l i\u015fl\u0259rini \u0259yani \u015f\u0259kild\u0259 n\u00fcmayi\u015f etdirm\u0259si izl\u0259yicil\u0259rin x\u00fcsusi mara\u011f\u0131na s\u0259b\u0259b olub.<\/p>\n<p>Daha sonra xal\u00e7a\u00e7\u0131 q\u0131zlar\u0131n hana arxas\u0131nda ilm\u0259 vurmas\u0131, corab toxumas\u0131 kimi q\u0259dim el s\u0259n\u0259tini \u0259yani \u015f\u0259kild\u0259 n\u00fcmayi\u015f etdirm\u0259l\u0259ri ziyar\u0259t\u00e7il\u0259ri ke\u00e7mi\u015f d\u00f6vrl\u0259rin ab-havas\u0131na k\u00f6kl\u0259yib.<\/p>\n<p>Festival Lerik Rayon M\u0259d\u0259niyy\u0259t M\u0259rk\u0259zinin \u201cBahar\u201d xalq \u00e7al\u011f\u0131 al\u0259tl\u0259ri ansambl\u0131, Mondigah K\u0259nd Folklor Evinin o\u011flanlardan ibar\u0259t \u201cLakto\u201d folklor r\u0259qs qrupu, C\u0259ng\u0259miran k\u0259nd Diyar\u015f\u00fcnasl\u0131q Evinin q\u0131zlardan ibar\u0259t \u201cB\u0259n\u00f6v\u015f\u0259 \u201d folklor kollektivinin biri-birind\u0259n maraql\u0131 \u00e7\u0131x\u0131\u015flar\u0131 il\u0259 davam edib.<\/p>\n<p>2019-cu ilin \u00f6lk\u0259mizd\u0259 \u201cN\u0259simi \u0130li\u201d elan edilm\u0259si il\u0259 \u0259laq\u0259dar olaraq festivalda yerli \u015fair v\u0259 yaz\u0131\u00e7\u0131lar\u0131n, publisistl\u0259rin \u0259s\u0259rl\u0259rind\u0259n ibar\u0259t kitab gu\u015f\u0259si d\u0259 qurulub. N\u0259simi obraz\u0131 canland\u0131r\u0131laraq qira\u0259t ustalar\u0131n\u0131n ifas\u0131nda \u0259dibin \u201cM\u0259rhaba\u201d v\u0259 \u201cOlmu\u015fam\u201d q\u0259z\u0259ll\u0259ri s\u0259sl\u0259ndirilib.<\/p>\n<p>Festivalda 12 n\u0259f\u0259r Lerik rayonundan olan uzun\u00f6m\u00fcrl\u00fcl\u0259r d\u0259 i\u015ftirak edib. Lerikin uzun\u00f6m\u00fcrl\u00fcl\u0259ri il\u0259 t\u0259bi\u0259t qoynunda, \u00e7ay s\u00fcfr\u0259si arxas\u0131nda s\u0259mimi s\u00f6hb\u0259t edilib, onlara h\u0259diyy\u0259l\u0259r t\u0259qdim olunub.<\/p>\n<p>M\u0259rasimd\u0259 Lerik rayonunun m\u0259d\u0259ni h\u0259yat\u0131nda f\u0259al i\u015ftirak ed\u0259n m\u0259d\u0259niyy\u0259t i\u015f\u00e7il\u0259ri m\u00fckafatland\u0131r\u0131l\u0131b.<\/p>\n<p>Yarad\u0131c\u0131l\u0131q Festival\u0131n\u0131n b\u0259dii hiss\u0259sind\u0259 h\u0259r bir regional idar\u0259 \u00fczr\u0259 folklor qruplar\u0131, yerli inc\u0259s\u0259n\u0259t ustalar\u0131 v\u0259 b\u0259dii \u00f6zf\u0259aliyy\u0259t kollektivl\u0259ri konsert proqram\u0131 il\u0259 \u00e7\u0131x\u0131\u015f edibl\u0259r. T\u0259qdim olunan r\u0259ngar\u0259ng musiqi n\u00f6mr\u0259l\u0259ri, r\u0259qsl\u0259r tama\u015fa\u00e7\u0131lar t\u0259r\u0259find\u0259n alq\u0131\u015flarla qar\u015f\u0131lan\u0131b.<\/p>\n<p>\u201cB\u00f6lg\u0259l\u0259rd\u0259n B\u00f6lg\u0259l\u0259r\u0259\u201d Yarad\u0131c\u0131l\u0131q Festival\u0131 Az\u0259rbaycan\u0131n regionlar\u0131n\u0131 \u0259hat\u0259 etm\u0259kl\u0259 \u015f\u0259h\u0259r v\u0259 rayonlar\u0131n bir-birinin m\u0259d\u0259ni z\u0259nginliyi, s\u0259n\u0259tkarl\u0131q irsi v\u0259 inc\u0259s\u0259n\u0259ti il\u0259 tan\u0131\u015f olma\u011fa imkan yarad\u0131b. B\u00f6lg\u0259l\u0259r aras\u0131nda m\u0259d\u0259ni m\u00fcbadil\u0259nin g\u00fccl\u0259ndirilm\u0259sin\u0259, yeni t\u0259\u015f\u0259bb\u00fcsl\u0259r\u0259 yol a\u00e7\u0131b.<\/p>\n<p>Qeyd ed\u0259k ki, M\u0259d\u0259niyy\u0259t Nazirliyinin t\u0259\u015fkilat\u00e7\u0131l\u0131\u011f\u0131 il\u0259 \u00f6lk\u0259mizd\u0259 ikinci d\u0259f\u0259dir ki, \u201cB\u00f6lg\u0259l\u0259rd\u0259n B\u00f6lg\u0259l\u0259r\u0259\u201d Yarad\u0131c\u0131l\u0131q Festival\u0131 ba\u015f tutur. Festival\u0131n may ay\u0131n\u0131n sonunda yekunla\u015fd\u0131r\u0131lmas\u0131 planla\u015fd\u0131r\u0131l\u0131r.<\/p>\n<\/div>\n<\/div>\n<\/div>\n<div class=\"social_like\">\n<div>\n<div class=\"fb-like fb_iframe_widget\" data-href=\"\" data-layout=\"button_count\" data-action=\"recommend\" data-size=\"small\" data-show-faces=\"false\" data-share=\"false\"><iframe loading=\"lazy\" class=\"\" title=\"fb:like Facebook Social Plugin\" src=\"https:\/\/www.facebook.com\/v2.7\/plugins\/like.php?action=recommend&amp;app_id=&amp;channel=https%3A%2F%2Fstaticxx.facebook.com%2Fconnect%2Fxd_arbiter%2Fr%2Fd_vbiawPdxB.js%3Fversion%3D44%23cb%3Df1ba2c4ce7846%26domain%3Dpublika.az%26origin%3Dhttps%253A%252F%252Fpublika.az%252Ff3a8f47f92005b%26relation%3Dparent.parent&amp;container_width=0&amp;href=https%3A%2F%2Fpublika.az%2Fnews%2Fart%2F277529.html&amp;layout=button_count&amp;locale=az_AZ&amp;sdk=joey&amp;share=false&amp;show_faces=false&amp;size=small\" name=\"f23fcff05b47cc\" width=\"1000px\" height=\"1000px\" frameborder=\"0\" scrolling=\"no\" allowfullscreen=\"allowfullscreen\" data-mce-fragment=\"1\"><\/iframe><\/div>\n<\/div>\n<div><iframe loading=\"lazy\" id=\"twitter-widget-0\" class=\"twitter-share-button twitter-share-button-rendered twitter-tweet-button\" title=\"Twitter Tweet Button\" src=\"https:\/\/platform.twitter.com\/widgets\/tweet_button.2e9f365dae390394eb8d923cba8c5b11.en.html#dnt=false&amp;id=twitter-widget-0&amp;lang=en&amp;original_referer=https%3A%2F%2Fpublika.az%2Fnews%2Fart%2F277529.html&amp;size=m&amp;text=%E2%80%9CB%C3%B6lg%C9%99l%C9%99rd%C9%99n%20B%C3%B6lg%C9%99l%C9%99r%C9%99%E2%80%9D%20festival%C4%B1%20Lerikd%C9%99%20-%20FOTO&amp;time=1556862123635&amp;type=share&amp;url=https%3A%2F%2Fpublika.az%2Fnews%2Fart%2F277529.html\" width=\"300\" height=\"150\" frameborder=\"0\" scrolling=\"no\" data-mce-fragment=\"1\"><\/iframe><\/div>\n<\/div>\n<\/div>\n<\/div>\n<div class=\"row page_margin_top\">\n<div id=\"news_media_gallery\" class=\"eagle-gallery img600 in as1\">\n<div class=\"eagle-medium-wrap\">\n<div class=\"scale-ico\"><\/div>\n<p><a class=\"eagle-view-medium-img\"><img src=\"https:\/\/publika.az\/storage\/2019\/05\/03\/1556826239944338018_1000x669.jpg\" alt=\"\" \/><\/a><\/div>\n<div class=\"owl-carousel mini-slider\">\n<div class=\"owl-wrapper-outer\">\n<div class=\"owl-wrapper\">\n<div class=\"owl-item\"><img src=\"https:\/\/publika.az\/storage\/2019\/05\/03\/250x250f\/15568262391365050871_1000x669.jpg\" alt=\"\" data-medium-img=\"https:\/\/publika.az\/storage\/2019\/05\/03\/15568262391365050871_1000x669.jpg\" data-big-img=\"https:\/\/publika.az\/storage\/2019\/05\/03\/15568262391365050871_1000x669.jpg\" data-title=\"\" \/><\/div>\n<div class=\"owl-item\"><img src=\"https:\/\/publika.az\/storage\/2019\/05\/03\/250x250f\/15568262392731542323_1000x669.jpg\" alt=\"\" data-medium-img=\"https:\/\/publika.az\/storage\/2019\/05\/03\/15568262392731542323_1000x669.jpg\" data-big-img=\"https:\/\/publika.az\/storage\/2019\/05\/03\/15568262392731542323_1000x669.jpg\" data-title=\"\" \/><\/div>\n<div class=\"owl-item\"><img src=\"https:\/\/publika.az\/storage\/2019\/05\/03\/250x250f\/15568262393714030535_1000x669.jpg\" alt=\"\" data-medium-img=\"https:\/\/publika.az\/storage\/2019\/05\/03\/15568262393714030535_1000x669.jpg\" data-big-img=\"https:\/\/publika.az\/storage\/2019\/05\/03\/15568262393714030535_1000x669.jpg\" data-title=\"\" \/><\/div>\n<div class=\"owl-item\"><img src=\"https:\/\/publika.az\/storage\/2019\/05\/03\/250x250f\/15568262393941145624_1000x669.jpg\" alt=\"\" data-medium-img=\"https:\/\/publika.az\/storage\/2019\/05\/03\/15568262393941145624_1000x669.jpg\" data-big-img=\"https:\/\/publika.az\/storage\/2019\/05\/03\/15568262393941145624_1000x669.jpg\" data-title=\"\" \/><\/div>\n<div class=\"owl-item\"><img src=\"https:\/\/publika.az\/storage\/2019\/05\/03\/250x250f\/15568262395475561728_1000x669.jpg\" alt=\"\" data-medium-img=\"https:\/\/publika.az\/storage\/2019\/05\/03\/15568262395475561728_1000x669.jpg\" data-big-img=\"https:\/\/publika.az\/storage\/2019\/05\/03\/15568262395475561728_1000x669.jpg\" data-title=\"\" \/><\/div>\n<div class=\"owl-item\"><img src=\"https:\/\/publika.az\/storage\/2019\/05\/03\/250x250f\/15568262396079215477_1000x669.jpg\" alt=\"\" data-medium-img=\"https:\/\/publika.az\/storage\/2019\/05\/03\/15568262396079215477_1000x669.jpg\" data-big-img=\"https:\/\/publika.az\/storage\/2019\/05\/03\/15568262396079215477_1000x669.jpg\" data-title=\"\" \/><\/div>\n<div class=\"owl-item\"><img src=\"https:\/\/publika.az\/storage\/2019\/05\/03\/250x250f\/15568262396470463959_1000x669.jpg\" alt=\"\" data-medium-img=\"https:\/\/publika.az\/storage\/2019\/05\/03\/15568262396470463959_1000x669.jpg\" data-big-img=\"https:\/\/publika.az\/storage\/2019\/05\/03\/15568262396470463959_1000x669.jpg\" data-title=\"\" \/><\/div>\n<div class=\"owl-item active\"><img src=\"https:\/\/publika.az\/storage\/2019\/05\/03\/250x250f\/1556826239944338018_1000x669.jpg\" alt=\"\" data-medium-img=\"https:\/\/publika.az\/storage\/2019\/05\/03\/1556826239944338018_1000x669.jpg\" data-big-img=\"https:\/\/publika.az\/storage\/2019\/05\/03\/1556826239944338018_1000x669.jpg\" data-title=\"\" \/><\/div>\n<div class=\"owl-item\"><img src=\"https:\/\/publika.az\/storage\/2019\/05\/03\/250x250f\/15568262396431519625_1000x669.jpg\" alt=\"\" data-medium-img=\"https:\/\/publika.az\/storage\/2019\/05\/03\/15568262396431519625_1000x669.jpg\" data-big-img=\"https:\/\/publika.az\/storage\/2019\/05\/03\/15568262396431519625_1000x669.jpg\" data-title=\"\" \/><\/div>\n<div class=\"owl-item\"><img src=\"https:\/\/publika.az\/storage\/2019\/05\/03\/250x250f\/15568262396085350655_1000x669.jpg\" alt=\"\" data-medium-img=\"https:\/\/publika.az\/storage\/2019\/05\/03\/15568262396085350655_1000x669.jpg\" data-big-img=\"https:\/\/publika.az\/storage\/2019\/05\/03\/15568262396085350655_1000x669.jpg\" data-title=\"\" \/><\/div>\n<div class=\"owl-item\"><img src=\"https:\/\/publika.az\/storage\/2019\/05\/03\/250x250f\/1556826239536351114_1000x669.jpg\" alt=\"\" data-medium-img=\"https:\/\/publika.az\/storage\/2019\/05\/03\/1556826239536351114_1000x669.jpg\" data-big-img=\"https:\/\/publika.az\/storage\/2019\/05\/03\/1556826239536351114_1000x669.jpg\" data-title=\"\" \/><\/div>\n<\/div>\n<\/div>\n<\/div>\n<\/div>\n<\/div>\n","protected":false},"excerpt":{"rendered":"<p>\u018fn\u0259n\u0259vi \u201cB\u00f6lg\u0259l\u0259rd\u0259n B\u00f6lg\u0259l\u0259r\u0259\u201d Yarad\u0131c\u0131l\u0131q Festival\u0131n\u0131n n\u00f6vb\u0259ti \u00fcnvan\u0131 Az\u0259rbaycan\u0131n dilb\u0259r gu\u015f\u0259l\u0259rind\u0259n biri, da\u011flar diyar\u0131, uzun\u00f6m\u00fcrl\u00fcl\u0259r m\u0259sk\u0259ni Lerik rayonu olub. ARANTV.AZ\u00a0Az\u0259rtac-a istinad\u0259n x\u0259b\u0259r verir ki, Yarad\u0131c\u0131l\u0131q Festival\u0131 M\u0259d\u0259niyy\u0259t Nazirliyinin regional m\u0259d\u0259niyy\u0259t idar\u0259l\u0259rini \u0259hat\u0259 ed\u0259n rayon v\u0259 \u015f\u0259h\u0259rl\u0259rin i\u015ftirak\u0131 il\u0259 Heyd\u0259r \u018fliyev Meydan\u0131nda ba\u015f tutub. M\u0259d\u0259niyy\u0259t bayram\u0131nda M\u0259d\u0259niyy\u0259t Nazirliyinin n\u00fcmay\u0259nd\u0259l\u0259ri, regional m\u0259d\u0259niyy\u0259t idar\u0259l\u0259rinin r\u0259isl\u0259ri, m\u0259d\u0259niyy\u0259t i\u015f\u00e7il\u0259ri festival\u0131n s\u0259rgi hiss\u0259sin\u0259 bax\u0131\u015f ke\u00e7iribl\u0259r. \u201cB\u00f6lg\u0259l\u0259rd\u0259n B\u00f6lg\u0259l\u0259r\u0259\u201d Yarad\u0131c\u0131l\u0131q Festival\u0131n\u0131n s\u0259rgi hiss\u0259sind\u0259 \u00e7ad\u0131rlar qurularaq metali\u015fl\u0259m\u0259nin f\u0259rqli texnika v\u0259 \u00fcsullarda haz\u0131rlanan misg\u0259rlik n\u00fcmun\u0259l\u0259ri, m\u0259i\u015f\u0259t qablar\u0131, k\u0259la\u011fay\u0131lar, b\u0259dii tikm\u0259nin bir \u00e7ox n\u00f6v\u00fcn\u0259 aid z\u0259rif nax\u0131\u015fl\u0131 tikm\u0259l\u0259ri, \u00e7ay da\u015flar\u0131 v\u0259 a\u011fac,&hellip;<\/p>\n","protected":false},"author":2,"featured_media":54727,"comment_status":"closed","ping_status":"closed","sticky":false,"template":"","format":"standard","meta":{"om_disable_all_campaigns":false,"_monsterinsights_skip_tracking":false,"_monsterinsights_sitenote_active":false,"_monsterinsights_sitenote_note":"","_monsterinsights_sitenote_category":0},"categories":[1,2],"tags":[],"aioseo_notices":[],"gutentor_comment":0,"rttpg_featured_image_url":{"full":["https:\/\/arantv.az\/wp-content\/uploads\/2019\/05\/15568262396431519625_1000x669.jpg",800,450,false],"landscape":["https:\/\/arantv.az\/wp-content\/uploads\/2019\/05\/15568262396431519625_1000x669.jpg",800,450,false],"portraits":["https:\/\/arantv.az\/wp-content\/uploads\/2019\/05\/15568262396431519625_1000x669.jpg",800,450,false],"thumbnail":["https:\/\/arantv.az\/wp-content\/uploads\/2019\/05\/15568262396431519625_1000x669-150x150.jpg",150,150,true],"medium":["https:\/\/arantv.az\/wp-content\/uploads\/2019\/05\/15568262396431519625_1000x669-300x169.jpg",300,169,true],"large":["https:\/\/arantv.az\/wp-content\/uploads\/2019\/05\/15568262396431519625_1000x669.jpg",640,360,false],"1536x1536":["https:\/\/arantv.az\/wp-content\/uploads\/2019\/05\/15568262396431519625_1000x669.jpg",800,450,false],"2048x2048":["https:\/\/arantv.az\/wp-content\/uploads\/2019\/05\/15568262396431519625_1000x669.jpg",800,450,false],"post-thumbnail":["https:\/\/arantv.az\/wp-content\/uploads\/2019\/05\/15568262396431519625_1000x669-240x172.jpg",240,172,true],"advps-thumb-one":["https:\/\/arantv.az\/wp-content\/uploads\/2019\/05\/15568262396431519625_1000x669.jpg",800,450,false]},"rttpg_author":{"display_name":"V\u00fcsal Rafiqo\u011flu","author_link":"https:\/\/arantv.az\/?author=2"},"rttpg_comment":0,"rttpg_category":"<a href=\"https:\/\/arantv.az\/?cat=1\" rel=\"category\">C\u0259miyy\u0259t<\/a> <a href=\"https:\/\/arantv.az\/?cat=2\" rel=\"category\">Region X\u0259b\u0259rl\u0259ri<\/a>","rttpg_excerpt":"\u018fn\u0259n\u0259vi \u201cB\u00f6lg\u0259l\u0259rd\u0259n B\u00f6lg\u0259l\u0259r\u0259\u201d Yarad\u0131c\u0131l\u0131q Festival\u0131n\u0131n n\u00f6vb\u0259ti \u00fcnvan\u0131 Az\u0259rbaycan\u0131n dilb\u0259r gu\u015f\u0259l\u0259rind\u0259n biri, da\u011flar diyar\u0131, uzun\u00f6m\u00fcrl\u00fcl\u0259r m\u0259sk\u0259ni Lerik rayonu olub. ARANTV.AZ\u00a0Az\u0259rtac-a istinad\u0259n x\u0259b\u0259r verir ki, Yarad\u0131c\u0131l\u0131q Festival\u0131 M\u0259d\u0259niyy\u0259t Nazirliyinin regional m\u0259d\u0259niyy\u0259t idar\u0259l\u0259rini \u0259hat\u0259 ed\u0259n rayon v\u0259 \u015f\u0259h\u0259rl\u0259rin i\u015ftirak\u0131 il\u0259 Heyd\u0259r \u018fliyev Meydan\u0131nda ba\u015f tutub. M\u0259d\u0259niyy\u0259t bayram\u0131nda M\u0259d\u0259niyy\u0259t Nazirliyinin n\u00fcmay\u0259nd\u0259l\u0259ri, regional m\u0259d\u0259niyy\u0259t idar\u0259l\u0259rinin r\u0259isl\u0259ri, m\u0259d\u0259niyy\u0259t i\u015f\u00e7il\u0259ri festival\u0131n s\u0259rgi&hellip;","_links":{"self":[{"href":"https:\/\/arantv.az\/index.php?rest_route=\/wp\/v2\/posts\/54726"}],"collection":[{"href":"https:\/\/arantv.az\/index.php?rest_route=\/wp\/v2\/posts"}],"about":[{"href":"https:\/\/arantv.az\/index.php?rest_route=\/wp\/v2\/types\/post"}],"author":[{"embeddable":true,"href":"https:\/\/arantv.az\/index.php?rest_route=\/wp\/v2\/users\/2"}],"replies":[{"embeddable":true,"href":"https:\/\/arantv.az\/index.php?rest_route=%2Fwp%2Fv2%2Fcomments&post=54726"}],"version-history":[{"count":0,"href":"https:\/\/arantv.az\/index.php?rest_route=\/wp\/v2\/posts\/54726\/revisions"}],"wp:featuredmedia":[{"embeddable":true,"href":"https:\/\/arantv.az\/index.php?rest_route=\/wp\/v2\/media\/54727"}],"wp:attachment":[{"href":"https:\/\/arantv.az\/index.php?rest_route=%2Fwp%2Fv2%2Fmedia&parent=54726"}],"wp:term":[{"taxonomy":"category","embeddable":true,"href":"https:\/\/arantv.az\/index.php?rest_route=%2Fwp%2Fv2%2Fcategories&post=54726"},{"taxonomy":"post_tag","embeddable":true,"href":"https:\/\/arantv.az\/index.php?rest_route=%2Fwp%2Fv2%2Ftags&post=54726"}],"curies":[{"name":"wp","href":"https:\/\/api.w.org\/{rel}","templated":true}]}}