{"id":54732,"date":"2019-05-03T08:46:21","date_gmt":"2019-05-03T05:46:21","guid":{"rendered":"http:\/\/arantv.az\/?p=54732"},"modified":"2019-05-03T08:46:21","modified_gmt":"2019-05-03T05:46:21","slug":"renka-modell%c9%99rl%c9%99-podiuma-cixdi-fotolar","status":"publish","type":"post","link":"https:\/\/arantv.az\/?p=54732","title":{"rendered":"Renka modell\u0259rl\u0259 podiuma \u00e7\u0131xd\u0131 &#8211; fotolar"},"content":{"rendered":"<p>Tan\u0131nm\u0131\u015f r\u0259qqas\u0259 Renka A\u011famuradova yerli v\u0259 xarici brendl\u0259rin yeni kolleksiyas\u0131n\u0131n n\u00fcmayi\u015find\u0259 i\u015ftirak edib. <strong>ARANTV.AZ<\/strong>-\u0131n m\u0259lumat\u0131na g\u00f6r\u0259, d\u0259bli d\u0259fil\u0259 \u201cAzerbaijan Fashion Week\u201din (Az\u0259rbaycan Moda H\u0259ft\u0259si) d\u0259b h\u0259ft\u0259si \u00e7\u0259r\u00e7iv\u0259sind\u0259 Da\u015f salnam\u0259 muzeyind\u0259 ke\u00e7irilib. Renka da \u00f6z\u00fcn\u00fc model kimi s\u0131nayaraq podiuma \u00e7\u0131x\u0131b. O, m\u0259l\u0259k imicind\u0259 m\u0259\u015fhur brend\u0259 m\u0259xsus a\u011f r\u0259ngli geyimini n\u00fcmayi\u015f etdirib.<\/p>\n<p><img loading=\"lazy\" class=\"alignnone size-medium wp-image-54733\" src=\"https:\/\/arantv.az\/wp-content\/uploads\/2019\/05\/59305922_333708460646335_4127708406066708480_n-225x300.jpg\" alt=\"\" width=\"225\" height=\"300\" \/><img loading=\"lazy\" class=\"alignnone size-medium wp-image-54734\" src=\"https:\/\/arantv.az\/wp-content\/uploads\/2019\/05\/59002622_421861941938620_3011960599320985600_n-225x300.jpg\" alt=\"\" width=\"225\" height=\"300\" \/><img loading=\"lazy\" class=\"alignnone size-medium wp-image-54735\" src=\"https:\/\/arantv.az\/wp-content\/uploads\/2019\/05\/58769469_415019902626072_6116857625138167808_n-225x300.jpg\" alt=\"\" width=\"225\" height=\"300\" \/><\/p>\n","protected":false},"excerpt":{"rendered":"<p>Tan\u0131nm\u0131\u015f r\u0259qqas\u0259 Renka A\u011famuradova yerli v\u0259 xarici brendl\u0259rin yeni kolleksiyas\u0131n\u0131n n\u00fcmayi\u015find\u0259 i\u015ftirak edib. ARANTV.AZ-\u0131n m\u0259lumat\u0131na g\u00f6r\u0259, d\u0259bli d\u0259fil\u0259 \u201cAzerbaijan Fashion Week\u201din (Az\u0259rbaycan Moda H\u0259ft\u0259si) d\u0259b h\u0259ft\u0259si \u00e7\u0259r\u00e7iv\u0259sind\u0259 Da\u015f salnam\u0259 muzeyind\u0259 ke\u00e7irilib. Renka da \u00f6z\u00fcn\u00fc model kimi s\u0131nayaraq podiuma \u00e7\u0131x\u0131b. O, m\u0259l\u0259k imicind\u0259 m\u0259\u015fhur brend\u0259 m\u0259xsus a\u011f r\u0259ngli geyimini n\u00fcmayi\u015f etdirib.<\/p>\n","protected":false},"author":2,"featured_media":54736,"comment_status":"closed","ping_status":"closed","sticky":false,"template":"","format":"standard","meta":{"om_disable_all_campaigns":false,"_monsterinsights_skip_tracking":false,"_monsterinsights_sitenote_active":false,"_monsterinsights_sitenote_note":"","_monsterinsights_sitenote_category":0},"categories":[24],"tags":[],"aioseo_notices":[],"gutentor_comment":0,"rttpg_featured_image_url":{"full":["https:\/\/arantv.az\/wp-content\/uploads\/2019\/05\/59299251_423352468455644_626582419352322048_n.jpg",960,960,false],"landscape":["https:\/\/arantv.az\/wp-content\/uploads\/2019\/05\/59299251_423352468455644_626582419352322048_n.jpg",960,960,false],"portraits":["https:\/\/arantv.az\/wp-content\/uploads\/2019\/05\/59299251_423352468455644_626582419352322048_n.jpg",960,960,false],"thumbnail":["https:\/\/arantv.az\/wp-content\/uploads\/2019\/05\/59299251_423352468455644_626582419352322048_n-150x150.jpg",150,150,true],"medium":["https:\/\/arantv.az\/wp-content\/uploads\/2019\/05\/59299251_423352468455644_626582419352322048_n-300x300.jpg",300,300,true],"large":["https:\/\/arantv.az\/wp-content\/uploads\/2019\/05\/59299251_423352468455644_626582419352322048_n.jpg",640,640,false],"1536x1536":["https:\/\/arantv.az\/wp-content\/uploads\/2019\/05\/59299251_423352468455644_626582419352322048_n.jpg",960,960,false],"2048x2048":["https:\/\/arantv.az\/wp-content\/uploads\/2019\/05\/59299251_423352468455644_626582419352322048_n.jpg",960,960,false],"post-thumbnail":["https:\/\/arantv.az\/wp-content\/uploads\/2019\/05\/59299251_423352468455644_626582419352322048_n-240x172.jpg",240,172,true],"advps-thumb-one":["https:\/\/arantv.az\/wp-content\/uploads\/2019\/05\/59299251_423352468455644_626582419352322048_n-960x620.jpg",960,620,true]},"rttpg_author":{"display_name":"V\u00fcsal Rafiqo\u011flu","author_link":"https:\/\/arantv.az\/?author=2"},"rttpg_comment":0,"rttpg_category":"<a href=\"https:\/\/arantv.az\/?cat=24\" rel=\"category\">Maraql\u0131<\/a>","rttpg_excerpt":"Tan\u0131nm\u0131\u015f r\u0259qqas\u0259 Renka A\u011famuradova yerli v\u0259 xarici brendl\u0259rin yeni kolleksiyas\u0131n\u0131n n\u00fcmayi\u015find\u0259 i\u015ftirak edib. ARANTV.AZ-\u0131n m\u0259lumat\u0131na g\u00f6r\u0259, d\u0259bli d\u0259fil\u0259 \u201cAzerbaijan Fashion Week\u201din (Az\u0259rbaycan Moda H\u0259ft\u0259si) d\u0259b h\u0259ft\u0259si \u00e7\u0259r\u00e7iv\u0259sind\u0259 Da\u015f salnam\u0259 muzeyind\u0259 ke\u00e7irilib. Renka da \u00f6z\u00fcn\u00fc model kimi s\u0131nayaraq podiuma \u00e7\u0131x\u0131b. O, m\u0259l\u0259k imicind\u0259 m\u0259\u015fhur brend\u0259 m\u0259xsus a\u011f r\u0259ngli geyimini n\u00fcmayi\u015f etdirib.","_links":{"self":[{"href":"https:\/\/arantv.az\/index.php?rest_route=\/wp\/v2\/posts\/54732"}],"collection":[{"href":"https:\/\/arantv.az\/index.php?rest_route=\/wp\/v2\/posts"}],"about":[{"href":"https:\/\/arantv.az\/index.php?rest_route=\/wp\/v2\/types\/post"}],"author":[{"embeddable":true,"href":"https:\/\/arantv.az\/index.php?rest_route=\/wp\/v2\/users\/2"}],"replies":[{"embeddable":true,"href":"https:\/\/arantv.az\/index.php?rest_route=%2Fwp%2Fv2%2Fcomments&post=54732"}],"version-history":[{"count":0,"href":"https:\/\/arantv.az\/index.php?rest_route=\/wp\/v2\/posts\/54732\/revisions"}],"wp:featuredmedia":[{"embeddable":true,"href":"https:\/\/arantv.az\/index.php?rest_route=\/wp\/v2\/media\/54736"}],"wp:attachment":[{"href":"https:\/\/arantv.az\/index.php?rest_route=%2Fwp%2Fv2%2Fmedia&parent=54732"}],"wp:term":[{"taxonomy":"category","embeddable":true,"href":"https:\/\/arantv.az\/index.php?rest_route=%2Fwp%2Fv2%2Fcategories&post=54732"},{"taxonomy":"post_tag","embeddable":true,"href":"https:\/\/arantv.az\/index.php?rest_route=%2Fwp%2Fv2%2Ftags&post=54732"}],"curies":[{"name":"wp","href":"https:\/\/api.w.org\/{rel}","templated":true}]}}