{"id":54741,"date":"2019-05-03T08:48:31","date_gmt":"2019-05-03T05:48:31","guid":{"rendered":"http:\/\/arantv.az\/?p=54741"},"modified":"2019-05-03T08:48:31","modified_gmt":"2019-05-03T05:48:31","slug":"taninmis-aparici-v%c9%99-aktyor-model-kimi-podiuma-cixdi","status":"publish","type":"post","link":"https:\/\/arantv.az\/?p=54741","title":{"rendered":"Tan\u0131nm\u0131\u015f apar\u0131c\u0131 v\u0259 aktyor model kimi podiuma \u00e7\u0131xd\u0131"},"content":{"rendered":"<p>Tan\u0131nm\u0131\u015f teleapar\u0131c\u0131, \u015foumen v\u0259 aktyor \u015e\u0259hriyar \u018fbilov podiuma \u00e7\u0131x\u0131b. <strong>ARANTV.AZ<\/strong> x\u0259b\u0259r verir ki, Da\u015f salnam\u0259 muzeyind\u0259 \u201cAzerbaijan Fashion Week\u201dind\u0259 apar\u0131c\u0131 \u015e\u0259hriyar da \u00f6z\u00fcn\u00fc model kimi s\u0131nayaraq podiuma \u00e7\u0131x\u0131b. Apar\u0131c\u0131 m\u0259\u015fhur brendl\u0259r\u0259 m\u0259xsus geyiml\u0259ri s\u0259rgil\u0259yib.<\/p>\n<p><img loading=\"lazy\" class=\"alignnone size-medium wp-image-54742\" src=\"https:\/\/arantv.az\/wp-content\/uploads\/2019\/05\/59411090_704112190003457_4369807272931491840_n-200x300.jpg\" alt=\"\" width=\"200\" height=\"300\" \/><img loading=\"lazy\" class=\"alignnone size-medium wp-image-54743\" src=\"https:\/\/arantv.az\/wp-content\/uploads\/2019\/05\/58902208_803059633385653_559168707163586560_n-256x300.jpg\" alt=\"\" width=\"256\" height=\"300\" \/><img loading=\"lazy\" class=\"alignnone size-medium wp-image-54744\" src=\"https:\/\/arantv.az\/wp-content\/uploads\/2019\/05\/58845567_2178939832417060_4655117565243162624_n-264x300.jpg\" alt=\"\" width=\"264\" height=\"300\" \/><img loading=\"lazy\" class=\"alignnone size-medium wp-image-54745\" src=\"https:\/\/arantv.az\/wp-content\/uploads\/2019\/05\/58949925_407207283342321_283424458071343104_n-300x200.jpg\" alt=\"\" width=\"300\" height=\"200\" \/><\/p>\n","protected":false},"excerpt":{"rendered":"<p>Tan\u0131nm\u0131\u015f teleapar\u0131c\u0131, \u015foumen v\u0259 aktyor \u015e\u0259hriyar \u018fbilov podiuma \u00e7\u0131x\u0131b. ARANTV.AZ x\u0259b\u0259r verir ki, Da\u015f salnam\u0259 muzeyind\u0259 \u201cAzerbaijan Fashion Week\u201dind\u0259 apar\u0131c\u0131 \u015e\u0259hriyar da \u00f6z\u00fcn\u00fc model kimi s\u0131nayaraq podiuma \u00e7\u0131x\u0131b. Apar\u0131c\u0131 m\u0259\u015fhur brendl\u0259r\u0259 m\u0259xsus geyiml\u0259ri s\u0259rgil\u0259yib.<\/p>\n","protected":false},"author":2,"featured_media":54746,"comment_status":"closed","ping_status":"closed","sticky":false,"template":"","format":"standard","meta":{"om_disable_all_campaigns":false,"_monsterinsights_skip_tracking":false,"_monsterinsights_sitenote_active":false,"_monsterinsights_sitenote_note":"","_monsterinsights_sitenote_category":0},"categories":[20],"tags":[],"aioseo_notices":[],"gutentor_comment":0,"rttpg_featured_image_url":{"full":["https:\/\/arantv.az\/wp-content\/uploads\/2019\/05\/58895063_581535315672080_2636651028258226176_n.jpg",1920,1279,false],"landscape":["https:\/\/arantv.az\/wp-content\/uploads\/2019\/05\/58895063_581535315672080_2636651028258226176_n.jpg",1920,1279,false],"portraits":["https:\/\/arantv.az\/wp-content\/uploads\/2019\/05\/58895063_581535315672080_2636651028258226176_n.jpg",1920,1279,false],"thumbnail":["https:\/\/arantv.az\/wp-content\/uploads\/2019\/05\/58895063_581535315672080_2636651028258226176_n-150x150.jpg",150,150,true],"medium":["https:\/\/arantv.az\/wp-content\/uploads\/2019\/05\/58895063_581535315672080_2636651028258226176_n-300x200.jpg",300,200,true],"large":["https:\/\/arantv.az\/wp-content\/uploads\/2019\/05\/58895063_581535315672080_2636651028258226176_n-1024x682.jpg",640,426,true],"1536x1536":["https:\/\/arantv.az\/wp-content\/uploads\/2019\/05\/58895063_581535315672080_2636651028258226176_n.jpg",1536,1023,false],"2048x2048":["https:\/\/arantv.az\/wp-content\/uploads\/2019\/05\/58895063_581535315672080_2636651028258226176_n.jpg",1920,1279,false],"post-thumbnail":["https:\/\/arantv.az\/wp-content\/uploads\/2019\/05\/58895063_581535315672080_2636651028258226176_n-240x172.jpg",240,172,true],"advps-thumb-one":["https:\/\/arantv.az\/wp-content\/uploads\/2019\/05\/58895063_581535315672080_2636651028258226176_n-1200x620.jpg",1200,620,true]},"rttpg_author":{"display_name":"V\u00fcsal Rafiqo\u011flu","author_link":"https:\/\/arantv.az\/?author=2"},"rttpg_comment":0,"rttpg_category":"<a href=\"https:\/\/arantv.az\/?cat=20\" rel=\"category\">\u015eou biznes<\/a>","rttpg_excerpt":"Tan\u0131nm\u0131\u015f teleapar\u0131c\u0131, \u015foumen v\u0259 aktyor \u015e\u0259hriyar \u018fbilov podiuma \u00e7\u0131x\u0131b. ARANTV.AZ x\u0259b\u0259r verir ki, Da\u015f salnam\u0259 muzeyind\u0259 \u201cAzerbaijan Fashion Week\u201dind\u0259 apar\u0131c\u0131 \u015e\u0259hriyar da \u00f6z\u00fcn\u00fc model kimi s\u0131nayaraq podiuma \u00e7\u0131x\u0131b. Apar\u0131c\u0131 m\u0259\u015fhur brendl\u0259r\u0259 m\u0259xsus geyiml\u0259ri s\u0259rgil\u0259yib.","_links":{"self":[{"href":"https:\/\/arantv.az\/index.php?rest_route=\/wp\/v2\/posts\/54741"}],"collection":[{"href":"https:\/\/arantv.az\/index.php?rest_route=\/wp\/v2\/posts"}],"about":[{"href":"https:\/\/arantv.az\/index.php?rest_route=\/wp\/v2\/types\/post"}],"author":[{"embeddable":true,"href":"https:\/\/arantv.az\/index.php?rest_route=\/wp\/v2\/users\/2"}],"replies":[{"embeddable":true,"href":"https:\/\/arantv.az\/index.php?rest_route=%2Fwp%2Fv2%2Fcomments&post=54741"}],"version-history":[{"count":0,"href":"https:\/\/arantv.az\/index.php?rest_route=\/wp\/v2\/posts\/54741\/revisions"}],"wp:featuredmedia":[{"embeddable":true,"href":"https:\/\/arantv.az\/index.php?rest_route=\/wp\/v2\/media\/54746"}],"wp:attachment":[{"href":"https:\/\/arantv.az\/index.php?rest_route=%2Fwp%2Fv2%2Fmedia&parent=54741"}],"wp:term":[{"taxonomy":"category","embeddable":true,"href":"https:\/\/arantv.az\/index.php?rest_route=%2Fwp%2Fv2%2Fcategories&post=54741"},{"taxonomy":"post_tag","embeddable":true,"href":"https:\/\/arantv.az\/index.php?rest_route=%2Fwp%2Fv2%2Ftags&post=54741"}],"curies":[{"name":"wp","href":"https:\/\/api.w.org\/{rel}","templated":true}]}}