{"id":54749,"date":"2019-05-03T09:33:44","date_gmt":"2019-05-03T06:33:44","guid":{"rendered":"http:\/\/arantv.az\/?p=54749"},"modified":"2019-05-03T09:33:44","modified_gmt":"2019-05-03T06:33:44","slug":"nazir-%c9%99fqanistandaki-h%c9%99rbi-kontingentimizin-sayini-30-faiz-artirmisiq","status":"publish","type":"post","link":"https:\/\/arantv.az\/?p=54749","title":{"rendered":"Nazir: \u018ffqan\u0131standak\u0131 h\u0259rbi kontingentimizin say\u0131n\u0131 30 faiz art\u0131rm\u0131\u015f\u0131q"},"content":{"rendered":"<p>NATO il\u0259 qar\u015f\u0131l\u0131ql\u0131 maraqlar \u00e7\u0259r\u00e7iv\u0259sind\u0259 t\u0259r\u0259fda\u015fl\u0131q m\u00fcnasib\u0259tl\u0259rinin inki\u015faf etdirilm\u0259si Az\u0259rbaycan Ordusunun h\u0259rbi \u0259m\u0259kda\u015fl\u0131\u011f\u0131n\u0131n \u0259sas prioritet istiqam\u0259tl\u0259rind\u0259n biridir.<\/p>\n<p>Bunu Az\u0259rbaycan\u0131n M\u00fcdafi\u0259 naziri general-polkovnik Zakir H\u0259s\u0259nov\u00a0<a href=\"https:\/\/mod.gov.az\/az\/news\/azerbaycan-respublikasinin-mudafie-naziri-general-polkovnik-zakir-hesenov-azerbaycan-ile-nato-arasinda-25-illik-dayaniql-26704.html\" target=\"_blank\" rel=\"noopener\">deyib<\/a>.<\/p>\n<p>Nazir qeyd edib ki, Az\u0259rbaycan il\u0259 NATO aras\u0131nda qurulmu\u015f t\u0259r\u0259fda\u015fl\u0131q v\u0259 m\u00fcxt\u0259lif s\u00fclhm\u0259raml\u0131 missiyalarda birg\u0259 f\u0259aliyy\u0259t \u00f6lk\u0259mizin Avro-Atlantik m\u0259kanda t\u0259hl\u00fck\u0259sizliyi v\u0259 sabitliyi t\u0259min etm\u0259k \u00fc\u00e7\u00fcn g\u00f6st\u0259rdiyi s\u0259yl\u0259rin v\u0259 xo\u015fm\u0259raml\u0131 niyy\u0259timizin bariz n\u00fcmun\u0259sidir.<\/p>\n<div id=\"AdviadNativeVideo0\" class=\"AdviadNativeVideo\"><\/div>\n<p>\u201cAz\u0259rbaycan \u00fczl\u0259\u015fdiyi \u00e7a\u011f\u0131r\u0131\u015flara baxmayaraq, ilk g\u00fcnl\u0259rd\u0259n etibar\u0259n Kosovoda v\u0259 \u018ffqan\u0131standa NATO-nun ba\u015f\u00e7\u0131l\u0131\u011f\u0131 alt\u0131nda h\u0259yata ke\u00e7iril\u0259n \u0259m\u0259liyyatlara qat\u0131laraq beyn\u0259lxalq sabitliy\u0259 nail olmaq \u00fc\u00e7\u00fcn t\u00f6hf\u0259sini vermi\u015fdir.<\/p>\n<p>\u018ffqan\u0131stan \u0130slam Respublikas\u0131nda h\u0259yata ke\u00e7iril\u0259n Q\u0259tiyy\u0259tli D\u0259st\u0259k missiyas\u0131n\u0131n bu \u00f6lk\u0259nin t\u0259hl\u00fck\u0259sizliyi v\u0259 davaml\u0131 inki\u015faf\u0131, o c\u00fcml\u0259d\u0259n regional v\u0259 qlobal t\u0259hl\u00fck\u0259sizlik \u00fc\u00e7\u00fcn \u0259h\u0259miyy\u0259tini bil\u0259r\u0259k biz 2018-ci ild\u0259n etibar\u0259n \u018ffqan\u0131standak\u0131 h\u0259rbi kontingentimizin say\u0131n\u0131 30 faiz art\u0131rm\u0131\u015f\u0131q.<\/p>\n<p>G\u00f6st\u0259ril\u0259n h\u0259rbi d\u0259st\u0259y\u0259 \u0259lav\u0259 olaraq Az\u0259rbaycan\u0131n \u018ffqan\u0131stana t\u00f6hf\u0259si siyasi, maddi-texniki d\u0259st\u0259k, quru-hava tranziti, h\u0259m\u00e7inin m\u00fcxt\u0259lif treninql\u0259r, minadan t\u0259mizl\u0259m\u0259 v\u0259 maliyy\u0259 d\u0259st\u0259yi kimi dig\u0259r qeyri-h\u0259rbi yard\u0131mlar\u0131 da ehtiva edir\u201d.<\/p>\n<p>Zakir H\u0259s\u0259novun s\u00f6zl\u0259rin\u0259 g\u00f6r\u0259, 2002-ci ild\u0259n bu g\u00fcn\u0259d\u0259k Az\u0259rbaycan Ordusunun \u00fcmumilikd\u0259 24 zabiti bu proqram \u00e7\u0259r\u00e7iv\u0259sind\u0259 NATO-nun m\u00fcxt\u0259lif struktur v\u0259 q\u0259rargahlar\u0131nda xidm\u0259t edib.<\/p>\n<p>\u201cHaz\u0131rda da NATO q\u0259rargahlar\u0131nda 8 zabitimiz xidm\u0259t edir. Bu m\u00fcdd\u0259t \u0259rzind\u0259 beyn\u0259lxalq m\u00fchitd\u0259 \u0259ld\u0259 olunmu\u015f t\u0259cr\u00fcb\u0259 zabitl\u0259rimizin \u00f6lk\u0259y\u0259 qay\u0131td\u0131qdan sonra milli v\u0259zif\u0259l\u0259rd\u0259ki xidm\u0259tl\u0259rin\u0259 m\u00fcsb\u0259t t\u0259sirini g\u00f6st\u0259rir. \u00c7oxmill\u0259tli strukturlarda \u0259ld\u0259 edilmi\u015f bilik v\u0259 bacar\u0131qlar milli t\u0259cr\u00fcb\u0259y\u0259 inteqrasiya olunaraq Ordumuzun d\u00f6y\u00fc\u015f qabiliyy\u0259tinin daha da inki\u015faf etdirilm\u0259sin\u0259 t\u00f6hf\u0259sini verir\u201d.<\/p>\n","protected":false},"excerpt":{"rendered":"<p>NATO il\u0259 qar\u015f\u0131l\u0131ql\u0131 maraqlar \u00e7\u0259r\u00e7iv\u0259sind\u0259 t\u0259r\u0259fda\u015fl\u0131q m\u00fcnasib\u0259tl\u0259rinin inki\u015faf etdirilm\u0259si Az\u0259rbaycan Ordusunun h\u0259rbi \u0259m\u0259kda\u015fl\u0131\u011f\u0131n\u0131n \u0259sas prioritet istiqam\u0259tl\u0259rind\u0259n biridir. Bunu Az\u0259rbaycan\u0131n M\u00fcdafi\u0259 naziri general-polkovnik Zakir H\u0259s\u0259nov\u00a0deyib. Nazir qeyd edib ki, Az\u0259rbaycan il\u0259 NATO aras\u0131nda qurulmu\u015f t\u0259r\u0259fda\u015fl\u0131q v\u0259 m\u00fcxt\u0259lif s\u00fclhm\u0259raml\u0131 missiyalarda birg\u0259 f\u0259aliyy\u0259t \u00f6lk\u0259mizin Avro-Atlantik m\u0259kanda t\u0259hl\u00fck\u0259sizliyi v\u0259 sabitliyi t\u0259min etm\u0259k \u00fc\u00e7\u00fcn g\u00f6st\u0259rdiyi s\u0259yl\u0259rin v\u0259 xo\u015fm\u0259raml\u0131 niyy\u0259timizin bariz n\u00fcmun\u0259sidir. \u201cAz\u0259rbaycan \u00fczl\u0259\u015fdiyi \u00e7a\u011f\u0131r\u0131\u015flara baxmayaraq, ilk g\u00fcnl\u0259rd\u0259n etibar\u0259n Kosovoda v\u0259 \u018ffqan\u0131standa NATO-nun ba\u015f\u00e7\u0131l\u0131\u011f\u0131 alt\u0131nda h\u0259yata ke\u00e7iril\u0259n \u0259m\u0259liyyatlara qat\u0131laraq beyn\u0259lxalq sabitliy\u0259 nail olmaq \u00fc\u00e7\u00fcn t\u00f6hf\u0259sini vermi\u015fdir. \u018ffqan\u0131stan \u0130slam Respublikas\u0131nda h\u0259yata ke\u00e7iril\u0259n Q\u0259tiyy\u0259tli D\u0259st\u0259k missiyas\u0131n\u0131n bu \u00f6lk\u0259nin&hellip;<\/p>\n","protected":false},"author":2,"featured_media":54750,"comment_status":"closed","ping_status":"closed","sticky":false,"template":"","format":"standard","meta":{"om_disable_all_campaigns":false,"_monsterinsights_skip_tracking":false,"_monsterinsights_sitenote_active":false,"_monsterinsights_sitenote_note":"","_monsterinsights_sitenote_category":0},"categories":[19],"tags":[],"aioseo_notices":[],"gutentor_comment":0,"rttpg_featured_image_url":{"full":["https:\/\/arantv.az\/wp-content\/uploads\/2019\/05\/Clipboard01.jpg",620,441,false],"landscape":["https:\/\/arantv.az\/wp-content\/uploads\/2019\/05\/Clipboard01.jpg",620,441,false],"portraits":["https:\/\/arantv.az\/wp-content\/uploads\/2019\/05\/Clipboard01.jpg",620,441,false],"thumbnail":["https:\/\/arantv.az\/wp-content\/uploads\/2019\/05\/Clipboard01-150x150.jpg",150,150,true],"medium":["https:\/\/arantv.az\/wp-content\/uploads\/2019\/05\/Clipboard01-300x213.jpg",300,213,true],"large":["https:\/\/arantv.az\/wp-content\/uploads\/2019\/05\/Clipboard01.jpg",620,441,false],"1536x1536":["https:\/\/arantv.az\/wp-content\/uploads\/2019\/05\/Clipboard01.jpg",620,441,false],"2048x2048":["https:\/\/arantv.az\/wp-content\/uploads\/2019\/05\/Clipboard01.jpg",620,441,false],"post-thumbnail":["https:\/\/arantv.az\/wp-content\/uploads\/2019\/05\/Clipboard01-240x172.jpg",240,172,true],"advps-thumb-one":["https:\/\/arantv.az\/wp-content\/uploads\/2019\/05\/Clipboard01.jpg",620,441,false]},"rttpg_author":{"display_name":"V\u00fcsal Rafiqo\u011flu","author_link":"https:\/\/arantv.az\/?author=2"},"rttpg_comment":0,"rttpg_category":"<a href=\"https:\/\/arantv.az\/?cat=19\" rel=\"category\">G\u00fcnd\u0259m<\/a>","rttpg_excerpt":"NATO il\u0259 qar\u015f\u0131l\u0131ql\u0131 maraqlar \u00e7\u0259r\u00e7iv\u0259sind\u0259 t\u0259r\u0259fda\u015fl\u0131q m\u00fcnasib\u0259tl\u0259rinin inki\u015faf etdirilm\u0259si Az\u0259rbaycan Ordusunun h\u0259rbi \u0259m\u0259kda\u015fl\u0131\u011f\u0131n\u0131n \u0259sas prioritet istiqam\u0259tl\u0259rind\u0259n biridir. Bunu Az\u0259rbaycan\u0131n M\u00fcdafi\u0259 naziri general-polkovnik Zakir H\u0259s\u0259nov\u00a0deyib. Nazir qeyd edib ki, Az\u0259rbaycan il\u0259 NATO aras\u0131nda qurulmu\u015f t\u0259r\u0259fda\u015fl\u0131q v\u0259 m\u00fcxt\u0259lif s\u00fclhm\u0259raml\u0131 missiyalarda birg\u0259 f\u0259aliyy\u0259t \u00f6lk\u0259mizin Avro-Atlantik m\u0259kanda t\u0259hl\u00fck\u0259sizliyi v\u0259 sabitliyi t\u0259min etm\u0259k \u00fc\u00e7\u00fcn g\u00f6st\u0259rdiyi s\u0259yl\u0259rin v\u0259 xo\u015fm\u0259raml\u0131 niyy\u0259timizin bariz&hellip;","_links":{"self":[{"href":"https:\/\/arantv.az\/index.php?rest_route=\/wp\/v2\/posts\/54749"}],"collection":[{"href":"https:\/\/arantv.az\/index.php?rest_route=\/wp\/v2\/posts"}],"about":[{"href":"https:\/\/arantv.az\/index.php?rest_route=\/wp\/v2\/types\/post"}],"author":[{"embeddable":true,"href":"https:\/\/arantv.az\/index.php?rest_route=\/wp\/v2\/users\/2"}],"replies":[{"embeddable":true,"href":"https:\/\/arantv.az\/index.php?rest_route=%2Fwp%2Fv2%2Fcomments&post=54749"}],"version-history":[{"count":0,"href":"https:\/\/arantv.az\/index.php?rest_route=\/wp\/v2\/posts\/54749\/revisions"}],"wp:featuredmedia":[{"embeddable":true,"href":"https:\/\/arantv.az\/index.php?rest_route=\/wp\/v2\/media\/54750"}],"wp:attachment":[{"href":"https:\/\/arantv.az\/index.php?rest_route=%2Fwp%2Fv2%2Fmedia&parent=54749"}],"wp:term":[{"taxonomy":"category","embeddable":true,"href":"https:\/\/arantv.az\/index.php?rest_route=%2Fwp%2Fv2%2Fcategories&post=54749"},{"taxonomy":"post_tag","embeddable":true,"href":"https:\/\/arantv.az\/index.php?rest_route=%2Fwp%2Fv2%2Ftags&post=54749"}],"curies":[{"name":"wp","href":"https:\/\/api.w.org\/{rel}","templated":true}]}}