{"id":549871,"date":"2022-12-26T15:20:31","date_gmt":"2022-12-26T12:20:31","guid":{"rendered":"https:\/\/arantv.az\/?p=549871"},"modified":"2022-12-26T15:20:31","modified_gmt":"2022-12-26T12:20:31","slug":"guz%c9%99stli-s%c9%99rtl%c9%99rl%c9%99-yasa-gor%c9%99-%c9%99m%c9%99k-pensiyasi-alanlarin-n%c9%99z%c9%99rin%c9%99-siyahida-d%c9%99yisiklik-edildi","status":"publish","type":"post","link":"https:\/\/arantv.az\/?p=549871","title":{"rendered":"G\u00fcz\u0259\u015ftli \u015f\u0259rtl\u0259rl\u0259 ya\u015fa g\u00f6r\u0259 \u0259m\u0259k pensiyas\u0131 alanlar\u0131n N\u018fZ\u018fR\u0130N\u018f: Siyah\u0131da d\u0259yi\u015fiklik edildi"},"content":{"rendered":"<p>G\u00fcz\u0259\u015ftli \u015f\u0259rtl\u0259rl\u0259 ya\u015fa g\u00f6r\u0259 \u0259m\u0259k pensiyas\u0131 h\u00fcququ ver\u0259n istehsalatlar\u0131n, pe\u015f\u0259l\u0259rin, v\u0259zif\u0259l\u0259rin v\u0259 g\u00f6st\u0259ricil\u0259rin Siyah\u0131s\u0131nda d\u0259yi\u015fiklik edilib.<\/p>\n<p>Bununla ba\u011fl\u0131 Ba\u015f nazir \u018fli \u018fs\u0259dov\u00a0<a href=\"https:\/\/nk.gov.az\/az\/article\/2584\/\" target=\"_blank\" rel=\"noopener\">q\u0259rar<\/a>\u00a0imzalay\u0131b.<\/p>\n<div class=\"AdviadNativeVideo\"><\/div>\n<p>\u201c\u018fm\u0259k pensiyalar\u0131 haqq\u0131nda\u201d Az\u0259rbaycan Respublikas\u0131 Qanununun 9.1-ci madd\u0259sin\u0259 \u0259sas\u0259n ax\u0131r\u0131nc\u0131 i\u015f yerind\u0259n as\u0131l\u0131 olmayaraq yeralt\u0131 i\u015fl\u0259rd\u0259, inc\u0259s\u0259n\u0259tin x\u00fcsusi sah\u0259l\u0259rind\u0259, h\u0259m\u00e7inin \u0259m\u0259k \u015f\u0259raiti x\u00fcsusil\u0259 z\u0259r\u0259rli v\u0259 a\u011f\u0131r olan i\u015fl\u0259rd\u0259 \u00e7al\u0131\u015fan \u015f\u0259xsl\u0259rin t\u0259l\u0259b olunan \u015f\u0259rtl\u0259r daxilind\u0259 \u0259m\u0259k \u015f\u0259raitin\u0259 g\u00f6r\u0259 g\u00fcz\u0259\u015ftli \u015f\u0259rtl\u0259rl\u0259 ya\u015fa g\u00f6r\u0259 \u0259m\u0259k pensiyas\u0131 h\u00fcququ vard\u0131r. G\u00fcz\u0259\u015ftli \u015f\u0259rtl\u0259rl\u0259 ya\u015fa g\u00f6r\u0259 \u0259m\u0259k pensiyas\u0131 h\u00fcququ ver\u0259n istehsalatlar\u0131n, pe\u015f\u0259l\u0259rin, v\u0259zif\u0259l\u0259rin v\u0259 g\u00f6st\u0259ricil\u0259rin Siyah\u0131s\u0131 Az\u0259rbaycan Respublikas\u0131 Nazirl\u0259r Kabinetinin\u00a0 23 yanvar 2007-ci il tarixli 12 n\u00f6mr\u0259li Q\u0259rar\u0131 il\u0259 t\u0259sdiq edilib.<\/p>\n<p>\u018fm\u0259k bazar\u0131nda ba\u015f ver\u0259n d\u0259yi\u015fiklikl\u0259r n\u0259tic\u0259sind\u0259 bir s\u0131ra v\u0259zif\u0259 v\u0259 pe\u015f\u0259l\u0259rin \u00f6z aktuall\u0131\u011f\u0131n\u0131 itirm\u0259si, el\u0259c\u0259 d\u0259 bir s\u0131ra yenil\u0259rinin meydana \u00e7\u0131xmas\u0131 Q\u0259rarla t\u0259sdiq edilmi\u015f Siyah\u0131ya yenid\u0259n bax\u0131lmas\u0131na z\u0259rur\u0259t yaran\u0131b.<\/p>\n<p>S\u00f6z\u00fcged\u0259n siyah\u0131dak\u0131 v\u0259zif\u0259l\u0259rin bir s\u0131ra m\u00fc\u0259ssis\u0259l\u0259rd\u0259 m\u00f6vcud v\u0259zif\u0259l\u0259r\u0259 aid i\u015fin xarakterik x\u00fcsusiyy\u0259ti bax\u0131m\u0131ndan eyni, lakin adland\u0131r\u0131lma bax\u0131m\u0131ndan f\u0259rqli olmas\u0131, n\u0259tic\u0259d\u0259 m\u00fc\u0259yy\u0259n \u015f\u0259xsl\u0259rin g\u00fcz\u0259\u015ftli \u015f\u0259rtl\u0259rl\u0259 pensiya h\u00fcququ \u0259ld\u0259 ed\u0259 bilm\u0259m\u0259l\u0259rin\u0259 s\u0259b\u0259b olur.<\/p>\n<p>Q\u0259rara \u0259sas\u0259n, siyah\u0131ya \u0259lav\u0259 edilm\u0259si t\u0259klif edil\u0259n 59 v\u0259zif\u0259 v\u0259 pe\u015f\u0259 \u00fczr\u0259 \u00e7al\u0131\u015fan \u015f\u0259xsl\u0259rin g\u00fcz\u0259\u015ftli \u015f\u0259rtl\u0259rl\u0259 ya\u015fa g\u00f6r\u0259 \u0259m\u0259k pensiyas\u0131 h\u00fcququ yaranacaq v\u0259 attestasiya protokollar\u0131n\u0131n yekunlar\u0131na \u0259sas\u0259n h\u0259min v\u0259zif\u0259 v\u0259 pe\u015f\u0259l\u0259rin g\u00fcz\u0259\u015ftli \u015f\u0259rtl\u0259rl\u0259 ya\u015fa g\u00f6r\u0259 \u0259m\u0259k pensiyas\u0131 h\u00fcququ ver\u0259n v\u0259zif\u0259l\u0259rin siyah\u0131s\u0131na daxil edilm\u0259si m\u0259qs\u0259d\u0259uy\u011fun hesab olunur.<\/p>\n","protected":false},"excerpt":{"rendered":"<p>G\u00fcz\u0259\u015ftli \u015f\u0259rtl\u0259rl\u0259 ya\u015fa g\u00f6r\u0259 \u0259m\u0259k pensiyas\u0131 h\u00fcququ ver\u0259n istehsalatlar\u0131n, pe\u015f\u0259l\u0259rin, v\u0259zif\u0259l\u0259rin v\u0259 g\u00f6st\u0259ricil\u0259rin Siyah\u0131s\u0131nda d\u0259yi\u015fiklik edilib. Bununla ba\u011fl\u0131 Ba\u015f nazir \u018fli \u018fs\u0259dov\u00a0q\u0259rar\u00a0imzalay\u0131b. \u201c\u018fm\u0259k pensiyalar\u0131 haqq\u0131nda\u201d Az\u0259rbaycan Respublikas\u0131 Qanununun 9.1-ci madd\u0259sin\u0259 \u0259sas\u0259n ax\u0131r\u0131nc\u0131 i\u015f yerind\u0259n as\u0131l\u0131 olmayaraq yeralt\u0131 i\u015fl\u0259rd\u0259, inc\u0259s\u0259n\u0259tin x\u00fcsusi sah\u0259l\u0259rind\u0259, h\u0259m\u00e7inin \u0259m\u0259k \u015f\u0259raiti x\u00fcsusil\u0259 z\u0259r\u0259rli v\u0259 a\u011f\u0131r olan i\u015fl\u0259rd\u0259 \u00e7al\u0131\u015fan \u015f\u0259xsl\u0259rin t\u0259l\u0259b olunan \u015f\u0259rtl\u0259r daxilind\u0259 \u0259m\u0259k \u015f\u0259raitin\u0259 g\u00f6r\u0259 g\u00fcz\u0259\u015ftli \u015f\u0259rtl\u0259rl\u0259 ya\u015fa g\u00f6r\u0259 \u0259m\u0259k pensiyas\u0131 h\u00fcququ vard\u0131r. G\u00fcz\u0259\u015ftli \u015f\u0259rtl\u0259rl\u0259 ya\u015fa g\u00f6r\u0259 \u0259m\u0259k pensiyas\u0131 h\u00fcququ ver\u0259n istehsalatlar\u0131n, pe\u015f\u0259l\u0259rin, v\u0259zif\u0259l\u0259rin v\u0259 g\u00f6st\u0259ricil\u0259rin Siyah\u0131s\u0131 Az\u0259rbaycan Respublikas\u0131 Nazirl\u0259r Kabinetinin\u00a0 23 yanvar 2007-ci il tarixli&hellip;<\/p>\n","protected":false},"author":2,"featured_media":514837,"comment_status":"closed","ping_status":"closed","sticky":false,"template":"","format":"standard","meta":{"om_disable_all_campaigns":false,"_monsterinsights_skip_tracking":false,"_monsterinsights_sitenote_active":false,"_monsterinsights_sitenote_note":"","_monsterinsights_sitenote_category":0},"categories":[4],"tags":[],"aioseo_notices":[],"gutentor_comment":0,"rttpg_featured_image_url":{"full":["https:\/\/arantv.az\/wp-content\/uploads\/2022\/09\/imza_banco.az_3_10.jpg",750,400,false],"landscape":["https:\/\/arantv.az\/wp-content\/uploads\/2022\/09\/imza_banco.az_3_10.jpg",750,400,false],"portraits":["https:\/\/arantv.az\/wp-content\/uploads\/2022\/09\/imza_banco.az_3_10.jpg",750,400,false],"thumbnail":["https:\/\/arantv.az\/wp-content\/uploads\/2022\/09\/imza_banco.az_3_10-500x280.jpg",500,280,true],"medium":["https:\/\/arantv.az\/wp-content\/uploads\/2022\/09\/imza_banco.az_3_10-660x352.jpg",660,352,true],"large":["https:\/\/arantv.az\/wp-content\/uploads\/2022\/09\/imza_banco.az_3_10.jpg",640,341,false],"1536x1536":["https:\/\/arantv.az\/wp-content\/uploads\/2022\/09\/imza_banco.az_3_10.jpg",750,400,false],"2048x2048":["https:\/\/arantv.az\/wp-content\/uploads\/2022\/09\/imza_banco.az_3_10.jpg",750,400,false],"post-thumbnail":["https:\/\/arantv.az\/wp-content\/uploads\/2022\/09\/imza_banco.az_3_10-240x172.jpg",240,172,true],"advps-thumb-one":["https:\/\/arantv.az\/wp-content\/uploads\/2022\/09\/imza_banco.az_3_10.jpg",750,400,false]},"rttpg_author":{"display_name":"V\u00fcsal Rafiqo\u011flu","author_link":"https:\/\/arantv.az\/?author=2"},"rttpg_comment":0,"rttpg_category":"<a href=\"https:\/\/arantv.az\/?cat=4\" rel=\"category\">Siyas\u0259t<\/a>","rttpg_excerpt":"G\u00fcz\u0259\u015ftli \u015f\u0259rtl\u0259rl\u0259 ya\u015fa g\u00f6r\u0259 \u0259m\u0259k pensiyas\u0131 h\u00fcququ ver\u0259n istehsalatlar\u0131n, pe\u015f\u0259l\u0259rin, v\u0259zif\u0259l\u0259rin v\u0259 g\u00f6st\u0259ricil\u0259rin Siyah\u0131s\u0131nda d\u0259yi\u015fiklik edilib. Bununla ba\u011fl\u0131 Ba\u015f nazir \u018fli \u018fs\u0259dov\u00a0q\u0259rar\u00a0imzalay\u0131b. \u201c\u018fm\u0259k pensiyalar\u0131 haqq\u0131nda\u201d Az\u0259rbaycan Respublikas\u0131 Qanununun 9.1-ci madd\u0259sin\u0259 \u0259sas\u0259n ax\u0131r\u0131nc\u0131 i\u015f yerind\u0259n as\u0131l\u0131 olmayaraq yeralt\u0131 i\u015fl\u0259rd\u0259, inc\u0259s\u0259n\u0259tin x\u00fcsusi sah\u0259l\u0259rind\u0259, h\u0259m\u00e7inin \u0259m\u0259k \u015f\u0259raiti x\u00fcsusil\u0259 z\u0259r\u0259rli v\u0259 a\u011f\u0131r olan i\u015fl\u0259rd\u0259 \u00e7al\u0131\u015fan \u015f\u0259xsl\u0259rin t\u0259l\u0259b olunan \u015f\u0259rtl\u0259r&hellip;","_links":{"self":[{"href":"https:\/\/arantv.az\/index.php?rest_route=\/wp\/v2\/posts\/549871"}],"collection":[{"href":"https:\/\/arantv.az\/index.php?rest_route=\/wp\/v2\/posts"}],"about":[{"href":"https:\/\/arantv.az\/index.php?rest_route=\/wp\/v2\/types\/post"}],"author":[{"embeddable":true,"href":"https:\/\/arantv.az\/index.php?rest_route=\/wp\/v2\/users\/2"}],"replies":[{"embeddable":true,"href":"https:\/\/arantv.az\/index.php?rest_route=%2Fwp%2Fv2%2Fcomments&post=549871"}],"version-history":[{"count":0,"href":"https:\/\/arantv.az\/index.php?rest_route=\/wp\/v2\/posts\/549871\/revisions"}],"wp:featuredmedia":[{"embeddable":true,"href":"https:\/\/arantv.az\/index.php?rest_route=\/wp\/v2\/media\/514837"}],"wp:attachment":[{"href":"https:\/\/arantv.az\/index.php?rest_route=%2Fwp%2Fv2%2Fmedia&parent=549871"}],"wp:term":[{"taxonomy":"category","embeddable":true,"href":"https:\/\/arantv.az\/index.php?rest_route=%2Fwp%2Fv2%2Fcategories&post=549871"},{"taxonomy":"post_tag","embeddable":true,"href":"https:\/\/arantv.az\/index.php?rest_route=%2Fwp%2Fv2%2Ftags&post=549871"}],"curies":[{"name":"wp","href":"https:\/\/api.w.org\/{rel}","templated":true}]}}