{"id":549890,"date":"2022-12-26T16:52:19","date_gmt":"2022-12-26T13:52:19","guid":{"rendered":"https:\/\/arantv.az\/?p=549890"},"modified":"2022-12-26T16:52:19","modified_gmt":"2022-12-26T13:52:19","slug":"turkiy%c9%99-hakiml%c9%99r-v%c9%99-prokurorlar-surasinin-numay%c9%99nd%c9%99-hey%c9%99ti-bakiya-g%c9%99lib-foto","status":"publish","type":"post","link":"https:\/\/arantv.az\/?p=549890","title":{"rendered":"T\u00fcrkiy\u0259 Hakiml\u0259r v\u0259 Prokurorlar \u015euras\u0131n\u0131n n\u00fcmay\u0259nd\u0259 hey\u0259ti Bak\u0131ya g\u0259lib &#8211; FOTO"},"content":{"rendered":"<p>Prokurorluq orqanlar\u0131nda h\u0259yata ke\u00e7iril\u0259n m\u00fcasir m\u0259zmunlu islahatlar\u0131n m\u00fch\u00fcm hiss\u0259si kimi beyn\u0259lxalq \u0259m\u0259kda\u015fl\u0131q \u0259laq\u0259l\u0259rinin daha da inki\u015faf etdirilm\u0259si, ikit\u0259r\u0259fli v\u0259 \u00e7oxt\u0259r\u0259fli formatlar \u00e7\u0259r\u00e7iv\u0259sind\u0259, el\u0259c\u0259 d\u0259 regional v\u0259 ixtisasla\u015fd\u0131r\u0131lm\u0131\u015f beyn\u0259lxalq t\u0259sisatlarla yeni \u0259laq\u0259l\u0259rin qurulmas\u0131 m\u00fch\u00fcm \u0259h\u0259miyy\u0259t k\u0259sb edir.<\/p>\n<p>Ba\u015f Prokurorlu\u011fun M\u0259tbuat xidm\u0259tind\u0259n\u00a0Oxu.Az-a veril\u0259n m\u0259lumata g\u00f6r\u0259, bu sah\u0259d\u0259 h\u0259yata ke\u00e7iril\u0259n kompleks t\u0259dbirl\u0259rin m\u0259ntiqi davam\u0131 olaraq, T\u00fcrkiy\u0259 Respublikas\u0131n\u0131n Hakiml\u0259r v\u0259 Prokurorlar \u015euras\u0131n\u0131n n\u00fcmay\u0259nd\u0259 hey\u0259ti ba\u015f prokuror Kamran \u018fliyevin d\u0259v\u0259ti il\u0259 \u00f6lk\u0259miz\u0259 r\u0259smi s\u0259f\u0259rd\u0259dir.<\/p>\n<div class=\"AdviadNativeVideo\"><\/div>\n<p>N\u00fcmay\u0259nd\u0259 hey\u0259ti F\u0259xri xiyabana g\u0259l\u0259r\u0259k xalq\u0131m\u0131z\u0131n \u00fcmummilli lideri, m\u00fcasir m\u00fcst\u0259qil Az\u0259rbaycan d\u00f6vl\u0259tinin memar\u0131 v\u0259 qurucusu Heyd\u0259r \u018fliyevin xatir\u0259sini ehtiramla yad ed\u0259r\u0259k m\u0259zar\u0131 \u00f6n\u00fcn\u0259 \u0259klil qoyub, el\u0259c\u0259 d\u0259 g\u00f6rk\u0259mli oftalmoloq alim, akademik Z\u0259rif\u0259 \u018fliyevan\u0131n m\u0259zar\u0131n\u0131 ziyar\u0259t edibl\u0259r.<\/p>\n<p>\u015e\u0259hidl\u0259r xiyaban\u0131na g\u0259l\u0259n qonaqlar Az\u0259rbaycan\u0131n m\u00fcst\u0259qilliyi u\u011frunda \u015f\u0259hid olan q\u0259hr\u0259man V\u0259t\u0259n \u00f6vladlar\u0131n\u0131n xatir\u0259sin\u0259 ehtiramlar\u0131n\u0131 bildirib, m\u0259zarlar\u0131 \u00fcz\u0259rin\u0259 g\u00fcl d\u0259st\u0259l\u0259ri qoyublar. H\u0259m\u00e7inin, Az\u0259rbaycan\u0131n \u0259razi b\u00fct\u00f6vl\u00fcy\u00fc u\u011frunda h\u0259lak olmu\u015f \u015f\u0259hid t\u00fcrk \u0259sg\u0259rl\u0259rinin xatir\u0259sin\u0259 ucald\u0131lm\u0131\u015f \u201cT\u00fcrk \u015f\u0259hidliyi\u201d abid\u0259si ziyar\u0259t edilib.<\/p>\n<p>Daha sonra Az\u0259rbaycan Respublikas\u0131n\u0131n Ba\u015f Prokurlu\u011funda g\u00f6r\u00fc\u015f ke\u00e7irilib. T\u0259dbir zaman\u0131 d\u00f6vl\u0259tl\u0259rimiz aras\u0131nda dostluq v\u0259 \u0259m\u0259kda\u015fl\u0131q m\u00fcnasib\u0259tl\u0259rinin inki\u015faf\u0131n\u0131n d\u00f6vl\u0259t ba\u015f\u00e7\u0131lar\u0131\u00a0<strong>\u0130lham \u018fliyev<\/strong>\u00a0v\u0259\u00a0R\u0259c\u0259b Tayyib \u018frdo\u011fan\u0131n birg\u0259 ciddi s\u0259yl\u0259ri v\u0259 sars\u0131lmaz siyasi irad\u0259l\u0259ri say\u0259sind\u0259 strateji t\u0259r\u0259fda\u015fl\u0131q s\u0259viyy\u0259sin\u0259 y\u00fcks\u0259ldiyi, ikit\u0259r\u0259fli m\u00fcnasib\u0259tl\u0259rin bir \u00e7ox istiqam\u0259tl\u0259rd\u0259 u\u011furla inki\u015faf etdirildiyi x\u00fcsusil\u0259 qeyd olunub.<\/p>\n<p>Ba\u015f prokuror Kamran \u018fliyev Az\u0259rbaycan Respublikas\u0131n\u0131n Prezidenti \u0130lham \u018fliyevin r\u0259hb\u0259rliyi il\u0259 \u00f6lk\u0259mizd\u0259 h\u0259yata ke\u00e7iril\u0259n m\u0259hk\u0259m\u0259-h\u00fcquq islahatlar\u0131 \u00e7\u0259r\u00e7iv\u0259sind\u0259 prokurorlu\u011fun f\u0259aliyy\u0259ti \u00fc\u00e7\u00fcn z\u0259ruri normativ-h\u00fcquqi bazan\u0131n g\u00fccl\u0259ndirilm\u0259si, prokurorluq orqanlar\u0131n\u0131n f\u0259aliyy\u0259tinin h\u0259rt\u0259r\u0259fli m\u00fcasirl\u0259\u015fdirilm\u0259si, prokurorlu\u011fun strukturunun daha da t\u0259kmill\u0259\u015fdirilm\u0259si, kadr korpusunun tamamil\u0259 yenid\u0259n formala\u015fd\u0131r\u0131lmas\u0131 istiqam\u0259tind\u0259 apar\u0131lan k\u00f6kl\u00fc islahatlar, v\u0259t\u0259nda\u015flar\u0131n h\u00fcquq v\u0259 azadl\u0131qlar\u0131n\u0131n t\u0259min edilm\u0259si m\u0259qs\u0259dil\u0259 dig\u0259r h\u00fcquq-m\u00fchafiz\u0259 orqanlar\u0131 il\u0259 qar\u015f\u0131l\u0131ql\u0131 s\u0259m\u0259r\u0259li \u0259laq\u0259l\u0259rin qurulmas\u0131, h\u0259m\u00e7inin m\u00fcasir d\u00f6vrd\u0259 qar\u015f\u0131da duran dig\u0259r v\u0259zif\u0259l\u0259r bar\u0259d\u0259 qonaqlara \u0259trafl\u0131 m\u0259lumat verib.<\/p>\n<p>Kamran \u018fliyev 44 g\u00fcnl\u00fck V\u0259t\u0259n m\u00fcharib\u0259sinin ilk anlar\u0131ndan T\u00fcrkiy\u0259 Respublikas\u0131n\u0131n r\u0259hb\u0259rliyi v\u0259 xalq\u0131n\u0131n \u00f6lk\u0259miz\u0259 siyasi v\u0259 m\u0259n\u0259vi d\u0259st\u0259yin\u0259 g\u00f6r\u0259 minn\u0259tdarl\u0131\u011f\u0131n\u0131 bildirib, i\u015f\u011faldan azad edilmi\u015f \u0259razil\u0259rimizd\u0259 yenid\u0259nqurma prosesind\u0259 m\u00f6vcud strateji \u0259m\u0259kda\u015fl\u0131\u011f\u0131n u\u011furla davam etdirildiyini vur\u011fulay\u0131b.<\/p>\n<p>S\u0259mimi q\u0259bula g\u00f6r\u0259 \u00f6z t\u0259\u015f\u0259kk\u00fcr\u00fcn\u00fc bildir\u0259n n\u00fcmay\u0259nd\u0259 hey\u0259tinin r\u0259hb\u0259ri, Hakiml\u0259r v\u0259 Prokurorlar \u015euras\u0131n\u0131n T\u0259fti\u015f idar\u0259sinin r\u0259isi Osman Nuri t\u0259msil etdiyi qurumun Az\u0259rbaycan il\u0259 \u0259laq\u0259l\u0259rin inki\u015faf\u0131na b\u00f6y\u00fck \u00f6n\u0259m verdiyini bildirib. O, iki \u00f6lk\u0259 aras\u0131nda m\u00f6vcud iqtisadi, siyasi, sosial, m\u0259d\u0259ni \u0259laq\u0259l\u0259rin y\u00fcks\u0259k s\u0259viyy\u0259d\u0259 olmas\u0131n\u0131 v\u0259 bunun m\u0259ntiqi n\u0259tic\u0259si kimi xalqlar\u0131m\u0131z\u0131n \u00fczl\u0259\u015fdiyi b\u00fct\u00fcn m\u0259s\u0259l\u0259l\u0259rd\u0259 bir-birin\u0259 d\u0259st\u0259k ver\u0259c\u0259kl\u0259rini x\u00fcsusi vur\u011fulay\u0131b.<\/p>\n<p>G\u00f6r\u00fc\u015fd\u0259 h\u00fcquqi sah\u0259d\u0259 \u0259m\u0259kda\u015fl\u0131q \u00fczr\u0259 faydal\u0131 fikir m\u00fcbadil\u0259si apar\u0131l\u0131b, qar\u015f\u0131l\u0131ql\u0131 s\u0259m\u0259r\u0259li f\u0259aliyy\u0259tin bundan sonra da u\u011furla davam etdiril\u0259c\u0259yin\u0259 \u0259minlik ifad\u0259 olunub.<\/p>\n<p>N\u00fcmay\u0259nd\u0259 hey\u0259ti daha sonra Ba\u015f Prokurorlu\u011fun Tarix muzeyi il\u0259 tan\u0131\u015f olub. Muzeyd\u0259 Az\u0259rbaycan Prokurorlu\u011funun z\u0259ngin tarixi, qarda\u015f \u00f6lk\u0259l\u0259rimiz aras\u0131ndak\u0131 m\u00fcnasib\u0259tl\u0259ri \u0259ks etdir\u0259n ekspozisiyalar, eyni zamanda, ulu \u00f6nd\u0259r Heyd\u0259r \u018fliyevin h\u0259yat v\u0259 yarad\u0131c\u0131l\u0131\u011f\u0131na h\u0259sr olunan gu\u015f\u0259 v\u0259 eksponatlar qonaqlarda z\u0259ngin t\u0259\u0259ss\u00fcrat oyad\u0131b.<\/p>\n<p>Sonda xatir\u0259 foto\u015f\u0259kli \u00e7\u0259kdirilib. N\u00fcmay\u0259nd\u0259 hey\u0259tinin \u00f6lk\u0259miz\u0259 r\u0259smi s\u0259f\u0259ri davam edir. \u0130ctimaiyy\u0259t\u0259 s\u0259f\u0259rin gedi\u015fat\u0131 bar\u0259d\u0259 \u0259trafl\u0131 m\u0259lumat veril\u0259c\u0259k.<\/p>\n<p>&nbsp;<\/p>\n<div class=\"gallery\">\n<div class=\"gallery-i\"><img src=\"https:\/\/cdn.oxu.az\/uploads\/W1siZiIsIjIwMjIvMTIvMjYvMTcvMTkvMjMvNWY2YjNiNWEtMDhhNy00OTJkLTkwMjAtYWYwZDdmYWVmODdjLzYzYTk5NjEzMGQ3MGM2M2E5OTYxMzBkNzBkMTY3MjA1ODM4NzYzYTk5NjEzMGQ3MDk2M2E5OTYxMzBkNzBhLmpwZyJdLFsicCIsImVuY29kZSIsImpwZyIsIi1xdWFsaXR5IDgwIl0sWyJwIiwidGh1bWIiLCI1OTB4NTkwXHUwMDNlIl1d?sha=d2acc45a38045eb3\" alt=\"\" \/><\/p>\n<div class=\"gallery-i-caption\"><\/div>\n<\/div>\n<div class=\"gallery-i\"><img src=\"https:\/\/cdn.oxu.az\/uploads\/W1siZiIsIjIwMjIvMTIvMjYvMTcvMTkvMjMvYTJlNzk0MzctZGNlMy00Y2Q5LTgxZTMtZTA1N2RmZjVlODk4LzYzYTk5NjEzMjMwZDA2M2E5OTYxMzIzMGQxMTY3MjA1ODM4NzYzYTk5NjEzMjMwY2Q2M2E5OTYxMzIzMGNlLmpwZyJdLFsicCIsImVuY29kZSIsImpwZyIsIi1xdWFsaXR5IDgwIl0sWyJwIiwidGh1bWIiLCI1OTB4NTkwXHUwMDNlIl1d?sha=131465df89fc4b06\" alt=\"\" \/><\/p>\n<div class=\"gallery-i-caption\"><\/div>\n<\/div>\n<div class=\"gallery-i\"><img src=\"https:\/\/cdn.oxu.az\/uploads\/W1siZiIsIjIwMjIvMTIvMjYvMTcvMTkvMjMvNzAwZjE4MmEtNWUzZS00NWVjLWIwYzMtZjU3ZjJjOWFiMTFlLzYzYTk5NjEzNGU4MzU2M2E5OTYxMzRlODM2MTY3MjA1ODM4NzYzYTk5NjEzNGU4MzM2M2E5OTYxMzRlODM0LmpwZyJdLFsicCIsImVuY29kZSIsImpwZyIsIi1xdWFsaXR5IDgwIl0sWyJwIiwidGh1bWIiLCI1OTB4NTkwXHUwMDNlIl1d?sha=9e1ff153ca6cbe88\" alt=\"\" \/><\/p>\n<div class=\"gallery-i-caption\"><\/div>\n<\/div>\n<div class=\"gallery-i\"><img src=\"https:\/\/cdn.oxu.az\/uploads\/W1siZiIsIjIwMjIvMTIvMjYvMTcvMTkvMjMvYTdmM2U1YWEtNTRlZi00ODkxLTlmYzgtNWNlZjRmNWZiZjI0LzYzYTk5NjEzMzI4NzY2M2E5OTYxMzMyODc3MTY3MjA1ODM4NzYzYTk5NjEzMzI4NzQ2M2E5OTYxMzMyODc1LmpwZyJdLFsicCIsImVuY29kZSIsImpwZyIsIi1xdWFsaXR5IDgwIl0sWyJwIiwidGh1bWIiLCI1OTB4NTkwXHUwMDNlIl1d?sha=4182203ab5f14d51\" alt=\"\" \/><\/div>\n<\/div>\n","protected":false},"excerpt":{"rendered":"<p>Prokurorluq orqanlar\u0131nda h\u0259yata ke\u00e7iril\u0259n m\u00fcasir m\u0259zmunlu islahatlar\u0131n m\u00fch\u00fcm hiss\u0259si kimi beyn\u0259lxalq \u0259m\u0259kda\u015fl\u0131q \u0259laq\u0259l\u0259rinin daha da inki\u015faf etdirilm\u0259si, ikit\u0259r\u0259fli v\u0259 \u00e7oxt\u0259r\u0259fli formatlar \u00e7\u0259r\u00e7iv\u0259sind\u0259, el\u0259c\u0259 d\u0259 regional v\u0259 ixtisasla\u015fd\u0131r\u0131lm\u0131\u015f beyn\u0259lxalq t\u0259sisatlarla yeni \u0259laq\u0259l\u0259rin qurulmas\u0131 m\u00fch\u00fcm \u0259h\u0259miyy\u0259t k\u0259sb edir. Ba\u015f Prokurorlu\u011fun M\u0259tbuat xidm\u0259tind\u0259n\u00a0Oxu.Az-a veril\u0259n m\u0259lumata g\u00f6r\u0259, bu sah\u0259d\u0259 h\u0259yata ke\u00e7iril\u0259n kompleks t\u0259dbirl\u0259rin m\u0259ntiqi davam\u0131 olaraq, T\u00fcrkiy\u0259 Respublikas\u0131n\u0131n Hakiml\u0259r v\u0259 Prokurorlar \u015euras\u0131n\u0131n n\u00fcmay\u0259nd\u0259 hey\u0259ti ba\u015f prokuror Kamran \u018fliyevin d\u0259v\u0259ti il\u0259 \u00f6lk\u0259miz\u0259 r\u0259smi s\u0259f\u0259rd\u0259dir. N\u00fcmay\u0259nd\u0259 hey\u0259ti F\u0259xri xiyabana g\u0259l\u0259r\u0259k xalq\u0131m\u0131z\u0131n \u00fcmummilli lideri, m\u00fcasir m\u00fcst\u0259qil Az\u0259rbaycan d\u00f6vl\u0259tinin memar\u0131 v\u0259 qurucusu Heyd\u0259r \u018fliyevin xatir\u0259sini ehtiramla yad ed\u0259r\u0259k&hellip;<\/p>\n","protected":false},"author":2,"featured_media":549891,"comment_status":"closed","ping_status":"closed","sticky":false,"template":"","format":"standard","meta":{"om_disable_all_campaigns":false,"_monsterinsights_skip_tracking":false,"_monsterinsights_sitenote_active":false,"_monsterinsights_sitenote_note":"","_monsterinsights_sitenote_category":0},"categories":[1],"tags":[],"aioseo_notices":[],"gutentor_comment":0,"rttpg_featured_image_url":{"full":["https:\/\/arantv.az\/wp-content\/uploads\/2022\/12\/63a996134113663a9961341137167205838763a996134113363a9961341134.jpg",620,413,false],"landscape":["https:\/\/arantv.az\/wp-content\/uploads\/2022\/12\/63a996134113663a9961341137167205838763a996134113363a9961341134.jpg",620,413,false],"portraits":["https:\/\/arantv.az\/wp-content\/uploads\/2022\/12\/63a996134113663a9961341137167205838763a996134113363a9961341134.jpg",620,413,false],"thumbnail":["https:\/\/arantv.az\/wp-content\/uploads\/2022\/12\/63a996134113663a9961341137167205838763a996134113363a9961341134-500x280.jpg",500,280,true],"medium":["https:\/\/arantv.az\/wp-content\/uploads\/2022\/12\/63a996134113663a9961341137167205838763a996134113363a9961341134-548x365.jpg",548,365,true],"large":["https:\/\/arantv.az\/wp-content\/uploads\/2022\/12\/63a996134113663a9961341137167205838763a996134113363a9961341134.jpg",620,413,false],"1536x1536":["https:\/\/arantv.az\/wp-content\/uploads\/2022\/12\/63a996134113663a9961341137167205838763a996134113363a9961341134.jpg",620,413,false],"2048x2048":["https:\/\/arantv.az\/wp-content\/uploads\/2022\/12\/63a996134113663a9961341137167205838763a996134113363a9961341134.jpg",620,413,false],"post-thumbnail":["https:\/\/arantv.az\/wp-content\/uploads\/2022\/12\/63a996134113663a9961341137167205838763a996134113363a9961341134-240x172.jpg",240,172,true],"advps-thumb-one":["https:\/\/arantv.az\/wp-content\/uploads\/2022\/12\/63a996134113663a9961341137167205838763a996134113363a9961341134.jpg",620,413,false]},"rttpg_author":{"display_name":"V\u00fcsal Rafiqo\u011flu","author_link":"https:\/\/arantv.az\/?author=2"},"rttpg_comment":0,"rttpg_category":"<a href=\"https:\/\/arantv.az\/?cat=1\" rel=\"category\">C\u0259miyy\u0259t<\/a>","rttpg_excerpt":"Prokurorluq orqanlar\u0131nda h\u0259yata ke\u00e7iril\u0259n m\u00fcasir m\u0259zmunlu islahatlar\u0131n m\u00fch\u00fcm hiss\u0259si kimi beyn\u0259lxalq \u0259m\u0259kda\u015fl\u0131q \u0259laq\u0259l\u0259rinin daha da inki\u015faf etdirilm\u0259si, ikit\u0259r\u0259fli v\u0259 \u00e7oxt\u0259r\u0259fli formatlar \u00e7\u0259r\u00e7iv\u0259sind\u0259, el\u0259c\u0259 d\u0259 regional v\u0259 ixtisasla\u015fd\u0131r\u0131lm\u0131\u015f beyn\u0259lxalq t\u0259sisatlarla yeni \u0259laq\u0259l\u0259rin qurulmas\u0131 m\u00fch\u00fcm \u0259h\u0259miyy\u0259t k\u0259sb edir. Ba\u015f Prokurorlu\u011fun M\u0259tbuat xidm\u0259tind\u0259n\u00a0Oxu.Az-a veril\u0259n m\u0259lumata g\u00f6r\u0259, bu sah\u0259d\u0259 h\u0259yata ke\u00e7iril\u0259n kompleks t\u0259dbirl\u0259rin m\u0259ntiqi davam\u0131 olaraq, T\u00fcrkiy\u0259 Respublikas\u0131n\u0131n Hakiml\u0259r&hellip;","_links":{"self":[{"href":"https:\/\/arantv.az\/index.php?rest_route=\/wp\/v2\/posts\/549890"}],"collection":[{"href":"https:\/\/arantv.az\/index.php?rest_route=\/wp\/v2\/posts"}],"about":[{"href":"https:\/\/arantv.az\/index.php?rest_route=\/wp\/v2\/types\/post"}],"author":[{"embeddable":true,"href":"https:\/\/arantv.az\/index.php?rest_route=\/wp\/v2\/users\/2"}],"replies":[{"embeddable":true,"href":"https:\/\/arantv.az\/index.php?rest_route=%2Fwp%2Fv2%2Fcomments&post=549890"}],"version-history":[{"count":0,"href":"https:\/\/arantv.az\/index.php?rest_route=\/wp\/v2\/posts\/549890\/revisions"}],"wp:featuredmedia":[{"embeddable":true,"href":"https:\/\/arantv.az\/index.php?rest_route=\/wp\/v2\/media\/549891"}],"wp:attachment":[{"href":"https:\/\/arantv.az\/index.php?rest_route=%2Fwp%2Fv2%2Fmedia&parent=549890"}],"wp:term":[{"taxonomy":"category","embeddable":true,"href":"https:\/\/arantv.az\/index.php?rest_route=%2Fwp%2Fv2%2Fcategories&post=549890"},{"taxonomy":"post_tag","embeddable":true,"href":"https:\/\/arantv.az\/index.php?rest_route=%2Fwp%2Fv2%2Ftags&post=549890"}],"curies":[{"name":"wp","href":"https:\/\/api.w.org\/{rel}","templated":true}]}}