{"id":549893,"date":"2022-12-26T16:53:17","date_gmt":"2022-12-26T13:53:17","guid":{"rendered":"https:\/\/arantv.az\/?p=549893"},"modified":"2022-12-26T16:53:17","modified_gmt":"2022-12-26T13:53:17","slug":"m%c9%99tbuat-surasi-euronews-v%c9%99-le-figaroya-muraci%c9%99t-etdi","status":"publish","type":"post","link":"https:\/\/arantv.az\/?p=549893","title":{"rendered":"M\u0259tbuat \u015euras\u0131 \u201cEuronews\u201d v\u0259 \u201cLe Figaro\u201dya m\u00fcraci\u0259t etdi"},"content":{"rendered":"<p>Az\u0259rbaycan M\u0259tbuat \u015euras\u0131 (M\u015e) \u201cEuronews\u201d telekanal\u0131na v\u0259 \u201cLe Figaro\u201d n\u0259\u015frin\u0259 m\u00fcraci\u0259t edib.<\/p>\n<p>Bu bar\u0259d\u0259 Oxu.Az-a M\u015e-d\u0259n m\u0259lumat verilib.<\/p>\n<p>Bildirilib ki, Az\u0259rbaycan\u0131n Qaraba\u011f b\u00f6lg\u0259sinin Rusiya s\u00fclhm\u0259raml\u0131 kontingentinin m\u00fcv\u0259qq\u0259ti n\u0259zar\u0259t zonas\u0131nda olan Xank\u0259ndi \u015f\u0259h\u0259rind\u0259 dekabr\u0131n 25-d\u0259 ke\u00e7irilmi\u015f aksiya zaman\u0131 \u00e7\u0131x\u0131\u015f etmi\u015f b\u0259zi \u015f\u0259xsl\u0259rin nitql\u0259rind\u0259ki m\u0259zmunun \u201cLe Fiqaro\u201d q\u0259zetind\u0259 v\u0259 \u201cEuronews\u201dun Fransa xidm\u0259tind\u0259 birt\u0259r\u0259fli qaydada v\u0259 q\u0259r\u0259zli s\u0259kild\u0259 yay\u0131mlanmas\u0131 d\u0259rin t\u0259\u0259ss\u00fcf hissi do\u011furur. B\u00fct\u00f6vl\u00fckd\u0259 Az\u0259rbaycan jurnalistl\u0259rinin haql\u0131 naraz\u0131l\u0131\u011f\u0131n\u0131 ifad\u0259 ed\u0259n M\u0259tbuat \u015euras\u0131n\u0131n yana\u015fmas\u0131 bundan ibar\u0259tdir ki, median\u0131n zorak\u0131l\u0131\u011fa, b\u00f6l\u00fcc\u00fcl\u00fcy\u0259 v\u0259 qar\u015f\u0131durmaya xidm\u0259t ed\u0259n t\u0259bli\u011fat \u00fc\u00e7\u00fcn tribunaya \u00e7evrilm\u0259si yolverilm\u0259zdir, jurnalistikan\u0131n pe\u015f\u0259 prinsipl\u0259rin\u0259 ziddir:<\/p>\n<p>\u201cQaraba\u011f Az\u0259rbaycan\u0131n BMT t\u0259r\u0259find\u0259n tan\u0131nm\u0131\u015f suveren \u0259razisi, Xank\u0259ndi q\u0259dim Az\u0259rbaycan \u015f\u0259h\u0259ri, orada ya\u015fayan \u0259hali is\u0259 Az\u0259rbaycan v\u0259t\u0259nda\u015flar\u0131d\u0131r. Amma \u201cLe Fiqaro\u201d q\u0259zeti v\u0259 \u201cEuronews\u201dun Fransa xidm\u0259ti dekabr\u0131n 25-d\u0259 ke\u00e7iril\u0259n aksiyas\u0131n\u0131 i\u015f\u0131qland\u0131rark\u0259n, n\u0259inki Az\u0259rbaycan\u0131n suveren h\u00fcquqlar\u0131n\u0131, h\u0259tta Qaraba\u011f b\u00f6lg\u0259sind\u0259 ya\u015fayan s\u0131ravi erm\u0259ni \u0259silli v\u0259t\u0259nda\u015flar\u0131n bel\u0259 m\u0259nafel\u0259rini n\u0259z\u0259r\u0259 almay\u0131blar. Onlar m\u0259s\u0259l\u0259ni otuz il\u0259 yax\u0131n m\u00fcdd\u0259td\u0259 Az\u0259rbaycan torpaqlar\u0131n\u0131 i\u015f\u011falda saxlam\u0131\u015f cinay\u0259tkarlar\u0131n v\u0259 onlar\u0131n \u0259m\u0259ll\u0259rinin davam\u00e7\u0131lar\u0131n\u0131n maraqlar\u0131 kontekstind\u0259 t\u0259qdim edibl\u0259r.<\/p>\n<p>T\u0259\u0259ss\u00fcfl\u0259 bildiririk ki, \u201cLe Fiqaro\u201d v\u0259 \u201cEuronews\u201dun Fransa xidm\u0259ti C\u0259nubi Qafqazda sabitliyin t\u0259min olunmas\u0131, xalqlar\u0131n dinc, yana\u015f\u0131 ya\u015famalar\u0131 \u00fc\u00e7\u00fcn g\u00f6st\u0259ril\u0259n s\u0259yl\u0259ri deyil, b\u00f6l\u00fcc\u00fcl\u00fcy\u0259 xidm\u0259t ed\u0259n, b\u00f6lg\u0259d\u0259 s\u00fclh g\u00fcnd\u0259liyinin \u0259leyhin\u0259 f\u0259aliyy\u0259t g\u00f6st\u0259r\u0259nl\u0259r\u0259 meydan verdil\u0259r. Jurnalistika d\u0259y\u0259rl\u0259rin\u0259 m\u00fcnasib\u0259td\u0259 bel\u0259 etinas\u0131zl\u0131\u011f\u0131n g\u00f6st\u0259rilm\u0259si yolverilm\u0259z v\u0259 q\u0259buledilm\u0259zdir.<\/p>\n<p>\u201cLe Fiqaro\u201d v\u0259 \u201cEuronews\u201d jurnalistikan\u0131n t\u0259r\u0259fsizlik v\u0259 obyektivlik kimi m\u00fch\u00fcm prinsipl\u0259rin\u0259 uy\u011fun olaraq, Az\u0259rbaycan\u0131n v\u0259t\u0259nda\u015f c\u0259miyy\u0259ti n\u00fcmay\u0259nd\u0259l\u0259rinin La\u00e7\u0131n-Xank\u0259ndi yolunda, art\u0131q, 15 g\u00fcnd\u00fcr ki, davam ed\u0259n aksiyas\u0131 il\u0259 maraqlana v\u0259 m\u0259s\u0259l\u0259nin \u0259sl m\u0259nz\u0259r\u0259sini b\u00fct\u00fcn t\u0259r\u0259fl\u0259rin m\u00f6vqeyi n\u0259z\u0259r\u0259 al\u0131nmaqla, t\u0259svir ed\u0259 bil\u0259rdil\u0259r. \u018ffsus ki, biz bu pe\u015f\u0259kar yana\u015fman\u0131 g\u00f6rm\u0259dik.<\/p>\n<p>\u201cLe Fiqaro\u201d n\u0259\u015fri Fransan\u0131n tan\u0131nm\u0131\u015f ictimaiyy\u0259t n\u00fcmay\u0259nd\u0259l\u0259rinin Az\u0259rbaycana qar\u015f\u0131 qeyri-obyektiv m\u00fcraci\u0259tini t\u0259\u015fkil ed\u0259r\u0259k v\u0259 yayaraq, bel\u0259 bir t\u0259s\u0259vv\u00fcr formala\u015fd\u0131rma\u011fa \u00e7al\u0131\u015f\u0131r ki, guya, Az\u0259rbaycan Qaraba\u011f erm\u0259nil\u0259rin\u0259 qar\u015f\u0131 etnik t\u0259mizl\u0259m\u0259 siyas\u0259ti h\u0259yata ke\u00e7irir. Ayd\u0131nd\u0131r ki, bu b\u0259yanat, Fransadak\u0131 erm\u0259ni lobbisinin s\u0259yl\u0259ri n\u0259tic\u0259sind\u0259 \u0259rs\u0259y\u0259 g\u0259lib v\u0259 onun maraqlar\u0131na xidm\u0259t edir. Qeyd etm\u0259yi vacib say\u0131r\u0131q ki, K\u0130V qurumunun hans\u0131sa material\u0131 siyasi konyunktura uy\u011fun olaraq i\u015f\u0131qland\u0131rmas\u0131, \u201cJurnalistl\u0259rin h\u00fcquq v\u0259 v\u0259zif\u0259l\u0259rin\u0259 dair Beyn\u0259lxalq M\u00fcnhen B\u0259yannam\u0259si\u201dnin prinsipl\u0259rin\u0259 ziddir. Jurnalist v\u0259 K\u0130V qurumu bundan \u00e7\u0259kinm\u0259li, ictimaiyy\u0259tin h\u0259qiq\u0259ti bilm\u0259si \u00fc\u00e7\u00fcn \u00e7al\u0131\u015fmal\u0131d\u0131r.<\/p>\n<p>Bel\u0259 m\u0259nfi meyill\u0259r, Az\u0259rbaycan v\u0259 Fransa xalqlar\u0131 aras\u0131nda m\u00fcnasib\u0259tl\u0259r\u0259 d\u0259 ciddi z\u0259r\u0259r g\u0259tirir, Az\u0259rbaycan ictimaiyy\u0259tind\u0259 Fransa haqq\u0131nda m\u0259nfi r\u0259yin yaranmas\u0131n\u0131 s\u00fcr\u0259tl\u0259ndirir\u201d.<\/p>\n<p>\u00d6z s\u0131ralar\u0131nda Az\u0259rbaycan\u0131n m\u0259\u015fhur media orqanlar\u0131n\u0131, jurnalist t\u0259\u015fkilatlar\u0131n\u0131 birl\u0259\u015fdir\u0259n Az\u0259rbaycan M\u0259tbuat \u015euras\u0131 \u201cLe Fiqaro\u201d q\u0259zetini v\u0259 \u201cEuronews\u201dun Fransa xidm\u0259tini Qaraba\u011f h\u0259qiq\u0259tl\u0259rin\u0259 h\u0259ssas yana\u015fma\u011fa \u00e7a\u011f\u0131r\u0131r, beyn\u0259lxalq h\u00fcququn norma v\u0259 prinsipl\u0259rin\u0259, Fransa d\u00f6vl\u0259tinin d\u0259 tan\u0131d\u0131\u011f\u0131 m\u00fcst\u0259qil Az\u0259rbaycan Respublikas\u0131n\u0131n \u0259razi b\u00fct\u00f6vl\u00fcy\u00fcn\u0259, suverenliyin\u0259 h\u00f6rm\u0259tl\u0259 yana\u015fma\u011fa d\u0259v\u0259t edir.<\/p>\n<p>\u015eura hesab edir ki, bu media orqanlar\u0131, \u00fcmum\u0259n, Fransa medias\u0131 C\u0259nubi Qafqazda yenid\u0259n siyasi avant\u00fcra planlar\u0131n\u0131 realla\u015fd\u0131rmaq ist\u0259y\u0259nl\u0259r\u0259 tribuna verm\u0259m\u0259li, reall\u0131\u011f\u0131 g\u00f6rm\u0259li, \u0259dal\u0259t prinsipl\u0259rin\u0259 \u0259saslanmal\u0131d\u0131rlar. Yaln\u0131z bu yolla b\u00f6lg\u0259d\u0259 davaml\u0131 s\u00fclh\u00fcn yarad\u0131lmas\u0131na, Az\u0259rbaycan v\u0259 erm\u0259ni xalqlar\u0131n\u0131n birg\u0259 t\u0259msil olunduqlar\u0131 co\u011frafiyada inki\u015fafa v\u0259 t\u0259r\u0259qqiy\u0259, insan h\u00fcquq v\u0259 azadl\u0131qlar\u0131n\u0131n qorunmas\u0131na t\u00f6hf\u0259 verm\u0259k m\u00fcmk\u00fcnd\u00fcr:<\/p>\n<p>\u201c\u0130nanmaq ist\u0259rdik ki, m\u00fcraci\u0259timiz s\u0259mimi q\u0259bul edil\u0259c\u0259k, m\u00fcvafiq n\u0259tic\u0259 \u00e7\u0131xar\u0131lacaq, vur\u011fulad\u0131\u011f\u0131m\u0131z m\u0259qamlar kifay\u0259t q\u0259d\u0259r h\u0259ssas daxili t\u0259bi\u0259t\u0259 malik C\u0259nubi Qafqaz b\u00f6lg\u0259sin\u0259 \u0259dal\u0259tli yana\u015fman\u0131 t\u0259min etm\u0259k meyar\u0131 kimi, \u201cLe Fiqaro\u201d q\u0259zeti v\u0259 \u201cEuronews\u201dun Fransa xidm\u0259ti d\u0259 daxil olmaqla, b\u00fct\u00f6vl\u00fckd\u0259 Fransa v\u0259 Avropa medias\u0131n\u0131n g\u0259l\u0259c\u0259k f\u0259aliyy\u0259tind\u0259 n\u0259z\u0259r\u0259 al\u0131nacaqd\u0131r\u201d.<\/p>\n","protected":false},"excerpt":{"rendered":"<p>Az\u0259rbaycan M\u0259tbuat \u015euras\u0131 (M\u015e) \u201cEuronews\u201d telekanal\u0131na v\u0259 \u201cLe Figaro\u201d n\u0259\u015frin\u0259 m\u00fcraci\u0259t edib. Bu bar\u0259d\u0259 Oxu.Az-a M\u015e-d\u0259n m\u0259lumat verilib. Bildirilib ki, Az\u0259rbaycan\u0131n Qaraba\u011f b\u00f6lg\u0259sinin Rusiya s\u00fclhm\u0259raml\u0131 kontingentinin m\u00fcv\u0259qq\u0259ti n\u0259zar\u0259t zonas\u0131nda olan Xank\u0259ndi \u015f\u0259h\u0259rind\u0259 dekabr\u0131n 25-d\u0259 ke\u00e7irilmi\u015f aksiya zaman\u0131 \u00e7\u0131x\u0131\u015f etmi\u015f b\u0259zi \u015f\u0259xsl\u0259rin nitql\u0259rind\u0259ki m\u0259zmunun \u201cLe Fiqaro\u201d q\u0259zetind\u0259 v\u0259 \u201cEuronews\u201dun Fransa xidm\u0259tind\u0259 birt\u0259r\u0259fli qaydada v\u0259 q\u0259r\u0259zli s\u0259kild\u0259 yay\u0131mlanmas\u0131 d\u0259rin t\u0259\u0259ss\u00fcf hissi do\u011furur. B\u00fct\u00f6vl\u00fckd\u0259 Az\u0259rbaycan jurnalistl\u0259rinin haql\u0131 naraz\u0131l\u0131\u011f\u0131n\u0131 ifad\u0259 ed\u0259n M\u0259tbuat \u015euras\u0131n\u0131n yana\u015fmas\u0131 bundan ibar\u0259tdir ki, median\u0131n zorak\u0131l\u0131\u011fa, b\u00f6l\u00fcc\u00fcl\u00fcy\u0259 v\u0259 qar\u015f\u0131durmaya xidm\u0259t ed\u0259n t\u0259bli\u011fat \u00fc\u00e7\u00fcn tribunaya \u00e7evrilm\u0259si yolverilm\u0259zdir, jurnalistikan\u0131n pe\u015f\u0259 prinsipl\u0259rin\u0259 ziddir: \u201cQaraba\u011f&hellip;<\/p>\n","protected":false},"author":2,"featured_media":549894,"comment_status":"closed","ping_status":"closed","sticky":false,"template":"","format":"standard","meta":{"om_disable_all_campaigns":false,"_monsterinsights_skip_tracking":false,"_monsterinsights_sitenote_active":false,"_monsterinsights_sitenote_note":"","_monsterinsights_sitenote_category":0},"categories":[1],"tags":[],"aioseo_notices":[],"gutentor_comment":0,"rttpg_featured_image_url":{"full":["https:\/\/arantv.az\/wp-content\/uploads\/2022\/12\/dd2051a4-7514-3389-b496-82338c734521_850-1.jpg",620,413,false],"landscape":["https:\/\/arantv.az\/wp-content\/uploads\/2022\/12\/dd2051a4-7514-3389-b496-82338c734521_850-1.jpg",620,413,false],"portraits":["https:\/\/arantv.az\/wp-content\/uploads\/2022\/12\/dd2051a4-7514-3389-b496-82338c734521_850-1.jpg",620,413,false],"thumbnail":["https:\/\/arantv.az\/wp-content\/uploads\/2022\/12\/dd2051a4-7514-3389-b496-82338c734521_850-1-500x280.jpg",500,280,true],"medium":["https:\/\/arantv.az\/wp-content\/uploads\/2022\/12\/dd2051a4-7514-3389-b496-82338c734521_850-1-548x365.jpg",548,365,true],"large":["https:\/\/arantv.az\/wp-content\/uploads\/2022\/12\/dd2051a4-7514-3389-b496-82338c734521_850-1.jpg",620,413,false],"1536x1536":["https:\/\/arantv.az\/wp-content\/uploads\/2022\/12\/dd2051a4-7514-3389-b496-82338c734521_850-1.jpg",620,413,false],"2048x2048":["https:\/\/arantv.az\/wp-content\/uploads\/2022\/12\/dd2051a4-7514-3389-b496-82338c734521_850-1.jpg",620,413,false],"post-thumbnail":["https:\/\/arantv.az\/wp-content\/uploads\/2022\/12\/dd2051a4-7514-3389-b496-82338c734521_850-1-240x172.jpg",240,172,true],"advps-thumb-one":["https:\/\/arantv.az\/wp-content\/uploads\/2022\/12\/dd2051a4-7514-3389-b496-82338c734521_850-1.jpg",620,413,false]},"rttpg_author":{"display_name":"V\u00fcsal Rafiqo\u011flu","author_link":"https:\/\/arantv.az\/?author=2"},"rttpg_comment":0,"rttpg_category":"<a href=\"https:\/\/arantv.az\/?cat=1\" rel=\"category\">C\u0259miyy\u0259t<\/a>","rttpg_excerpt":"Az\u0259rbaycan M\u0259tbuat \u015euras\u0131 (M\u015e) \u201cEuronews\u201d telekanal\u0131na v\u0259 \u201cLe Figaro\u201d n\u0259\u015frin\u0259 m\u00fcraci\u0259t edib. Bu bar\u0259d\u0259 Oxu.Az-a M\u015e-d\u0259n m\u0259lumat verilib. Bildirilib ki, Az\u0259rbaycan\u0131n Qaraba\u011f b\u00f6lg\u0259sinin Rusiya s\u00fclhm\u0259raml\u0131 kontingentinin m\u00fcv\u0259qq\u0259ti n\u0259zar\u0259t zonas\u0131nda olan Xank\u0259ndi \u015f\u0259h\u0259rind\u0259 dekabr\u0131n 25-d\u0259 ke\u00e7irilmi\u015f aksiya zaman\u0131 \u00e7\u0131x\u0131\u015f etmi\u015f b\u0259zi \u015f\u0259xsl\u0259rin nitql\u0259rind\u0259ki m\u0259zmunun \u201cLe Fiqaro\u201d q\u0259zetind\u0259 v\u0259 \u201cEuronews\u201dun Fransa xidm\u0259tind\u0259 birt\u0259r\u0259fli qaydada v\u0259 q\u0259r\u0259zli s\u0259kild\u0259&hellip;","_links":{"self":[{"href":"https:\/\/arantv.az\/index.php?rest_route=\/wp\/v2\/posts\/549893"}],"collection":[{"href":"https:\/\/arantv.az\/index.php?rest_route=\/wp\/v2\/posts"}],"about":[{"href":"https:\/\/arantv.az\/index.php?rest_route=\/wp\/v2\/types\/post"}],"author":[{"embeddable":true,"href":"https:\/\/arantv.az\/index.php?rest_route=\/wp\/v2\/users\/2"}],"replies":[{"embeddable":true,"href":"https:\/\/arantv.az\/index.php?rest_route=%2Fwp%2Fv2%2Fcomments&post=549893"}],"version-history":[{"count":0,"href":"https:\/\/arantv.az\/index.php?rest_route=\/wp\/v2\/posts\/549893\/revisions"}],"wp:featuredmedia":[{"embeddable":true,"href":"https:\/\/arantv.az\/index.php?rest_route=\/wp\/v2\/media\/549894"}],"wp:attachment":[{"href":"https:\/\/arantv.az\/index.php?rest_route=%2Fwp%2Fv2%2Fmedia&parent=549893"}],"wp:term":[{"taxonomy":"category","embeddable":true,"href":"https:\/\/arantv.az\/index.php?rest_route=%2Fwp%2Fv2%2Fcategories&post=549893"},{"taxonomy":"post_tag","embeddable":true,"href":"https:\/\/arantv.az\/index.php?rest_route=%2Fwp%2Fv2%2Ftags&post=549893"}],"curies":[{"name":"wp","href":"https:\/\/api.w.org\/{rel}","templated":true}]}}