{"id":549896,"date":"2022-12-26T16:55:12","date_gmt":"2022-12-26T13:55:12","guid":{"rendered":"https:\/\/arantv.az\/?p=549896"},"modified":"2022-12-26T16:55:12","modified_gmt":"2022-12-26T13:55:12","slug":"avtovagzallar-bayram-gunl%c9%99rind%c9%99-gucl%c9%99ndirilmis-is-rejimind%c9%99-f%c9%99aliyy%c9%99t-gost%c9%99r%c9%99c%c9%99k","status":"publish","type":"post","link":"https:\/\/arantv.az\/?p=549896","title":{"rendered":"Avtova\u011fzallar bayram g\u00fcnl\u0259rind\u0259 g\u00fccl\u0259ndirilmi\u015f i\u015f rejimind\u0259 f\u0259aliyy\u0259t g\u00f6st\u0259r\u0259c\u0259k"},"content":{"rendered":"<p>D\u00fcnya Az\u0259rbaycanl\u0131lar\u0131n\u0131n H\u0259mr\u0259yliyi G\u00fcn\u00fc v\u0259 Yeni il bayram\u0131 il\u0259 \u0259laq\u0259dar \u0259halinin n\u0259qliyyat xidm\u0259tl\u0259ri il\u0259 keyfiyy\u0259tli v\u0259 davaml\u0131 \u015f\u0259kild\u0259 t\u0259min edilm\u0259si \u00fc\u00e7\u00fcn dekabr\u0131n 28-d\u0259n yanvar\u0131n 5-d\u0259k respublikan\u0131n avtova\u011fzal v\u0259 avtostansiyalar\u0131 g\u00fccl\u0259ndirilmi\u015f i\u015f rejimind\u0259 f\u0259aliyy\u0259t g\u00f6st\u0259r\u0259c\u0259k.<\/p>\n<div class=\"AdviadNativeVideo\"><\/div>\n<p>R\u0259q\u0259msal \u0130nki\u015faf v\u0259 N\u0259qliyyat Nazirliyind\u0259n bildirilib ki, Az\u0259rbaycan Yer\u00fcst\u00fc N\u0259qliyyat Agentliyi (AYNA) \u015f\u0259h\u0259rl\u0259raras\u0131, rayonlararas\u0131 v\u0259 beyn\u0259lxalq mar\u015frutlar \u00fczr\u0259 s\u0259rni\u015finda\u015f\u0131malar\u0131n\u0131 yerin\u0259 yetir\u0259n da\u015f\u0131y\u0131c\u0131lar t\u0259r\u0259find\u0259n fasil\u0259siz v\u0259 t\u0259hl\u00fck\u0259siz h\u0259r\u0259k\u0259tin t\u0259min edilm\u0259si, t\u0259sdiq olunmu\u015f c\u0259dv\u0259l \u00fczr\u0259 h\u0259r\u0259k\u0259t qrafikl\u0259rin\u0259 ciddi riay\u0259t edilm\u0259si il\u0259 ba\u011fl\u0131 b\u00fct\u00fcn avtova\u011fzal v\u0259 avtostansiyalara m\u00fcvafiq tap\u015f\u0131r\u0131qlar verib.<\/p>\n<p>Bak\u0131 Beyn\u0259lxalq Avtova\u011fzal Kompleksind\u0259 bayram g\u00fcnl\u0259rind\u0259 s\u0259rni\u015fin ax\u0131n\u0131na uy\u011fun olaraq mar\u015frutlar \u00fczr\u0259 x\u0259tl\u0259r\u0259 burax\u0131lan avtobuslar\u0131n interval\u0131na, s\u00fcr\u00fcc\u00fcl\u0259rin s\u0259rni\u015finda\u015f\u0131mada t\u0259hl\u00fck\u0259sizlik qaydalar\u0131na \u0259m\u0259l etm\u0259l\u0259rin\u0259 x\u00fcsusi n\u0259zar\u0259t olunacaq.<\/p>\n<p>S\u0259rni\u015fin s\u0131xl\u0131\u011f\u0131n\u0131n qar\u015f\u0131s\u0131n\u0131 almaq \u00fc\u00e7\u00fcn x\u0259tt\u0259 laz\u0131mi sayda \u0259lav\u0259 avtobus burax\u0131lmas\u0131 t\u0259min edil\u0259c\u0259k.<\/p>\n<p>V\u0259t\u0259nda\u015flar biletl\u0259ri \u201cbiletim.az\u201d portal\u0131ndan onlayn qaydada, h\u0259m\u00e7inin avtova\u011fzallar\u0131n g\u00fcnd\u0259lik v\u0259 qabaqcadan sat\u0131\u015f kassalar\u0131ndan \u0259ld\u0259 ed\u0259 bil\u0259rl\u0259r.<\/p>\n","protected":false},"excerpt":{"rendered":"<p>D\u00fcnya Az\u0259rbaycanl\u0131lar\u0131n\u0131n H\u0259mr\u0259yliyi G\u00fcn\u00fc v\u0259 Yeni il bayram\u0131 il\u0259 \u0259laq\u0259dar \u0259halinin n\u0259qliyyat xidm\u0259tl\u0259ri il\u0259 keyfiyy\u0259tli v\u0259 davaml\u0131 \u015f\u0259kild\u0259 t\u0259min edilm\u0259si \u00fc\u00e7\u00fcn dekabr\u0131n 28-d\u0259n yanvar\u0131n 5-d\u0259k respublikan\u0131n avtova\u011fzal v\u0259 avtostansiyalar\u0131 g\u00fccl\u0259ndirilmi\u015f i\u015f rejimind\u0259 f\u0259aliyy\u0259t g\u00f6st\u0259r\u0259c\u0259k. R\u0259q\u0259msal \u0130nki\u015faf v\u0259 N\u0259qliyyat Nazirliyind\u0259n bildirilib ki, Az\u0259rbaycan Yer\u00fcst\u00fc N\u0259qliyyat Agentliyi (AYNA) \u015f\u0259h\u0259rl\u0259raras\u0131, rayonlararas\u0131 v\u0259 beyn\u0259lxalq mar\u015frutlar \u00fczr\u0259 s\u0259rni\u015finda\u015f\u0131malar\u0131n\u0131 yerin\u0259 yetir\u0259n da\u015f\u0131y\u0131c\u0131lar t\u0259r\u0259find\u0259n fasil\u0259siz v\u0259 t\u0259hl\u00fck\u0259siz h\u0259r\u0259k\u0259tin t\u0259min edilm\u0259si, t\u0259sdiq olunmu\u015f c\u0259dv\u0259l \u00fczr\u0259 h\u0259r\u0259k\u0259t qrafikl\u0259rin\u0259 ciddi riay\u0259t edilm\u0259si il\u0259 ba\u011fl\u0131 b\u00fct\u00fcn avtova\u011fzal v\u0259 avtostansiyalara m\u00fcvafiq tap\u015f\u0131r\u0131qlar verib. Bak\u0131 Beyn\u0259lxalq Avtova\u011fzal Kompleksind\u0259 bayram g\u00fcnl\u0259rind\u0259 s\u0259rni\u015fin ax\u0131n\u0131na uy\u011fun&hellip;<\/p>\n","protected":false},"author":2,"featured_media":549897,"comment_status":"closed","ping_status":"closed","sticky":false,"template":"","format":"standard","meta":{"om_disable_all_campaigns":false,"_monsterinsights_skip_tracking":false,"_monsterinsights_sitenote_active":false,"_monsterinsights_sitenote_note":"","_monsterinsights_sitenote_category":0},"categories":[1],"tags":[],"aioseo_notices":[],"gutentor_comment":0,"rttpg_featured_image_url":{"full":["https:\/\/arantv.az\/wp-content\/uploads\/2022\/12\/FotoJet-27-1.jpg",620,413,false],"landscape":["https:\/\/arantv.az\/wp-content\/uploads\/2022\/12\/FotoJet-27-1.jpg",620,413,false],"portraits":["https:\/\/arantv.az\/wp-content\/uploads\/2022\/12\/FotoJet-27-1.jpg",620,413,false],"thumbnail":["https:\/\/arantv.az\/wp-content\/uploads\/2022\/12\/FotoJet-27-1-500x280.jpg",500,280,true],"medium":["https:\/\/arantv.az\/wp-content\/uploads\/2022\/12\/FotoJet-27-1-548x365.jpg",548,365,true],"large":["https:\/\/arantv.az\/wp-content\/uploads\/2022\/12\/FotoJet-27-1.jpg",620,413,false],"1536x1536":["https:\/\/arantv.az\/wp-content\/uploads\/2022\/12\/FotoJet-27-1.jpg",620,413,false],"2048x2048":["https:\/\/arantv.az\/wp-content\/uploads\/2022\/12\/FotoJet-27-1.jpg",620,413,false],"post-thumbnail":["https:\/\/arantv.az\/wp-content\/uploads\/2022\/12\/FotoJet-27-1-240x172.jpg",240,172,true],"advps-thumb-one":["https:\/\/arantv.az\/wp-content\/uploads\/2022\/12\/FotoJet-27-1.jpg",620,413,false]},"rttpg_author":{"display_name":"V\u00fcsal Rafiqo\u011flu","author_link":"https:\/\/arantv.az\/?author=2"},"rttpg_comment":0,"rttpg_category":"<a href=\"https:\/\/arantv.az\/?cat=1\" rel=\"category\">C\u0259miyy\u0259t<\/a>","rttpg_excerpt":"D\u00fcnya Az\u0259rbaycanl\u0131lar\u0131n\u0131n H\u0259mr\u0259yliyi G\u00fcn\u00fc v\u0259 Yeni il bayram\u0131 il\u0259 \u0259laq\u0259dar \u0259halinin n\u0259qliyyat xidm\u0259tl\u0259ri il\u0259 keyfiyy\u0259tli v\u0259 davaml\u0131 \u015f\u0259kild\u0259 t\u0259min edilm\u0259si \u00fc\u00e7\u00fcn dekabr\u0131n 28-d\u0259n yanvar\u0131n 5-d\u0259k respublikan\u0131n avtova\u011fzal v\u0259 avtostansiyalar\u0131 g\u00fccl\u0259ndirilmi\u015f i\u015f rejimind\u0259 f\u0259aliyy\u0259t g\u00f6st\u0259r\u0259c\u0259k. R\u0259q\u0259msal \u0130nki\u015faf v\u0259 N\u0259qliyyat Nazirliyind\u0259n bildirilib ki, Az\u0259rbaycan Yer\u00fcst\u00fc N\u0259qliyyat Agentliyi (AYNA) \u015f\u0259h\u0259rl\u0259raras\u0131, rayonlararas\u0131 v\u0259 beyn\u0259lxalq mar\u015frutlar \u00fczr\u0259 s\u0259rni\u015finda\u015f\u0131malar\u0131n\u0131 yerin\u0259 yetir\u0259n&hellip;","_links":{"self":[{"href":"https:\/\/arantv.az\/index.php?rest_route=\/wp\/v2\/posts\/549896"}],"collection":[{"href":"https:\/\/arantv.az\/index.php?rest_route=\/wp\/v2\/posts"}],"about":[{"href":"https:\/\/arantv.az\/index.php?rest_route=\/wp\/v2\/types\/post"}],"author":[{"embeddable":true,"href":"https:\/\/arantv.az\/index.php?rest_route=\/wp\/v2\/users\/2"}],"replies":[{"embeddable":true,"href":"https:\/\/arantv.az\/index.php?rest_route=%2Fwp%2Fv2%2Fcomments&post=549896"}],"version-history":[{"count":0,"href":"https:\/\/arantv.az\/index.php?rest_route=\/wp\/v2\/posts\/549896\/revisions"}],"wp:featuredmedia":[{"embeddable":true,"href":"https:\/\/arantv.az\/index.php?rest_route=\/wp\/v2\/media\/549897"}],"wp:attachment":[{"href":"https:\/\/arantv.az\/index.php?rest_route=%2Fwp%2Fv2%2Fmedia&parent=549896"}],"wp:term":[{"taxonomy":"category","embeddable":true,"href":"https:\/\/arantv.az\/index.php?rest_route=%2Fwp%2Fv2%2Fcategories&post=549896"},{"taxonomy":"post_tag","embeddable":true,"href":"https:\/\/arantv.az\/index.php?rest_route=%2Fwp%2Fv2%2Ftags&post=549896"}],"curies":[{"name":"wp","href":"https:\/\/api.w.org\/{rel}","templated":true}]}}