{"id":549899,"date":"2022-12-26T16:57:47","date_gmt":"2022-12-26T13:57:47","guid":{"rendered":"https:\/\/arantv.az\/?p=549899"},"modified":"2022-12-26T16:57:47","modified_gmt":"2022-12-26T13:57:47","slug":"az%c9%99rbaycanda-d%c9%99rmanlarin-qeydiyyati-il%c9%99-bagli-yeni-s%c9%99n%c9%99d-hokum%c9%99t%c9%99-t%c9%99qdim-olunub-foto","status":"publish","type":"post","link":"https:\/\/arantv.az\/?p=549899","title":{"rendered":"Az\u0259rbaycanda d\u0259rmanlar\u0131n qeydiyyat\u0131 il\u0259 ba\u011fl\u0131 yeni s\u0259n\u0259d h\u00f6kum\u0259t\u0259 t\u0259qdim olunub &#8211; FOTO"},"content":{"rendered":"<p>Dekabr\u0131n 26-da S\u0259hiyy\u0259 Nazirliyind\u0259 2022-ci ilin yekunlar\u0131na h\u0259sr olunmu\u015f iclas ke\u00e7irilib. T\u0259dbird\u0259 giri\u015f s\u00f6z\u00fc il\u0259 \u00e7\u0131x\u0131\u015f ed\u0259n s\u0259hiyy\u0259 naziri Teymur Musayev s\u0259hiyy\u0259 sisteminin inki\u015faf\u0131n\u0131n \u00f6lk\u0259mizd\u0259 prioritet m\u0259s\u0259l\u0259l\u0259rd\u0259n oldu\u011funu vur\u011fulay\u0131b.<\/p>\n<p>Bu bar\u0259d\u0259 S\u0259hiyy\u0259 Nazirliyi m\u0259lumat yay\u0131b.<\/p>\n<div class=\"AdviadNativeVideo\"><\/div>\n<p>Bildirilib ki, Teymur Musayev cari ild\u0259 S\u0259hiyy\u0259 Nazirliyi t\u0259r\u0259find\u0259n respublikam\u0131zda s\u0259hiyy\u0259 infrastrukturunun daha da m\u00f6hk\u0259ml\u0259ndirilm\u0259si istiqam\u0259tind\u0259 z\u0259ruri add\u0131mlar\u0131n at\u0131ld\u0131\u011f\u0131n\u0131 qeyd edib:<\/p>\n<p>\u201cBildiyiniz kimi, Prezident\u00a0<strong>\u0130lham \u018fliyevin<\/strong>\u00a013 may 2022-ci il tarixli \u201cS\u0259hiyy\u0259 v\u0259 tibbi s\u0131\u011forta sah\u0259sind\u0259 idar\u0259etm\u0259nin t\u0259kmill\u0259\u015fdirilm\u0259si il\u0259 ba\u011fl\u0131 bir s\u0131ra t\u0259dbirl\u0259r v\u0259 Az\u0259rbaycan Respublikas\u0131 Prezidentinin \u201cAz\u0259rbaycan Respublikas\u0131n\u0131n S\u0259hiyy\u0259 Nazirliyi haqq\u0131nda \u018fsasnam\u0259nin, nazirliyin strukturunun t\u0259sdiq edilm\u0259si v\u0259 aparat\u0131n\u0131n i\u015f\u00e7il\u0259rinin say h\u0259ddinin m\u00fc\u0259yy\u0259n edilm\u0259si bar\u0259d\u0259\u201d 2006-c\u0131 il 25 may tarixli 413 n\u00f6mr\u0259li, \u201c\u0130cbari Tibbi S\u0131\u011forta \u00fczr\u0259 D\u00f6vl\u0259t Agentliyinin f\u0259aliyy\u0259tinin t\u0259min edilm\u0259si haqq\u0131nda\u201d 2017-ci il 6 sentyabr tarixli 1592 n\u00f6mr\u0259li, \u201cAz\u0259rbaycan Respublikas\u0131nda icbari tibbi s\u0131\u011fortan\u0131n t\u0259tbiqinin t\u0259min edilm\u0259si il\u0259 ba\u011fl\u0131 bir s\u0131ra t\u0259dbirl\u0259r haqq\u0131nda\u201d 2018-ci il 20 dekabr tarixli 418 n\u00f6mr\u0259li, \u201cMilli Hematologiya v\u0259 Transfuziologiya M\u0259rk\u0259zinin yarad\u0131lmas\u0131 haqq\u0131nda\u201d 2019-cu il 23 dekabr tarixli 895 n\u00f6mr\u0259li f\u0259rmanlar\u0131nda d\u0259yi\u015fiklik edilm\u0259si bar\u0259d\u0259 F\u0259rman\u0131 il\u0259 S\u0259hiyy\u0259 Nazirliyin\u0259 s\u0259hiyy\u0259 sisteminin i\u015ftirak\u00e7\u0131lar\u0131n\u0131 v\u0259 aidiyy\u0259ti d\u00f6vl\u0259t qurumlar\u0131n\u0131 c\u0259lb etm\u0259kl\u0259 \u201cS\u0259hiyy\u0259nin Transformasiyas\u0131 M\u0259rk\u0259zi\u201d i\u015f\u00e7i qrupunu yaratmaq tap\u015f\u0131r\u0131l\u0131b. \u0130\u015f\u00e7i qrupu t\u0259r\u0259find\u0259n s\u0259hiyy\u0259 v\u0259 tibbi s\u0131\u011forta sah\u0259sind\u0259 normativ h\u00fcquqi bazan\u0131n t\u0259kmill\u0259\u015fdirilm\u0259sin\u0259, elektron s\u0259hiyy\u0259nin inki\u015faf etdirilm\u0259sin\u0259 dair s\u0259n\u0259d layih\u0259l\u0259ri haz\u0131rlanaraq aidiyy\u0259ti \u00fczr\u0259 t\u0259qdim olunub. Bundan \u0259lav\u0259, Az\u0259rbaycanda \u0259cza\u00e7\u0131l\u0131q sektorunun dayan\u0131ql\u0131 inki\u015faf\u0131n\u0131n t\u0259min edilm\u0259si m\u0259qs\u0259dil\u0259 Nazirl\u0259r Kabinetinin m\u00fcvafiq S\u0259r\u0259ncam\u0131 il\u0259 yarad\u0131lm\u0131\u015f Komissiyan\u0131n katibliyi S\u0259hiyy\u0259 Nazirliyin\u0259 tap\u015f\u0131r\u0131l\u0131b. S\u0259r\u0259ncamda qeyd olunan tap\u015f\u0131r\u0131qlar\u0131n icras\u0131 m\u0259qs\u0259dil\u0259 d\u0259rman vasit\u0259l\u0259rinin qeydiyyat\u0131 prosesi, sektorun r\u0259q\u0259msalla\u015fd\u0131r\u0131lmas\u0131 \u00fczr\u0259 beyn\u0259lxalq t\u0259cr\u00fcb\u0259 ara\u015fd\u0131r\u0131laraq haz\u0131rlanm\u0131\u015f s\u0259n\u0259d toplusu aidiyy\u0259ti qurumlarla raz\u0131la\u015fd\u0131r\u0131laraq t\u0259sdiq \u00fc\u00e7\u00fcn t\u0259qdim olunub\u201d.<\/p>\n<p>Teymur Musayev, h\u0259m\u00e7inin S\u0259hiyy\u0259 Nazirliyinin 2022-il \u0259rzind\u0259 bir ne\u00e7\u0259 beyn\u0259lxalq t\u0259dbird\u0259 f\u0259al i\u015ftirak etdiyini vur\u011fulay\u0131b:<\/p>\n<p>\u201cBunlar\u0131n aras\u0131nda nazirliyin n\u00fcmay\u0259nd\u0259 hey\u0259tinin \u00dcmumd\u00fcnya S\u0259hiyy\u0259 Assambleyas\u0131n\u0131n 75-ci sessiyas\u0131nda v\u0259 \u0130stanbulda ke\u00e7iril\u0259n \u201cT\u00fcrk D\u00fcnyas\u0131 Tibb Konqresi\u201dnd\u0259 i\u015ftirak\u0131n\u0131 x\u00fcsusil\u0259 qeyd etm\u0259k ist\u0259rdim. Konqres \u00e7\u0259r\u00e7iv\u0259sind\u0259 T\u00fcrk D\u00f6vl\u0259tl\u0259ri T\u0259\u015fkilat\u0131na (TDT) \u00fczv \u00f6lk\u0259l\u0259rin s\u0259hiyy\u0259 nazirl\u0259ri il\u0259 b\u0259zi m\u00fch\u00fcm m\u0259s\u0259l\u0259l\u0259ri m\u00fczakir\u0259 etdik. S\u0259hiyy\u0259 Nazirliyinin n\u00fcmay\u0259nd\u0259 hey\u0259ti 3 m\u00fch\u00fcm t\u0259klif ir\u0259li s\u00fcr\u00fcb (\u201cTDT \u00f6lk\u0259l\u0259rinin Vahid tibb t\u0259hsili standartlar\u0131n\u0131n yarad\u0131lmas\u0131\u201d, \u201cTDT \u00f6lk\u0259l\u0259rinin \u0259cza\u00e7\u0131l\u0131q m\u0259hsullar\u0131na yana\u015fmada Vahid keyfiyy\u0259t standartlar\u0131n\u0131n t\u0259tbiqi\u201d v\u0259 \u201cTDT \u00f6lk\u0259l\u0259rinin Vahid Transplantasiya m\u0259kan\u0131n\u0131n yarad\u0131lmas\u0131\u201d) v\u0259 bu t\u0259klifl\u0259r T\u0259\u015fkilata \u00fczv \u00f6lk\u0259l\u0259rin s\u0259hiyy\u0259 nazirl\u0259ri t\u0259r\u0259find\u0259n m\u00fcsb\u0259t qiym\u0259tl\u0259ndirilib\u201d.<\/p>\n<p>Sonra S\u0259hiyy\u0259 Nazirliyi Aparat\u0131n\u0131n r\u0259hb\u0259ri Tural Babayev s\u0259hiyy\u0259 sisteminin t\u0259kmill\u0259\u015fdirilm\u0259si istiqam\u0259tind\u0259 2022-ci il \u0259rzind\u0259 h\u0259yata ke\u00e7iril\u0259n t\u0259dbirl\u0259r\u0259 dair m\u0259ruz\u0259 edib. M\u0259ruz\u0259 qanunvericilik, institusional, h\u0259m\u00e7inin inzibat\u00e7\u0131l\u0131q sah\u0259sind\u0259 ba\u015f vermi\u015f d\u0259yi\u015fiklikl\u0259ri \u0259hat\u0259 edib.<\/p>\n<p>Onun s\u00f6zl\u0259rin\u0259 g\u00f6r\u0259, s\u0259hiyy\u0259 nazirinin m\u00fcvafiq tap\u015f\u0131r\u0131\u011f\u0131na uy\u011fun olaraq cari il \u0259rzind\u0259 V\u0259t\u0259n m\u00fcharib\u0259si i\u015ftirak\u00e7\u0131lar\u0131na nazirliyin s\u0259lahiyy\u0259tl\u0259ri \u00e7\u0259r\u00e7iv\u0259sind\u0259 laz\u0131mi d\u0259st\u0259k g\u00f6st\u0259rilib:<\/p>\n<p>\u201cNazirliyin Sanator-Kurort Reabilitasiya M\u0259rk\u0259zind\u0259 m\u00fcharib\u0259 veteranlar\u0131na v\u0259 \u015f\u0259hidl\u0259rin ail\u0259 \u00fczvl\u0259rin\u0259 istirah\u0259t, psixoloji v\u0259 m\u00fcalic\u0259-b\u0259rpa xidm\u0259tl\u0259rinin g\u00f6st\u0259rilm\u0259si bu g\u00fcn d\u0259 davam etdirilir. 2020-ci il noyabr\u0131n 14-d\u0259n bu g\u00fcn\u0259d\u0259k \u00fcmumilikd\u0259 1565 m\u00fcharib\u0259 veteran\u0131, 292 \u015f\u0259hid valideyni, 124 \u015f\u0259hid \u00f6vlad\u0131 istirah\u0259t v\u0259 tibbi xidm\u0259tl\u0259rl\u0259 t\u0259min edilib. H\u0259m\u00e7inin Respublika U\u015faq Sanatoriyas\u0131nda cari il \u0259rzind\u0259 57 \u015f\u0259hid \u00f6vlad\u0131 v\u0259 30 \u015f\u0259hid valideyni istirah\u0259t v\u0259 m\u00fcalic\u0259-b\u0259rpa xidm\u0259tind\u0259n yararlan\u0131b. Qeyd olunanlarla yana\u015f\u0131, S\u0259hiyy\u0259 Nazirliyinin Psixi Sa\u011flaml\u0131q M\u0259rk\u0259zi t\u0259r\u0259find\u0259n m\u00fcharib\u0259 veteranlar\u0131n\u0131n psixoloji durumu daim n\u0259zar\u0259td\u0259 saxlan\u0131l\u0131r, laz\u0131mi d\u0259st\u0259k g\u00f6st\u0259rilir. M\u0259rk\u0259z t\u0259r\u0259find\u0259n il \u0259rzind\u0259 6776 n\u0259f\u0259r m\u00fcharib\u0259 veteran\u0131na psixiatrik v\u0259 psixoloji yard\u0131m g\u00f6st\u0259rilib\u201d.<\/p>\n<p>Daha sonra s\u0259hiyy\u0259nin r\u0259q\u0259msalla\u015fd\u0131r\u0131lmas\u0131 \u00fczr\u0259 nazirin m\u00fc\u015faviri R\u00fcf\u0259t Hac\u0131\u0259lib\u0259yovun, \u0130ctimai s\u0259hiyy\u0259 v\u0259 sanitariya-epidemioloji n\u0259zar\u0259ti \u015f\u00f6b\u0259sinin m\u00fcdiri N\u0259zif\u0259 M\u00fcrs\u0259lovan\u0131n, Daxili n\u0259zar\u0259t \u015f\u00f6b\u0259sinin m\u00fcdiri El\u00e7in Q\u0259dirovun, \u00dcmumi \u015f\u00f6b\u0259nin m\u00fcdiri Sevinc Orucovan\u0131n, Az\u0259rbaycan Tibb Universitetinin rektoru G\u0259ray G\u0259rayb\u0259ylinin, \u018f.\u018fliyev ad\u0131na Az\u0259rbaycan D\u00f6vl\u0259t H\u0259kiml\u0259ri T\u0259kmill\u0259\u015fdirm\u0259 \u0130nstitutunun rektoru Nazim Qas\u0131movun, Respublika Gigiyena v\u0259 Epidemiologiya M\u0259rk\u0259zinin ba\u015f direktoru Sara H\u0259s\u0259novan\u0131n 2022-ci ilin yekunlar\u0131 il\u0259 ba\u011fl\u0131 hesabatlar\u0131 dinl\u0259nilib.<\/p>\n<p>\u0130clas\u0131n sonunda s\u0259hiyy\u0259 naziri Teymur Musayev n\u00f6vb\u0259ti ild\u0259 d\u0259 s\u0259hiyy\u0259 orqanlar\u0131n\u0131n f\u0259aliyy\u0259tl\u0259rini m\u00fcasir d\u00f6vr\u00fcn \u00e7a\u011f\u0131r\u0131\u015flar\u0131na uy\u011fun qurmal\u0131 oldu\u011funu vur\u011fulay\u0131b v\u0259 2023-c\u00fc il \u00fc\u00e7\u00fcn h\u0259d\u0259fl\u0259ri a\u00e7\u0131qlay\u0131b. Tibb m\u00fct\u0259x\u0259ssisl\u0259rinin davaml\u0131 tibbi t\u0259hsil prosesinin m\u00fcasir konsepsiyas\u0131n\u0131n t\u0259tbiqi, elmi-t\u0259dqiqat m\u00fc\u0259ssis\u0259l\u0259rinin kliniki bazalar\u0131n\u0131n v\u0259 kadr potensial\u0131n\u0131n g\u00fccl\u0259ndirilm\u0259si, orta tibb i\u015f\u00e7il\u0259ri institutunun s\u0259hiyy\u0259d\u0259 rolunun yeni formada t\u0259qdim edilm\u0259si, \u0259halinin keyfiyy\u0259tli tibbi xidm\u0259tl\u0259rl\u0259 t\u0259minat\u0131 m\u0259qs\u0259dil\u0259 aidiyy\u0259ti normativ-h\u00fcquqi v\u0259 institusional bazan\u0131n formala\u015fd\u0131r\u0131lmas\u0131, tibb t\u0259hsilind\u0259 r\u0259q\u0259msal tibbi h\u0259ll\u0259rin t\u0259tbiqinin geni\u015fl\u0259ndirilm\u0259si, ictimai s\u0259hiyy\u0259 qurumlar\u0131n\u0131n f\u0259aliyy\u0259tl\u0259rinin t\u0259kmill\u0259\u015fdirilm\u0259si, \u0259halinin sa\u011flaml\u0131q g\u00f6st\u0259ricil\u0259rinin yax\u015f\u0131la\u015fd\u0131r\u0131lmas\u0131 s\u0259hiyy\u0259 qurumlar\u0131n\u0131n qar\u015f\u0131s\u0131nda \u0259sas h\u0259d\u0259fl\u0259r kimi m\u00fc\u0259yy\u0259nl\u0259\u015fdirilib.<\/p>\n<p>&nbsp;<\/p>\n<div class=\"gallery\">\n<div class=\"gallery-i\"><img src=\"https:\/\/cdn.oxu.az\/uploads\/W1siZiIsIjIwMjIvMTIvMjYvMTcvMTEvMTcvMDQ0NDk4ZGMtMmY0Ni00ZTNmLWE4YTktMzNjMzc5NGUyM2QxL3NvbDEuanBnIl0sWyJwIiwiZW5jb2RlIiwianBnIiwiLXF1YWxpdHkgODAiXSxbInAiLCJ0aHVtYiIsIjU5MHg1OTBcdTAwM2UiXV0?sha=c9e83c80f963de0c\" alt=\"\" \/><\/p>\n<div class=\"gallery-i-caption\"><\/div>\n<\/div>\n<div class=\"gallery-i\"><img src=\"https:\/\/cdn.oxu.az\/uploads\/W1siZiIsIjIwMjIvMTIvMjYvMTcvMTEvMjkvYmZkZTY3OTYtNTBkNS00ZDFhLWE4OTktMWM5M2NiZTlmNTAzL3NhZzEuanBnIl0sWyJwIiwiZW5jb2RlIiwianBnIiwiLXF1YWxpdHkgODAiXSxbInAiLCJ0aHVtYiIsIjU5MHg1OTBcdTAwM2UiXV0?sha=1beecde123e4b504\" alt=\"\" \/><\/p>\n<div class=\"gallery-i-caption\"><\/div>\n<\/div>\n<div class=\"gallery-i\"><img src=\"https:\/\/cdn.oxu.az\/uploads\/W1siZiIsIjIwMjIvMTIvMjYvMTcvMTEvNDYvN2Q2MTQzOGMtNjEzMi00NjA4LWE0ZWMtYzk2ZjlkMWJkNjVkL3R1cmFsX2JhYmF5ZXYuanBnIl0sWyJwIiwiZW5jb2RlIiwianBnIiwiLXF1YWxpdHkgODAiXSxbInAiLCJ0aHVtYiIsIjU5MHg1OTBcdTAwM2UiXV0?sha=7a33f0bc381ec48a\" alt=\"\" \/><\/p>\n<div class=\"gallery-i-caption\"><\/div>\n<\/div>\n<div class=\"gallery-i\"><img src=\"https:\/\/cdn.oxu.az\/uploads\/W1siZiIsIjIwMjIvMTIvMjYvMTcvMTEvNTUvNDQzOWMwMzUtODdkNC00N2ZlLWFlNjItYTMxZmYzNWI3MjM4L3R1cmFsX2JhYmF5ZXYuanBnIl0sWyJwIiwiZW5jb2RlIiwianBnIiwiLXF1YWxpdHkgODAiXSxbInAiLCJ0aHVtYiIsIjU5MHg1OTBcdTAwM2UiXV0?sha=facc64a495cbb9b4\" alt=\"\" \/><\/p>\n<div class=\"gallery-i-caption\"><\/div>\n<\/div>\n<div class=\"gallery-i\"><img src=\"https:\/\/cdn.oxu.az\/uploads\/W1siZiIsIjIwMjIvMTIvMjYvMTcvMTIvMDgvZTczODdhNWItMGI3YS00MzE1LTg4YjMtMTIzNGFkMTM0Y2U2L256aWZfbXVyc2xvdmEuanBnIl0sWyJwIiwiZW5jb2RlIiwianBnIiwiLXF1YWxpdHkgODAiXSxbInAiLCJ0aHVtYiIsIjU5MHg1OTBcdTAwM2UiXV0?sha=662db71fddf79031\" alt=\"\" \/><\/p>\n<div class=\"gallery-i-caption\"><\/div>\n<\/div>\n<div class=\"gallery-i\"><img src=\"https:\/\/cdn.oxu.az\/uploads\/W1siZiIsIjIwMjIvMTIvMjYvMTcvMTIvMTcvYzUzMjg0YjktMzhmOC00ODBmLWE1ODItMDhmYTMwN2Q4Y2Q3L2VsY2luX3FkaXJvdi5qcGciXSxbInAiLCJlbmNvZGUiLCJqcGciLCItcXVhbGl0eSA4MCJdLFsicCIsInRodW1iIiwiNTkweDU5MFx1MDAzZSJdXQ?sha=c4b438d1c8c49c1d\" alt=\"\" \/><\/p>\n<div class=\"gallery-i-caption\"><\/div>\n<\/div>\n<div class=\"gallery-i\"><img src=\"https:\/\/cdn.oxu.az\/uploads\/W1siZiIsIjIwMjIvMTIvMjYvMTcvMTIvMjkvZDBmN2YxZWQtMzhiNy00NzQ2LWEyYmYtMWYyY2FiNDZmZGU1L25hemltX2licmFoaW1vdi5qcGciXSxbInAiLCJlbmNvZGUiLCJqcGciLCItcXVhbGl0eSA4MCJdLFsicCIsInRodW1iIiwiNTkweDU5MFx1MDAzZSJdXQ?sha=dc5015ac842a3f8f\" alt=\"\" \/><\/p>\n<div class=\"gallery-i-caption\"><\/div>\n<\/div>\n<div class=\"gallery-i\"><img src=\"https:\/\/cdn.oxu.az\/uploads\/W1siZiIsIjIwMjIvMTIvMjYvMTcvMTIvMzgvMGJmNzQyZDMtYzMxYy00MmIyLWI4YjAtNTljMGJhNTliODY3L3NldmluY19vcnVjb3ZhLmpwZyJdLFsicCIsImVuY29kZSIsImpwZyIsIi1xdWFsaXR5IDgwIl0sWyJwIiwidGh1bWIiLCI1OTB4NTkwXHUwMDNlIl1d?sha=06278778ecf640ff\" alt=\"\" \/><\/div>\n<\/div>\n","protected":false},"excerpt":{"rendered":"<p>Dekabr\u0131n 26-da S\u0259hiyy\u0259 Nazirliyind\u0259 2022-ci ilin yekunlar\u0131na h\u0259sr olunmu\u015f iclas ke\u00e7irilib. T\u0259dbird\u0259 giri\u015f s\u00f6z\u00fc il\u0259 \u00e7\u0131x\u0131\u015f ed\u0259n s\u0259hiyy\u0259 naziri Teymur Musayev s\u0259hiyy\u0259 sisteminin inki\u015faf\u0131n\u0131n \u00f6lk\u0259mizd\u0259 prioritet m\u0259s\u0259l\u0259l\u0259rd\u0259n oldu\u011funu vur\u011fulay\u0131b. Bu bar\u0259d\u0259 S\u0259hiyy\u0259 Nazirliyi m\u0259lumat yay\u0131b. Bildirilib ki, Teymur Musayev cari ild\u0259 S\u0259hiyy\u0259 Nazirliyi t\u0259r\u0259find\u0259n respublikam\u0131zda s\u0259hiyy\u0259 infrastrukturunun daha da m\u00f6hk\u0259ml\u0259ndirilm\u0259si istiqam\u0259tind\u0259 z\u0259ruri add\u0131mlar\u0131n at\u0131ld\u0131\u011f\u0131n\u0131 qeyd edib: \u201cBildiyiniz kimi, Prezident\u00a0\u0130lham \u018fliyevin\u00a013 may 2022-ci il tarixli \u201cS\u0259hiyy\u0259 v\u0259 tibbi s\u0131\u011forta sah\u0259sind\u0259 idar\u0259etm\u0259nin t\u0259kmill\u0259\u015fdirilm\u0259si il\u0259 ba\u011fl\u0131 bir s\u0131ra t\u0259dbirl\u0259r v\u0259 Az\u0259rbaycan Respublikas\u0131 Prezidentinin \u201cAz\u0259rbaycan Respublikas\u0131n\u0131n S\u0259hiyy\u0259 Nazirliyi haqq\u0131nda \u018fsasnam\u0259nin, nazirliyin strukturunun t\u0259sdiq edilm\u0259si&hellip;<\/p>\n","protected":false},"author":2,"featured_media":549900,"comment_status":"closed","ping_status":"closed","sticky":false,"template":"","format":"standard","meta":{"om_disable_all_campaigns":false,"_monsterinsights_skip_tracking":false,"_monsterinsights_sitenote_active":false,"_monsterinsights_sitenote_note":"","_monsterinsights_sitenote_category":0},"categories":[1],"tags":[],"aioseo_notices":[],"gutentor_comment":0,"rttpg_featured_image_url":{"full":["https:\/\/arantv.az\/wp-content\/uploads\/2022\/12\/FotoJet-26-1.jpg",620,413,false],"landscape":["https:\/\/arantv.az\/wp-content\/uploads\/2022\/12\/FotoJet-26-1.jpg",620,413,false],"portraits":["https:\/\/arantv.az\/wp-content\/uploads\/2022\/12\/FotoJet-26-1.jpg",620,413,false],"thumbnail":["https:\/\/arantv.az\/wp-content\/uploads\/2022\/12\/FotoJet-26-1-500x280.jpg",500,280,true],"medium":["https:\/\/arantv.az\/wp-content\/uploads\/2022\/12\/FotoJet-26-1-548x365.jpg",548,365,true],"large":["https:\/\/arantv.az\/wp-content\/uploads\/2022\/12\/FotoJet-26-1.jpg",620,413,false],"1536x1536":["https:\/\/arantv.az\/wp-content\/uploads\/2022\/12\/FotoJet-26-1.jpg",620,413,false],"2048x2048":["https:\/\/arantv.az\/wp-content\/uploads\/2022\/12\/FotoJet-26-1.jpg",620,413,false],"post-thumbnail":["https:\/\/arantv.az\/wp-content\/uploads\/2022\/12\/FotoJet-26-1-240x172.jpg",240,172,true],"advps-thumb-one":["https:\/\/arantv.az\/wp-content\/uploads\/2022\/12\/FotoJet-26-1.jpg",620,413,false]},"rttpg_author":{"display_name":"V\u00fcsal Rafiqo\u011flu","author_link":"https:\/\/arantv.az\/?author=2"},"rttpg_comment":0,"rttpg_category":"<a href=\"https:\/\/arantv.az\/?cat=1\" rel=\"category\">C\u0259miyy\u0259t<\/a>","rttpg_excerpt":"Dekabr\u0131n 26-da S\u0259hiyy\u0259 Nazirliyind\u0259 2022-ci ilin yekunlar\u0131na h\u0259sr olunmu\u015f iclas ke\u00e7irilib. T\u0259dbird\u0259 giri\u015f s\u00f6z\u00fc il\u0259 \u00e7\u0131x\u0131\u015f ed\u0259n s\u0259hiyy\u0259 naziri Teymur Musayev s\u0259hiyy\u0259 sisteminin inki\u015faf\u0131n\u0131n \u00f6lk\u0259mizd\u0259 prioritet m\u0259s\u0259l\u0259l\u0259rd\u0259n oldu\u011funu vur\u011fulay\u0131b. Bu bar\u0259d\u0259 S\u0259hiyy\u0259 Nazirliyi m\u0259lumat yay\u0131b. Bildirilib ki, Teymur Musayev cari ild\u0259 S\u0259hiyy\u0259 Nazirliyi t\u0259r\u0259find\u0259n respublikam\u0131zda s\u0259hiyy\u0259 infrastrukturunun daha da m\u00f6hk\u0259ml\u0259ndirilm\u0259si istiqam\u0259tind\u0259 z\u0259ruri add\u0131mlar\u0131n at\u0131ld\u0131\u011f\u0131n\u0131 qeyd&hellip;","_links":{"self":[{"href":"https:\/\/arantv.az\/index.php?rest_route=\/wp\/v2\/posts\/549899"}],"collection":[{"href":"https:\/\/arantv.az\/index.php?rest_route=\/wp\/v2\/posts"}],"about":[{"href":"https:\/\/arantv.az\/index.php?rest_route=\/wp\/v2\/types\/post"}],"author":[{"embeddable":true,"href":"https:\/\/arantv.az\/index.php?rest_route=\/wp\/v2\/users\/2"}],"replies":[{"embeddable":true,"href":"https:\/\/arantv.az\/index.php?rest_route=%2Fwp%2Fv2%2Fcomments&post=549899"}],"version-history":[{"count":0,"href":"https:\/\/arantv.az\/index.php?rest_route=\/wp\/v2\/posts\/549899\/revisions"}],"wp:featuredmedia":[{"embeddable":true,"href":"https:\/\/arantv.az\/index.php?rest_route=\/wp\/v2\/media\/549900"}],"wp:attachment":[{"href":"https:\/\/arantv.az\/index.php?rest_route=%2Fwp%2Fv2%2Fmedia&parent=549899"}],"wp:term":[{"taxonomy":"category","embeddable":true,"href":"https:\/\/arantv.az\/index.php?rest_route=%2Fwp%2Fv2%2Fcategories&post=549899"},{"taxonomy":"post_tag","embeddable":true,"href":"https:\/\/arantv.az\/index.php?rest_route=%2Fwp%2Fv2%2Ftags&post=549899"}],"curies":[{"name":"wp","href":"https:\/\/api.w.org\/{rel}","templated":true}]}}