{"id":549906,"date":"2022-12-26T17:00:19","date_gmt":"2022-12-26T14:00:19","guid":{"rendered":"https:\/\/arantv.az\/?p=549906"},"modified":"2022-12-26T17:00:19","modified_gmt":"2022-12-26T14:00:19","slug":"ilham-%c9%99liyev-sankt-peterburqda-mdb-liderl%c9%99rinin-qeyri-r%c9%99smi-sammitind%c9%99-istirak-edib-yenil%c9%99nib-foto-video","status":"publish","type":"post","link":"https:\/\/arantv.az\/?p=549906","title":{"rendered":"\u0130lham \u018fliyev Sankt-Peterburqda MDB liderl\u0259rinin qeyri-r\u0259smi sammitind\u0259 i\u015ftirak edib &#8211; YEN\u0130L\u018fN\u0130B + FOTO\/V\u0130DEO"},"content":{"rendered":"<p>Dekabr\u0131n 26-da Rusiya Federasiyas\u0131n\u0131n Sankt-Peterburq \u015f\u0259h\u0259rind\u0259 MDB d\u00f6vl\u0259t ba\u015f\u00e7\u0131lar\u0131n\u0131n iclas\u0131 ke\u00e7irilib.<\/p>\n<p><a href=\"https:\/\/azertag.az\/xeber\/Sankt_Peterburqda_MDB_dovlet_baschilarinin_iclasi_kechirilib-2425625\" target=\"_blank\" rel=\"noopener\">AZ\u018fRTAC<\/a>\u00a0x\u0259b\u0259r verir ki, Az\u0259rbaycan Respublikas\u0131n\u0131n Prezidenti\u00a0<strong>\u0130lham \u018fliyev<\/strong>\u00a0iclasda i\u015ftirak edib.<\/p>\n<div class=\"AdviadNativeVideo\"><\/div>\n<p>Rusiya Prezidenti Vladimir Putin Az\u0259rbaycan Prezidenti \u0130lham \u018fliyevi qar\u015f\u0131lay\u0131b.<\/p>\n<p>Sonra birg\u0259 foto \u00e7\u0259kdirilib.<\/p>\n<p>&nbsp;<\/p>\n<div class=\"gallery\">\n<div class=\"gallery-i\"><img src=\"https:\/\/cdn.oxu.az\/uploads\/W1siZiIsIjIwMjIvMTIvMjYvMTcvMTIvNTQvNThlOGQ4Y2ItNTA3My00MTA4LWIxNGEtOWMzMzllZThhZTE2LzMyMjExNDM1M183MTM3MjQ5NzM2NTE1MjhfNDI4NDAyNDYxMjI0MzMwNTAwMF9uLmpwZyJdLFsicCIsImVuY29kZSIsImpwZyIsIi1xdWFsaXR5IDgwIl0sWyJwIiwidGh1bWIiLCI1OTB4NTkwXHUwMDNlIl1d?sha=9786b5faf70395ef\" alt=\"\" \/><\/p>\n<div class=\"gallery-i-caption\"><\/div>\n<\/div>\n<div class=\"gallery-i\"><img src=\"https:\/\/cdn.oxu.az\/uploads\/W1siZiIsIjIwMjIvMTIvMjYvMTcvNDcvMDcvMGYxNjlhODgtMjZlNi00ZjFlLTg5MGUtNTU5YzMwYWQxODYxLzEuanBnIl0sWyJwIiwiZW5jb2RlIiwianBnIiwiLXF1YWxpdHkgODAiXSxbInAiLCJ0aHVtYiIsIjU5MHg1OTBcdTAwM2UiXV0?sha=5a8ccd747967a0a6\" alt=\"\" \/><\/p>\n<div class=\"gallery-i-caption\"><\/div>\n<\/div>\n<div class=\"gallery-i\"><img src=\"https:\/\/cdn.oxu.az\/uploads\/W1siZiIsIjIwMjIvMTIvMjYvMTcvNDcvMDgvZGUwZmY4ZWQtM2E3Zi00YjU2LWI4ZDMtOTlmMTgyMTMzNGE3LzIuanBnIl0sWyJwIiwiZW5jb2RlIiwianBnIiwiLXF1YWxpdHkgODAiXSxbInAiLCJ0aHVtYiIsIjU5MHg1OTBcdTAwM2UiXV0?sha=a713140963c331d3\" alt=\"\" \/><\/p>\n<div class=\"gallery-i-caption\"><\/div>\n<\/div>\n<div class=\"gallery-i\"><img src=\"https:\/\/cdn.oxu.az\/uploads\/W1siZiIsIjIwMjIvMTIvMjYvMTcvNDcvMDgvMTNiNGJjZTktNDFlYy00NTZiLTk5NWQtM2MyNGM1Zjg2MDA3LzE2NzIwNjE0MjU0NTI1NTUwMjAwXzEwMDB4NjY5LmpwZyJdLFsicCIsImVuY29kZSIsImpwZyIsIi1xdWFsaXR5IDgwIl0sWyJwIiwidGh1bWIiLCI1OTB4NTkwXHUwMDNlIl1d?sha=cdaf074b140d4b94\" alt=\"\" \/><\/p>\n<div class=\"gallery-i-caption\"><\/div>\n<\/div>\n<\/div>\n<p><strong>16:49<\/strong><\/p>\n<p>Sankt-Peterburqda MDB liderl\u0259rinin qeyri-r\u0259smi sammiti ke\u00e7irilir.<\/p>\n<p>Sammitin canl\u0131 yay\u0131m\u0131n\u0131 t\u0259qdim edirik:<\/p>\n<div><iframe loading=\"lazy\" title=\"YouTube video player\" src=\"https:\/\/www.youtube.com\/embed\/EB3ig0ffY1c\" width=\"560\" height=\"315\" frameborder=\"0\" allowfullscreen=\"allowfullscreen\" data-mce-fragment=\"1\"><\/iframe><\/div>\n<p><strong>09:04<\/strong><\/p>\n<p>M\u00fcst\u0259qil D\u00f6vl\u0259tl\u0259r Birliyinin (MDB) liderl\u0259ri dekabr\u0131n 26-27-d\u0259 Rusiyan\u0131n Sankt-Peterburq \u015f\u0259h\u0259rind\u0259 \u0259n\u0259n\u0259vi Yeni il \u0259r\u0259f\u0259sind\u0259 qeyri-r\u0259smi sammit\u0259 topla\u015facaqlar.<\/p>\n<p>G\u00f6r\u00fc\u015f Rusiya Prezidenti Vladimir Putinin t\u0259\u015f\u0259bb\u00fcs\u00fc il\u0259 ba\u015f tutacaq.<\/p>\n<p>\u201cRusiya prezidentinin d\u0259v\u0259ti il\u0259 bu g\u00f6r\u00fc\u015f dekabr\u0131n 26-27-d\u0259 ba\u015f tutacaq. \u00dcmid edirik ki, bu, \u0259m\u0259kda\u015fl\u0131\u011f\u0131m\u0131za \u0259lav\u0259 t\u0259kan ver\u0259c\u0259k\u201d, &#8211; dey\u0259 MDB \u0130craiyy\u0259 Komit\u0259sinin s\u0259dri Sergey Lebedev bildirib.<\/p>\n<p>Xat\u0131rladaq ki, MDB D\u00f6vl\u0259t Ba\u015f\u00e7\u0131lar\u0131 \u015euras\u0131n\u0131n r\u0259smi sammiti oktyabr\u0131n 14-d\u0259 Astanada ke\u00e7irilib.<\/p>\n<p>M\u0259nb\u0259: \u201cRia Novosti\u201d \u201cTelegram\u201d kanal\u0131<\/p>\n","protected":false},"excerpt":{"rendered":"<p>Dekabr\u0131n 26-da Rusiya Federasiyas\u0131n\u0131n Sankt-Peterburq \u015f\u0259h\u0259rind\u0259 MDB d\u00f6vl\u0259t ba\u015f\u00e7\u0131lar\u0131n\u0131n iclas\u0131 ke\u00e7irilib. AZ\u018fRTAC\u00a0x\u0259b\u0259r verir ki, Az\u0259rbaycan Respublikas\u0131n\u0131n Prezidenti\u00a0\u0130lham \u018fliyev\u00a0iclasda i\u015ftirak edib. Rusiya Prezidenti Vladimir Putin Az\u0259rbaycan Prezidenti \u0130lham \u018fliyevi qar\u015f\u0131lay\u0131b. Sonra birg\u0259 foto \u00e7\u0259kdirilib. &nbsp; 16:49 Sankt-Peterburqda MDB liderl\u0259rinin qeyri-r\u0259smi sammiti ke\u00e7irilir. Sammitin canl\u0131 yay\u0131m\u0131n\u0131 t\u0259qdim edirik: 09:04 M\u00fcst\u0259qil D\u00f6vl\u0259tl\u0259r Birliyinin (MDB) liderl\u0259ri dekabr\u0131n 26-27-d\u0259 Rusiyan\u0131n Sankt-Peterburq \u015f\u0259h\u0259rind\u0259 \u0259n\u0259n\u0259vi Yeni il \u0259r\u0259f\u0259sind\u0259 qeyri-r\u0259smi sammit\u0259 topla\u015facaqlar. G\u00f6r\u00fc\u015f Rusiya Prezidenti Vladimir Putinin t\u0259\u015f\u0259bb\u00fcs\u00fc il\u0259 ba\u015f tutacaq. \u201cRusiya prezidentinin d\u0259v\u0259ti il\u0259 bu g\u00f6r\u00fc\u015f dekabr\u0131n 26-27-d\u0259 ba\u015f tutacaq. \u00dcmid edirik ki, bu, \u0259m\u0259kda\u015fl\u0131\u011f\u0131m\u0131za \u0259lav\u0259 t\u0259kan&hellip;<\/p>\n","protected":false},"author":2,"featured_media":549907,"comment_status":"closed","ping_status":"closed","sticky":false,"template":"","format":"standard","meta":{"om_disable_all_campaigns":false,"_monsterinsights_skip_tracking":false,"_monsterinsights_sitenote_active":false,"_monsterinsights_sitenote_note":"","_monsterinsights_sitenote_category":0},"categories":[4],"tags":[],"aioseo_notices":[],"gutentor_comment":0,"rttpg_featured_image_url":{"full":["https:\/\/arantv.az\/wp-content\/uploads\/2022\/12\/1672061425449063153_1000x669.jpg",620,413,false],"landscape":["https:\/\/arantv.az\/wp-content\/uploads\/2022\/12\/1672061425449063153_1000x669.jpg",620,413,false],"portraits":["https:\/\/arantv.az\/wp-content\/uploads\/2022\/12\/1672061425449063153_1000x669.jpg",620,413,false],"thumbnail":["https:\/\/arantv.az\/wp-content\/uploads\/2022\/12\/1672061425449063153_1000x669-500x280.jpg",500,280,true],"medium":["https:\/\/arantv.az\/wp-content\/uploads\/2022\/12\/1672061425449063153_1000x669-548x365.jpg",548,365,true],"large":["https:\/\/arantv.az\/wp-content\/uploads\/2022\/12\/1672061425449063153_1000x669.jpg",620,413,false],"1536x1536":["https:\/\/arantv.az\/wp-content\/uploads\/2022\/12\/1672061425449063153_1000x669.jpg",620,413,false],"2048x2048":["https:\/\/arantv.az\/wp-content\/uploads\/2022\/12\/1672061425449063153_1000x669.jpg",620,413,false],"post-thumbnail":["https:\/\/arantv.az\/wp-content\/uploads\/2022\/12\/1672061425449063153_1000x669-240x172.jpg",240,172,true],"advps-thumb-one":["https:\/\/arantv.az\/wp-content\/uploads\/2022\/12\/1672061425449063153_1000x669.jpg",620,413,false]},"rttpg_author":{"display_name":"V\u00fcsal Rafiqo\u011flu","author_link":"https:\/\/arantv.az\/?author=2"},"rttpg_comment":0,"rttpg_category":"<a href=\"https:\/\/arantv.az\/?cat=4\" rel=\"category\">Siyas\u0259t<\/a>","rttpg_excerpt":"Dekabr\u0131n 26-da Rusiya Federasiyas\u0131n\u0131n Sankt-Peterburq \u015f\u0259h\u0259rind\u0259 MDB d\u00f6vl\u0259t ba\u015f\u00e7\u0131lar\u0131n\u0131n iclas\u0131 ke\u00e7irilib. AZ\u018fRTAC\u00a0x\u0259b\u0259r verir ki, Az\u0259rbaycan Respublikas\u0131n\u0131n Prezidenti\u00a0\u0130lham \u018fliyev\u00a0iclasda i\u015ftirak edib. Rusiya Prezidenti Vladimir Putin Az\u0259rbaycan Prezidenti \u0130lham \u018fliyevi qar\u015f\u0131lay\u0131b. Sonra birg\u0259 foto \u00e7\u0259kdirilib. &nbsp; 16:49 Sankt-Peterburqda MDB liderl\u0259rinin qeyri-r\u0259smi sammiti ke\u00e7irilir. Sammitin canl\u0131 yay\u0131m\u0131n\u0131 t\u0259qdim edirik: 09:04 M\u00fcst\u0259qil D\u00f6vl\u0259tl\u0259r Birliyinin (MDB) liderl\u0259ri dekabr\u0131n 26-27-d\u0259 Rusiyan\u0131n&hellip;","_links":{"self":[{"href":"https:\/\/arantv.az\/index.php?rest_route=\/wp\/v2\/posts\/549906"}],"collection":[{"href":"https:\/\/arantv.az\/index.php?rest_route=\/wp\/v2\/posts"}],"about":[{"href":"https:\/\/arantv.az\/index.php?rest_route=\/wp\/v2\/types\/post"}],"author":[{"embeddable":true,"href":"https:\/\/arantv.az\/index.php?rest_route=\/wp\/v2\/users\/2"}],"replies":[{"embeddable":true,"href":"https:\/\/arantv.az\/index.php?rest_route=%2Fwp%2Fv2%2Fcomments&post=549906"}],"version-history":[{"count":0,"href":"https:\/\/arantv.az\/index.php?rest_route=\/wp\/v2\/posts\/549906\/revisions"}],"wp:featuredmedia":[{"embeddable":true,"href":"https:\/\/arantv.az\/index.php?rest_route=\/wp\/v2\/media\/549907"}],"wp:attachment":[{"href":"https:\/\/arantv.az\/index.php?rest_route=%2Fwp%2Fv2%2Fmedia&parent=549906"}],"wp:term":[{"taxonomy":"category","embeddable":true,"href":"https:\/\/arantv.az\/index.php?rest_route=%2Fwp%2Fv2%2Fcategories&post=549906"},{"taxonomy":"post_tag","embeddable":true,"href":"https:\/\/arantv.az\/index.php?rest_route=%2Fwp%2Fv2%2Ftags&post=549906"}],"curies":[{"name":"wp","href":"https:\/\/api.w.org\/{rel}","templated":true}]}}