{"id":549910,"date":"2022-12-26T17:01:54","date_gmt":"2022-12-26T14:01:54","guid":{"rendered":"https:\/\/arantv.az\/?p=549910"},"modified":"2022-12-26T17:01:54","modified_gmt":"2022-12-26T14:01:54","slug":"arazin-goz-yaslari-araza-qovusdu-video","status":"publish","type":"post","link":"https:\/\/arantv.az\/?p=549910","title":{"rendered":"Araz\u0131n g\u00f6z ya\u015flar\u0131 Araza qovu\u015fdu &#8211; V\u0130DEO"},"content":{"rendered":"<p>Bu g\u00fcn C\u0259nubi Az\u0259rbaycan\u0131n Sulduz \u015f\u0259h\u0259rind\u0259 do\u011fulan ozan Araz Els\u0259s X\u0259z\u0259r TV-nin d\u0259st\u0259yi il\u0259 Xudaf\u0259rin k\u00f6rp\u00fcs\u00fcn\u0259 gedib.<\/p>\n<article class=\"news\">\n<div class=\"news-inner\">\n<p>Ozan Xudaf\u0259rin k\u00f6rp\u00fcs\u00fcnd\u0259 Az\u0259rbaycan bayra\u011f\u0131n\u0131 g\u00f6r\u0259n zaman g\u00f6z ya\u015flar\u0131na hakim ola bilm\u0259yib. O, diz \u00fcst\u0259 \u00e7\u00f6k\u0259r\u0259k bayra\u011f\u0131n dir\u0259yini qucaqlay\u0131b v\u0259 g\u00f6z ya\u015f\u0131 t\u00f6k\u00fcb.<\/p>\n<p>Araz Els\u0259s daha sonra Araz \u00e7ay\u0131n\u0131n suyu il\u0259 \u00fcz\u00fcn\u00fc yuyub.<\/p>\n<p>H\u0259min g\u00f6r\u00fcnt\u00fcl\u0259ri t\u0259qdim edirik:<\/p>\n<div><iframe loading=\"lazy\" title=\"YouTube video player\" src=\"https:\/\/www.youtube.com\/embed\/JZBupe6gjvI\" width=\"560\" height=\"315\" frameborder=\"0\" allowfullscreen=\"allowfullscreen\" data-mce-fragment=\"1\"><\/iframe><\/div>\n<\/div>\n<\/article>\n","protected":false},"excerpt":{"rendered":"<p>Bu g\u00fcn C\u0259nubi Az\u0259rbaycan\u0131n Sulduz \u015f\u0259h\u0259rind\u0259 do\u011fulan ozan Araz Els\u0259s X\u0259z\u0259r TV-nin d\u0259st\u0259yi il\u0259 Xudaf\u0259rin k\u00f6rp\u00fcs\u00fcn\u0259 gedib. Ozan Xudaf\u0259rin k\u00f6rp\u00fcs\u00fcnd\u0259 Az\u0259rbaycan bayra\u011f\u0131n\u0131 g\u00f6r\u0259n zaman g\u00f6z ya\u015flar\u0131na hakim ola bilm\u0259yib. O, diz \u00fcst\u0259 \u00e7\u00f6k\u0259r\u0259k bayra\u011f\u0131n dir\u0259yini qucaqlay\u0131b v\u0259 g\u00f6z ya\u015f\u0131 t\u00f6k\u00fcb. Araz Els\u0259s daha sonra Araz \u00e7ay\u0131n\u0131n suyu il\u0259 \u00fcz\u00fcn\u00fc yuyub. H\u0259min g\u00f6r\u00fcnt\u00fcl\u0259ri t\u0259qdim edirik:<\/p>\n","protected":false},"author":2,"featured_media":549911,"comment_status":"closed","ping_status":"closed","sticky":false,"template":"","format":"standard","meta":{"om_disable_all_campaigns":false,"_monsterinsights_skip_tracking":false,"_monsterinsights_sitenote_active":false,"_monsterinsights_sitenote_note":"","_monsterinsights_sitenote_category":0},"categories":[1],"tags":[],"aioseo_notices":[],"gutentor_comment":0,"rttpg_featured_image_url":{"full":["https:\/\/arantv.az\/wp-content\/uploads\/2022\/12\/FotoJet-25-1.jpg",620,413,false],"landscape":["https:\/\/arantv.az\/wp-content\/uploads\/2022\/12\/FotoJet-25-1.jpg",620,413,false],"portraits":["https:\/\/arantv.az\/wp-content\/uploads\/2022\/12\/FotoJet-25-1.jpg",620,413,false],"thumbnail":["https:\/\/arantv.az\/wp-content\/uploads\/2022\/12\/FotoJet-25-1-500x280.jpg",500,280,true],"medium":["https:\/\/arantv.az\/wp-content\/uploads\/2022\/12\/FotoJet-25-1-548x365.jpg",548,365,true],"large":["https:\/\/arantv.az\/wp-content\/uploads\/2022\/12\/FotoJet-25-1.jpg",620,413,false],"1536x1536":["https:\/\/arantv.az\/wp-content\/uploads\/2022\/12\/FotoJet-25-1.jpg",620,413,false],"2048x2048":["https:\/\/arantv.az\/wp-content\/uploads\/2022\/12\/FotoJet-25-1.jpg",620,413,false],"post-thumbnail":["https:\/\/arantv.az\/wp-content\/uploads\/2022\/12\/FotoJet-25-1-240x172.jpg",240,172,true],"advps-thumb-one":["https:\/\/arantv.az\/wp-content\/uploads\/2022\/12\/FotoJet-25-1.jpg",620,413,false]},"rttpg_author":{"display_name":"V\u00fcsal Rafiqo\u011flu","author_link":"https:\/\/arantv.az\/?author=2"},"rttpg_comment":0,"rttpg_category":"<a href=\"https:\/\/arantv.az\/?cat=1\" rel=\"category\">C\u0259miyy\u0259t<\/a>","rttpg_excerpt":"Bu g\u00fcn C\u0259nubi Az\u0259rbaycan\u0131n Sulduz \u015f\u0259h\u0259rind\u0259 do\u011fulan ozan Araz Els\u0259s X\u0259z\u0259r TV-nin d\u0259st\u0259yi il\u0259 Xudaf\u0259rin k\u00f6rp\u00fcs\u00fcn\u0259 gedib. Ozan Xudaf\u0259rin k\u00f6rp\u00fcs\u00fcnd\u0259 Az\u0259rbaycan bayra\u011f\u0131n\u0131 g\u00f6r\u0259n zaman g\u00f6z ya\u015flar\u0131na hakim ola bilm\u0259yib. O, diz \u00fcst\u0259 \u00e7\u00f6k\u0259r\u0259k bayra\u011f\u0131n dir\u0259yini qucaqlay\u0131b v\u0259 g\u00f6z ya\u015f\u0131 t\u00f6k\u00fcb. Araz Els\u0259s daha sonra Araz \u00e7ay\u0131n\u0131n suyu il\u0259 \u00fcz\u00fcn\u00fc yuyub. H\u0259min g\u00f6r\u00fcnt\u00fcl\u0259ri t\u0259qdim edirik:","_links":{"self":[{"href":"https:\/\/arantv.az\/index.php?rest_route=\/wp\/v2\/posts\/549910"}],"collection":[{"href":"https:\/\/arantv.az\/index.php?rest_route=\/wp\/v2\/posts"}],"about":[{"href":"https:\/\/arantv.az\/index.php?rest_route=\/wp\/v2\/types\/post"}],"author":[{"embeddable":true,"href":"https:\/\/arantv.az\/index.php?rest_route=\/wp\/v2\/users\/2"}],"replies":[{"embeddable":true,"href":"https:\/\/arantv.az\/index.php?rest_route=%2Fwp%2Fv2%2Fcomments&post=549910"}],"version-history":[{"count":0,"href":"https:\/\/arantv.az\/index.php?rest_route=\/wp\/v2\/posts\/549910\/revisions"}],"wp:featuredmedia":[{"embeddable":true,"href":"https:\/\/arantv.az\/index.php?rest_route=\/wp\/v2\/media\/549911"}],"wp:attachment":[{"href":"https:\/\/arantv.az\/index.php?rest_route=%2Fwp%2Fv2%2Fmedia&parent=549910"}],"wp:term":[{"taxonomy":"category","embeddable":true,"href":"https:\/\/arantv.az\/index.php?rest_route=%2Fwp%2Fv2%2Fcategories&post=549910"},{"taxonomy":"post_tag","embeddable":true,"href":"https:\/\/arantv.az\/index.php?rest_route=%2Fwp%2Fv2%2Ftags&post=549910"}],"curies":[{"name":"wp","href":"https:\/\/api.w.org\/{rel}","templated":true}]}}