{"id":549913,"date":"2022-12-26T17:03:23","date_gmt":"2022-12-26T14:03:23","guid":{"rendered":"https:\/\/arantv.az\/?p=549913"},"modified":"2022-12-26T17:03:23","modified_gmt":"2022-12-26T14:03:23","slug":"d%c9%99m%c9%99sqd%c9%99-11-il-sonra-yeni-il-ab-havasi-video","status":"publish","type":"post","link":"https:\/\/arantv.az\/?p=549913","title":{"rendered":"D\u0259m\u0259\u015fqd\u0259 11 il sonra Yeni il ab-havas\u0131 &#8211; V\u0130DEO"},"content":{"rendered":"<p>Suriyan\u0131n paytaxt\u0131 D\u0259m\u0259\u015fq \u015f\u0259h\u0259ri uzun ill\u0259rd\u0259n sonra Yeni ilin g\u0259li\u015fi il\u0259 \u0259laq\u0259dar b\u0259z\u0259dilib.<\/p>\n<p>G\u00f6r\u00fcnt\u00fcl\u0259r sosial mediada payla\u015f\u0131l\u0131b.<\/p>\n<p>Qeyd ed\u0259k ki, Suriya 2011-ci ild\u0259n etibar\u0259n v\u0259t\u0259nda\u015f m\u00fcharib\u0259si girdab\u0131ndad\u0131r.<\/p>\n<p>Konflikt y\u00fcz minl\u0259rl\u0259 insan\u0131n \u00f6l\u00fcm\u00fcn\u0259 s\u0259b\u0259b olub. Son 11 ild\u0259 6,9 milyon suriyal\u0131 \u00f6lk\u0259ni t\u0259rk etm\u0259k m\u0259cburiyy\u0259tind\u0259 qal\u0131b.<\/p>\n<div>\n<div><iframe loading=\"lazy\" title=\"Dailymotion Video Player\" src=\"https:\/\/www.dailymotion.com\/embed\/video\/x8gn776\" width=\"100%\" height=\"100%\" frameborder=\"0\" allowfullscreen=\"allowfullscreen\" data-mce-fragment=\"1\"><\/iframe><\/div>\n<\/div>\n<p>M\u0259nb\u0259: Haber Global<\/p>\n","protected":false},"excerpt":{"rendered":"<p>Suriyan\u0131n paytaxt\u0131 D\u0259m\u0259\u015fq \u015f\u0259h\u0259ri uzun ill\u0259rd\u0259n sonra Yeni ilin g\u0259li\u015fi il\u0259 \u0259laq\u0259dar b\u0259z\u0259dilib. G\u00f6r\u00fcnt\u00fcl\u0259r sosial mediada payla\u015f\u0131l\u0131b. Qeyd ed\u0259k ki, Suriya 2011-ci ild\u0259n etibar\u0259n v\u0259t\u0259nda\u015f m\u00fcharib\u0259si girdab\u0131ndad\u0131r. Konflikt y\u00fcz minl\u0259rl\u0259 insan\u0131n \u00f6l\u00fcm\u00fcn\u0259 s\u0259b\u0259b olub. Son 11 ild\u0259 6,9 milyon suriyal\u0131 \u00f6lk\u0259ni t\u0259rk etm\u0259k m\u0259cburiyy\u0259tind\u0259 qal\u0131b. M\u0259nb\u0259: Haber Global<\/p>\n","protected":false},"author":2,"featured_media":549914,"comment_status":"closed","ping_status":"closed","sticky":false,"template":"","format":"standard","meta":{"om_disable_all_campaigns":false,"_monsterinsights_skip_tracking":false,"_monsterinsights_sitenote_active":false,"_monsterinsights_sitenote_note":"","_monsterinsights_sitenote_category":0},"categories":[7],"tags":[],"aioseo_notices":[],"gutentor_comment":0,"rttpg_featured_image_url":{"full":["https:\/\/arantv.az\/wp-content\/uploads\/2022\/12\/FotoJet-2022-12-26T124247.724.jpg",620,413,false],"landscape":["https:\/\/arantv.az\/wp-content\/uploads\/2022\/12\/FotoJet-2022-12-26T124247.724.jpg",620,413,false],"portraits":["https:\/\/arantv.az\/wp-content\/uploads\/2022\/12\/FotoJet-2022-12-26T124247.724.jpg",620,413,false],"thumbnail":["https:\/\/arantv.az\/wp-content\/uploads\/2022\/12\/FotoJet-2022-12-26T124247.724-500x280.jpg",500,280,true],"medium":["https:\/\/arantv.az\/wp-content\/uploads\/2022\/12\/FotoJet-2022-12-26T124247.724-548x365.jpg",548,365,true],"large":["https:\/\/arantv.az\/wp-content\/uploads\/2022\/12\/FotoJet-2022-12-26T124247.724.jpg",620,413,false],"1536x1536":["https:\/\/arantv.az\/wp-content\/uploads\/2022\/12\/FotoJet-2022-12-26T124247.724.jpg",620,413,false],"2048x2048":["https:\/\/arantv.az\/wp-content\/uploads\/2022\/12\/FotoJet-2022-12-26T124247.724.jpg",620,413,false],"post-thumbnail":["https:\/\/arantv.az\/wp-content\/uploads\/2022\/12\/FotoJet-2022-12-26T124247.724-240x172.jpg",240,172,true],"advps-thumb-one":["https:\/\/arantv.az\/wp-content\/uploads\/2022\/12\/FotoJet-2022-12-26T124247.724.jpg",620,413,false]},"rttpg_author":{"display_name":"V\u00fcsal Rafiqo\u011flu","author_link":"https:\/\/arantv.az\/?author=2"},"rttpg_comment":0,"rttpg_category":"<a href=\"https:\/\/arantv.az\/?cat=7\" rel=\"category\">D\u00fcnya<\/a>","rttpg_excerpt":"Suriyan\u0131n paytaxt\u0131 D\u0259m\u0259\u015fq \u015f\u0259h\u0259ri uzun ill\u0259rd\u0259n sonra Yeni ilin g\u0259li\u015fi il\u0259 \u0259laq\u0259dar b\u0259z\u0259dilib. G\u00f6r\u00fcnt\u00fcl\u0259r sosial mediada payla\u015f\u0131l\u0131b. Qeyd ed\u0259k ki, Suriya 2011-ci ild\u0259n etibar\u0259n v\u0259t\u0259nda\u015f m\u00fcharib\u0259si girdab\u0131ndad\u0131r. Konflikt y\u00fcz minl\u0259rl\u0259 insan\u0131n \u00f6l\u00fcm\u00fcn\u0259 s\u0259b\u0259b olub. Son 11 ild\u0259 6,9 milyon suriyal\u0131 \u00f6lk\u0259ni t\u0259rk etm\u0259k m\u0259cburiyy\u0259tind\u0259 qal\u0131b. M\u0259nb\u0259: Haber Global","_links":{"self":[{"href":"https:\/\/arantv.az\/index.php?rest_route=\/wp\/v2\/posts\/549913"}],"collection":[{"href":"https:\/\/arantv.az\/index.php?rest_route=\/wp\/v2\/posts"}],"about":[{"href":"https:\/\/arantv.az\/index.php?rest_route=\/wp\/v2\/types\/post"}],"author":[{"embeddable":true,"href":"https:\/\/arantv.az\/index.php?rest_route=\/wp\/v2\/users\/2"}],"replies":[{"embeddable":true,"href":"https:\/\/arantv.az\/index.php?rest_route=%2Fwp%2Fv2%2Fcomments&post=549913"}],"version-history":[{"count":0,"href":"https:\/\/arantv.az\/index.php?rest_route=\/wp\/v2\/posts\/549913\/revisions"}],"wp:featuredmedia":[{"embeddable":true,"href":"https:\/\/arantv.az\/index.php?rest_route=\/wp\/v2\/media\/549914"}],"wp:attachment":[{"href":"https:\/\/arantv.az\/index.php?rest_route=%2Fwp%2Fv2%2Fmedia&parent=549913"}],"wp:term":[{"taxonomy":"category","embeddable":true,"href":"https:\/\/arantv.az\/index.php?rest_route=%2Fwp%2Fv2%2Fcategories&post=549913"},{"taxonomy":"post_tag","embeddable":true,"href":"https:\/\/arantv.az\/index.php?rest_route=%2Fwp%2Fv2%2Ftags&post=549913"}],"curies":[{"name":"wp","href":"https:\/\/api.w.org\/{rel}","templated":true}]}}