{"id":549919,"date":"2022-12-26T17:06:15","date_gmt":"2022-12-26T14:06:15","guid":{"rendered":"https:\/\/arantv.az\/?p=549919"},"modified":"2022-12-26T17:06:15","modified_gmt":"2022-12-26T14:06:15","slug":"amerika-az%c9%99rbaycanlilarinin-koordinasiya-surasindan-ilham-%c9%99liyev%c9%99-t%c9%99brik","status":"publish","type":"post","link":"https:\/\/arantv.az\/?p=549919","title":{"rendered":"Amerika Az\u0259rbaycanl\u0131lar\u0131n\u0131n Koordinasiya \u015euras\u0131ndan \u0130lham \u018fliyev\u0259 t\u0259brik"},"content":{"rendered":"<p>Amerika Az\u0259rbaycanl\u0131lar\u0131n\u0131n Koordinasiya \u015euras\u0131n\u0131n \u0130dar\u0259 Hey\u0259ti v\u0259 \u00fczvl\u0259ri Prezident\u00a0<strong>\u0130lham \u018fliyevi\u00a0<\/strong>t\u0259brik edibl\u0259r.<\/p>\n<p>Prezident.az x\u0259b\u0259r verir ki,\u00a0<a href=\"https:\/\/president.az\/az\/articles\/view\/58377\" target=\"_blank\" rel=\"noopener\">m\u0259ktubda<\/a>\u00a0deyilir:<\/p>\n<p>\u201cAmerika Az\u0259rbaycanl\u0131lar\u0131n\u0131n Koordinasiya \u015euras\u0131 v\u0259 \u015euraya daxil olan t\u0259\u015fkilatlar ad\u0131ndan Sizi do\u011fum g\u00fcn\u00fcn\u00fcz m\u00fcnasib\u0259til\u0259 s\u0259mimi-q\u0259lbd\u0259n t\u0259brik edirik.<\/p>\n<p>V\u0259t\u0259nin rifah\u0131 namin\u0259 s\u0259m\u0259r\u0259li f\u0259aliyy\u0259tiniz, i\u015fg\u00fczar v\u0259 \u015f\u0259xsi keyfiyy\u0259tl\u0259riniz, m\u00fcr\u0259kk\u0259b m\u0259s\u0259l\u0259l\u0259ri effektiv h\u0259ll etm\u0259k bacar\u0131\u011f\u0131n\u0131z haql\u0131 olaraq Siz\u0259 do\u011fma Az\u0259rbaycanda v\u0259 onun h\u00fcdudlar\u0131ndan k\u0259narda b\u00f6y\u00fck n\u00fcfuz v\u0259 d\u0259rin h\u00f6rm\u0259t qazand\u0131r\u0131b.<\/p>\n<p>Az\u0259rbaycan\u0131n tarixind\u0259 \u00e7ox b\u00f6y\u00fck \u0259h\u0259miyy\u0259ti olan V\u0259t\u0259n m\u00fcharib\u0259sind\u0259 Qaraba\u011f\u0131n i\u015f\u011faldan azad olunmas\u0131 il\u0259 n\u0259tic\u0259l\u0259n\u0259n Q\u0259l\u0259b\u0259 Sizin uzaqg\u00f6r\u0259nliyiniz, m\u00fcdrik r\u0259hb\u0259rliyiniz, q\u0259tiyy\u0259tli q\u0259rarlar\u0131n\u0131z, xalq\u0131m\u0131za inam\u0131n\u0131z say\u0259sind\u0259 \u0259ld\u0259 edildi. M\u00fcharib\u0259d\u0259n sonra Sizin s\u0259yl\u0259riniz n\u0259tic\u0259sind\u0259 Qaraba\u011fda apar\u0131lan s\u00fcr\u0259tli yenid\u0259nqurma i\u015fl\u0259rinin n\u0259tic\u0259l\u0259ri t\u0259qdir\u0259layiqdir. Az\u0259rbaycan Sizin m\u00fcdrik r\u0259hb\u0259rliyinizl\u0259 sosial-iqtisadi inki\u015fafda b\u00f6y\u00fck u\u011furlar qazan\u0131r v\u0259 beyn\u0259lxalq arenada \u00f6z n\u00fcfuzunu durmadan m\u00f6hk\u0259ml\u0259ndirir.<\/p>\n<p>Sizin xaricd\u0259ki diaspor t\u0259\u015fkilatlar\u0131m\u0131z\u0131n f\u0259aliyy\u0259tin\u0259 verdiyiniz d\u0259st\u0259yi y\u00fcks\u0259k d\u0259y\u0259rl\u0259ndiririk. Biz AB\u015e-da f\u0259aliyy\u0259timizi daha da s\u0259m\u0259r\u0259li t\u0259\u015fkil ed\u0259r\u0259k Az\u0259rbaycan h\u0259qiq\u0259tl\u0259rini Amerika ictimaiyy\u0259tin\u0259 \u00e7atd\u0131rmaqda davam ed\u0259c\u0259yik. D\u00fcnya Az\u0259rbaycanl\u0131lar\u0131n\u0131n Z\u0259f\u0259r Qurultay\u0131nda Sizin t\u00f6vsiy\u0259l\u0259riniz bizim f\u0259aliyy\u0259timiz \u00fc\u00e7\u00fcn \u00e7ox \u00f6n\u0259mli v\u0259 d\u0259y\u0259rlidir.<\/p>\n<p>F\u00fcrs\u0259td\u0259n istifad\u0259 ed\u0259r\u0259k, do\u011fum g\u00fcn\u00fcn\u00fcz m\u00fcnasib\u0259til\u0259 Sizi bir daha t\u0259brik edir, Siz\u0259 m\u00f6hk\u0259m cansa\u011fl\u0131\u011f\u0131, Az\u0259rbaycan\u0131n inki\u015faf\u0131 v\u0259 xalq\u0131m\u0131z\u0131n rifah\u0131 namin\u0259 f\u0259aliyy\u0259tinizd\u0259 u\u011furlar arzulay\u0131r\u0131q.<\/p>\n<p>Do\u011fum g\u00fcn\u00fcn\u00fcz v\u0259 qar\u015f\u0131dan g\u0259l\u0259n Yeni iliniz m\u00fcbar\u0259k olsun!\u201d<\/p>\n","protected":false},"excerpt":{"rendered":"<p>Amerika Az\u0259rbaycanl\u0131lar\u0131n\u0131n Koordinasiya \u015euras\u0131n\u0131n \u0130dar\u0259 Hey\u0259ti v\u0259 \u00fczvl\u0259ri Prezident\u00a0\u0130lham \u018fliyevi\u00a0t\u0259brik edibl\u0259r. Prezident.az x\u0259b\u0259r verir ki,\u00a0m\u0259ktubda\u00a0deyilir: \u201cAmerika Az\u0259rbaycanl\u0131lar\u0131n\u0131n Koordinasiya \u015euras\u0131 v\u0259 \u015euraya daxil olan t\u0259\u015fkilatlar ad\u0131ndan Sizi do\u011fum g\u00fcn\u00fcn\u00fcz m\u00fcnasib\u0259til\u0259 s\u0259mimi-q\u0259lbd\u0259n t\u0259brik edirik. V\u0259t\u0259nin rifah\u0131 namin\u0259 s\u0259m\u0259r\u0259li f\u0259aliyy\u0259tiniz, i\u015fg\u00fczar v\u0259 \u015f\u0259xsi keyfiyy\u0259tl\u0259riniz, m\u00fcr\u0259kk\u0259b m\u0259s\u0259l\u0259l\u0259ri effektiv h\u0259ll etm\u0259k bacar\u0131\u011f\u0131n\u0131z haql\u0131 olaraq Siz\u0259 do\u011fma Az\u0259rbaycanda v\u0259 onun h\u00fcdudlar\u0131ndan k\u0259narda b\u00f6y\u00fck n\u00fcfuz v\u0259 d\u0259rin h\u00f6rm\u0259t qazand\u0131r\u0131b. Az\u0259rbaycan\u0131n tarixind\u0259 \u00e7ox b\u00f6y\u00fck \u0259h\u0259miyy\u0259ti olan V\u0259t\u0259n m\u00fcharib\u0259sind\u0259 Qaraba\u011f\u0131n i\u015f\u011faldan azad olunmas\u0131 il\u0259 n\u0259tic\u0259l\u0259n\u0259n Q\u0259l\u0259b\u0259 Sizin uzaqg\u00f6r\u0259nliyiniz, m\u00fcdrik r\u0259hb\u0259rliyiniz, q\u0259tiyy\u0259tli q\u0259rarlar\u0131n\u0131z, xalq\u0131m\u0131za inam\u0131n\u0131z say\u0259sind\u0259 \u0259ld\u0259 edildi. M\u00fcharib\u0259d\u0259n sonra&hellip;<\/p>\n","protected":false},"author":2,"featured_media":549920,"comment_status":"closed","ping_status":"closed","sticky":false,"template":"","format":"standard","meta":{"om_disable_all_campaigns":false,"_monsterinsights_skip_tracking":false,"_monsterinsights_sitenote_active":false,"_monsterinsights_sitenote_note":"","_monsterinsights_sitenote_category":0},"categories":[4],"tags":[],"aioseo_notices":[],"gutentor_comment":0,"rttpg_featured_image_url":{"full":["https:\/\/arantv.az\/wp-content\/uploads\/2022\/12\/16017394531712422946_1000x669-8.jpg",620,413,false],"landscape":["https:\/\/arantv.az\/wp-content\/uploads\/2022\/12\/16017394531712422946_1000x669-8.jpg",620,413,false],"portraits":["https:\/\/arantv.az\/wp-content\/uploads\/2022\/12\/16017394531712422946_1000x669-8.jpg",620,413,false],"thumbnail":["https:\/\/arantv.az\/wp-content\/uploads\/2022\/12\/16017394531712422946_1000x669-8-500x280.jpg",500,280,true],"medium":["https:\/\/arantv.az\/wp-content\/uploads\/2022\/12\/16017394531712422946_1000x669-8-548x365.jpg",548,365,true],"large":["https:\/\/arantv.az\/wp-content\/uploads\/2022\/12\/16017394531712422946_1000x669-8.jpg",620,413,false],"1536x1536":["https:\/\/arantv.az\/wp-content\/uploads\/2022\/12\/16017394531712422946_1000x669-8.jpg",620,413,false],"2048x2048":["https:\/\/arantv.az\/wp-content\/uploads\/2022\/12\/16017394531712422946_1000x669-8.jpg",620,413,false],"post-thumbnail":["https:\/\/arantv.az\/wp-content\/uploads\/2022\/12\/16017394531712422946_1000x669-8-240x172.jpg",240,172,true],"advps-thumb-one":["https:\/\/arantv.az\/wp-content\/uploads\/2022\/12\/16017394531712422946_1000x669-8.jpg",620,413,false]},"rttpg_author":{"display_name":"V\u00fcsal Rafiqo\u011flu","author_link":"https:\/\/arantv.az\/?author=2"},"rttpg_comment":0,"rttpg_category":"<a href=\"https:\/\/arantv.az\/?cat=4\" rel=\"category\">Siyas\u0259t<\/a>","rttpg_excerpt":"Amerika Az\u0259rbaycanl\u0131lar\u0131n\u0131n Koordinasiya \u015euras\u0131n\u0131n \u0130dar\u0259 Hey\u0259ti v\u0259 \u00fczvl\u0259ri Prezident\u00a0\u0130lham \u018fliyevi\u00a0t\u0259brik edibl\u0259r. Prezident.az x\u0259b\u0259r verir ki,\u00a0m\u0259ktubda\u00a0deyilir: \u201cAmerika Az\u0259rbaycanl\u0131lar\u0131n\u0131n Koordinasiya \u015euras\u0131 v\u0259 \u015euraya daxil olan t\u0259\u015fkilatlar ad\u0131ndan Sizi do\u011fum g\u00fcn\u00fcn\u00fcz m\u00fcnasib\u0259til\u0259 s\u0259mimi-q\u0259lbd\u0259n t\u0259brik edirik. V\u0259t\u0259nin rifah\u0131 namin\u0259 s\u0259m\u0259r\u0259li f\u0259aliyy\u0259tiniz, i\u015fg\u00fczar v\u0259 \u015f\u0259xsi keyfiyy\u0259tl\u0259riniz, m\u00fcr\u0259kk\u0259b m\u0259s\u0259l\u0259l\u0259ri effektiv h\u0259ll etm\u0259k bacar\u0131\u011f\u0131n\u0131z haql\u0131 olaraq Siz\u0259 do\u011fma Az\u0259rbaycanda v\u0259 onun h\u00fcdudlar\u0131ndan&hellip;","_links":{"self":[{"href":"https:\/\/arantv.az\/index.php?rest_route=\/wp\/v2\/posts\/549919"}],"collection":[{"href":"https:\/\/arantv.az\/index.php?rest_route=\/wp\/v2\/posts"}],"about":[{"href":"https:\/\/arantv.az\/index.php?rest_route=\/wp\/v2\/types\/post"}],"author":[{"embeddable":true,"href":"https:\/\/arantv.az\/index.php?rest_route=\/wp\/v2\/users\/2"}],"replies":[{"embeddable":true,"href":"https:\/\/arantv.az\/index.php?rest_route=%2Fwp%2Fv2%2Fcomments&post=549919"}],"version-history":[{"count":0,"href":"https:\/\/arantv.az\/index.php?rest_route=\/wp\/v2\/posts\/549919\/revisions"}],"wp:featuredmedia":[{"embeddable":true,"href":"https:\/\/arantv.az\/index.php?rest_route=\/wp\/v2\/media\/549920"}],"wp:attachment":[{"href":"https:\/\/arantv.az\/index.php?rest_route=%2Fwp%2Fv2%2Fmedia&parent=549919"}],"wp:term":[{"taxonomy":"category","embeddable":true,"href":"https:\/\/arantv.az\/index.php?rest_route=%2Fwp%2Fv2%2Fcategories&post=549919"},{"taxonomy":"post_tag","embeddable":true,"href":"https:\/\/arantv.az\/index.php?rest_route=%2Fwp%2Fv2%2Ftags&post=549919"}],"curies":[{"name":"wp","href":"https:\/\/api.w.org\/{rel}","templated":true}]}}