{"id":549928,"date":"2022-12-26T17:09:44","date_gmt":"2022-12-26T14:09:44","guid":{"rendered":"https:\/\/arantv.az\/?p=549928"},"modified":"2022-12-26T17:09:44","modified_gmt":"2022-12-26T14:09:44","slug":"q%c9%99rbi-az%c9%99rbaycana-qayidisin-s%c9%99dasi-tarixi-%c9%99dal%c9%99t-ikinci-d%c9%99f%c9%99-b%c9%99rpa-olunur-foto","status":"publish","type":"post","link":"https:\/\/arantv.az\/?p=549928","title":{"rendered":"Q\u0259rbi Az\u0259rbaycana qay\u0131d\u0131\u015f\u0131n S\u018fDASI: Tarixi \u0259dal\u0259t ikinci d\u0259f\u0259 b\u0259rpa olunur? &#8211; FOTO"},"content":{"rendered":"<p>\u201cPrezidentin Q\u0259rbi Az\u0259rbaycan \u0130cmas\u0131n\u0131n \u00fczvl\u0259ri il\u0259 g\u00f6r\u00fc\u015f\u00fc bir \u00e7ox maraql\u0131 m\u0259qamlarla yadda qald\u0131. H\u0259min t\u0259\u015fkilat \u201cAz\u0259rbaycan Qa\u00e7q\u0131nlar C\u0259miyy\u0259ti\u201d adlan\u0131rd\u0131, ancaq cari ilin avqust ay\u0131nda art\u0131q Q\u0259rbi Az\u0259rbaycan \u0130cmas\u0131na \u00e7evrildi. Bunlar\u0131n ham\u0131s\u0131n\u0131n r\u0259mzi m\u0259nas\u0131 var. Bilinm\u0259lidir ki, Q\u0259rbi Az\u0259rbaycandan olan soyda\u015flar\u0131m\u0131z tezlikl\u0259 \u00f6z yurdlar\u0131na qay\u0131dacaqlar. \u00d6z\u00fc d\u0259 biz oraya s\u00fclhl\u0259 qay\u0131daca\u011f\u0131q\u201d.<\/p>\n<p>Bu s\u00f6zl\u0259ri\u00a0Oxu.Az-a a\u00e7\u0131qlamas\u0131nda Milli M\u0259clisin deputat\u0131\u00a0<strong>V\u00fcqar \u0130sk\u0259nd\u0259rov<\/strong>\u00a0deyib. Mill\u0259t v\u0259kili qeyd edib ki, yeni d\u00fcnya d\u00fcz\u0259ni qurulur v\u0259 bu siyasi m\u0259nz\u0259r\u0259d\u0259 Az\u0259rbaycan x\u00fcsusi \u00e7\u0259kiy\u0259 malik d\u00f6vl\u0259tl\u0259rd\u0259n biridir:<\/p>\n<div class=\"AdviadNativeVideo\"><\/div>\n<p><img src=\"https:\/\/cdn.oxu.az\/uploads\/W1siZiIsIjIwMjIvMTIvMjYvMTcvNDMvMDUvYzdiYTE0ZDQtMTc3Yy00MTkxLTg2ZTgtODBkY2RlZTdmZjIyLzE2NTU3MDc4NDk1MzQ2MzUyNzU5XzEyMDB4NjMwLmpwZyJdLFsicCIsImVuY29kZSIsImpwZyIsIi1xdWFsaXR5IDgwIl0sWyJwIiwidGh1bWIiLCI1OTB4NTkwXHUwMDNlIl1d?sha=3108e271dc8071ff\" alt=\"\" \/><\/p>\n<p>\u201cXalq\u0131m\u0131z\u0131n tarixi yadda\u015f\u0131 g\u00fccl\u00fcd\u00fcr. Bizim bu yadda\u015f\u0131m\u0131z do\u011fma torpa\u011fa olan sevgimizi, inam\u0131m\u0131z\u0131 h\u0259mi\u015f\u0259 qoruyub-saxlay\u0131b. Biz i\u015f\u011faldan azad olunmu\u015f b\u00f6lg\u0259l\u0259rimiz\u0259 qay\u0131tmaqla ba\u011fl\u0131 x\u00fcsusi d\u00f6vl\u0259t proqram\u0131 q\u0259bul etmi\u015fik. A\u011fal\u0131 k\u0259ndi g\u00f6rd\u00fcy\u00fcm\u00fcz i\u015fl\u0259rin ki\u00e7ik bir n\u00fcmun\u0259sidir. O k\u0259ndimizd\u0259 \u201ca\u011f\u0131ll\u0131 k\u0259nd\u201d konsepsiyas\u0131 i\u015fl\u0259yir v\u0259 dig\u0259r \u015f\u0259h\u0259r v\u0259 rayonlar\u0131m\u0131z\u0131n bir \u00e7oxunda da bel\u0259 n\u00fcmun\u0259l\u0259r olacaq. Ke\u00e7mi\u015fd\u0259 ba\u015f ver\u0259n \u0259dal\u0259tsiz yana\u015fmalar n\u0259tic\u0259sind\u0259 insanlar\u0131m\u0131z\u0131n soyq\u0131r\u0131m\u0131na m\u0259ruz qalmalar\u0131, \u00f6z d\u0259d\u0259-baba yurdlar\u0131ndan did\u0259rgin d\u00fc\u015fm\u0259l\u0259ri v\u0259 bunlara r\u0259\u011fm\u0259n Az\u0259rbaycan\u0131n g\u00fccl\u0259nm\u0259si, h\u0259tta he\u00e7 vaxt olmad\u0131\u011f\u0131 q\u0259d\u0259r d\u00fcnyan\u0131n g\u00fccl\u00fc d\u00f6vl\u0259tl\u0259rind\u0259n birin\u0259 \u00e7evrilm\u0259si reall\u0131qd\u0131r. B\u00fct\u00fcn bunlar Prezidentin xalq\u0131m\u0131z\u0131n b\u00fct\u00fcn yerl\u0259rd\u0259 h\u0259rt\u0259r\u0259fli inki\u015faf\u0131 \u00fc\u00e7\u00fcn atd\u0131\u011f\u0131 add\u0131mlar\u0131n n\u0259tic\u0259sidir\u201d.<\/p>\n<p>M\u00fcsahibimiz bildirib ki, Q\u0259rbi Az\u0259rbaycan bizim torpa\u011f\u0131m\u0131zd\u0131r, bunu tarixi s\u0259n\u0259dl\u0259r v\u0259 x\u0259rit\u0259l\u0259r t\u0259sdiql\u0259yir:<\/p>\n<p>\u201cH\u0259min torpaqlar\u0131n h\u0259r qar\u0131\u015f\u0131 biz\u0259 m\u0259xsusdur. G\u0259l\u0259c\u0259k zamanlarda biz Q\u0259rbi Az\u0259rbaycana qay\u0131daca\u011f\u0131q. Prosesl\u0259ri \u00e7ox m\u0259ntiql\u0259 v\u0259 s\u00fcr\u0259tl\u0259 apar\u0131r\u0131q. Ke\u00e7mi\u015fd\u0259 ba\u015f ver\u0259n qanl\u0131 hadis\u0259l\u0259r insan\u0131m\u0131z\u0131n genetik koduna t\u0259sir g\u00f6st\u0259rm\u0259yib. H\u0259r bir Q\u0259rbi az\u0259rbaycanl\u0131 \u00f6z k\u0259ndini, h\u0259tta \u00f6z k\u00fc\u00e7\u0259sini, evini \u00e7ox yax\u015f\u0131 xat\u0131rlay\u0131r. Bunlar h\u0259r bir az\u0259rbaycanl\u0131n\u0131n yadda\u015f\u0131ndad\u0131r. Bizim yurdumuza qay\u0131tma\u011f\u0131m\u0131z \u00fc\u00e7\u00fcn b\u00f6y\u00fck stimul var. D\u00f6vl\u0259t ba\u015f\u00e7\u0131s\u0131 icma n\u00fcmay\u0259nd\u0259l\u0259ri il\u0259 g\u00f6r\u00fc\u015fd\u0259 b\u00fct\u00fcn bu m\u0259s\u0259l\u0259l\u0259r\u0259 toxundu v\u0259 qeyd etdi ki, tarixd\u0259ki bu \u0259dal\u0259tsizlik b\u0259rpa olunmal\u0131d\u0131r. Tarix bir \u00e7ox m\u0259s\u0259l\u0259l\u0259ri unutmur. M\u00fcasir Az\u0259rbaycan\u0131n g\u00fccl\u0259nm\u0259si bizim g\u0259l\u0259c\u0259kd\u0259 h\u0259min torpaqlarda olma\u011f\u0131m\u0131za, ya\u015fama\u011f\u0131m\u0131za g\u0259tirib \u00e7\u0131xaracaq. Tarixi \u0259dal\u0259tin b\u0259rpa edilm\u0259li\u00a0oldu\u011funu biz V\u0259t\u0259n m\u00fcharib\u0259sind\u0259 d\u0259 g\u00f6st\u0259rdik\u201d.<\/p>\n","protected":false},"excerpt":{"rendered":"<p>\u201cPrezidentin Q\u0259rbi Az\u0259rbaycan \u0130cmas\u0131n\u0131n \u00fczvl\u0259ri il\u0259 g\u00f6r\u00fc\u015f\u00fc bir \u00e7ox maraql\u0131 m\u0259qamlarla yadda qald\u0131. H\u0259min t\u0259\u015fkilat \u201cAz\u0259rbaycan Qa\u00e7q\u0131nlar C\u0259miyy\u0259ti\u201d adlan\u0131rd\u0131, ancaq cari ilin avqust ay\u0131nda art\u0131q Q\u0259rbi Az\u0259rbaycan \u0130cmas\u0131na \u00e7evrildi. Bunlar\u0131n ham\u0131s\u0131n\u0131n r\u0259mzi m\u0259nas\u0131 var. Bilinm\u0259lidir ki, Q\u0259rbi Az\u0259rbaycandan olan soyda\u015flar\u0131m\u0131z tezlikl\u0259 \u00f6z yurdlar\u0131na qay\u0131dacaqlar. \u00d6z\u00fc d\u0259 biz oraya s\u00fclhl\u0259 qay\u0131daca\u011f\u0131q\u201d. Bu s\u00f6zl\u0259ri\u00a0Oxu.Az-a a\u00e7\u0131qlamas\u0131nda Milli M\u0259clisin deputat\u0131\u00a0V\u00fcqar \u0130sk\u0259nd\u0259rov\u00a0deyib. Mill\u0259t v\u0259kili qeyd edib ki, yeni d\u00fcnya d\u00fcz\u0259ni qurulur v\u0259 bu siyasi m\u0259nz\u0259r\u0259d\u0259 Az\u0259rbaycan x\u00fcsusi \u00e7\u0259kiy\u0259 malik d\u00f6vl\u0259tl\u0259rd\u0259n biridir: \u201cXalq\u0131m\u0131z\u0131n tarixi yadda\u015f\u0131 g\u00fccl\u00fcd\u00fcr. Bizim bu yadda\u015f\u0131m\u0131z do\u011fma torpa\u011fa olan sevgimizi, inam\u0131m\u0131z\u0131 h\u0259mi\u015f\u0259 qoruyub-saxlay\u0131b.&hellip;<\/p>\n","protected":false},"author":2,"featured_media":549929,"comment_status":"closed","ping_status":"closed","sticky":false,"template":"","format":"standard","meta":{"om_disable_all_campaigns":false,"_monsterinsights_skip_tracking":false,"_monsterinsights_sitenote_active":false,"_monsterinsights_sitenote_note":"","_monsterinsights_sitenote_category":0},"categories":[4],"tags":[],"aioseo_notices":[],"gutentor_comment":0,"rttpg_featured_image_url":{"full":["https:\/\/arantv.az\/wp-content\/uploads\/2022\/12\/FotoJet-24-1-1.jpg",620,413,false],"landscape":["https:\/\/arantv.az\/wp-content\/uploads\/2022\/12\/FotoJet-24-1-1.jpg",620,413,false],"portraits":["https:\/\/arantv.az\/wp-content\/uploads\/2022\/12\/FotoJet-24-1-1.jpg",620,413,false],"thumbnail":["https:\/\/arantv.az\/wp-content\/uploads\/2022\/12\/FotoJet-24-1-1-500x280.jpg",500,280,true],"medium":["https:\/\/arantv.az\/wp-content\/uploads\/2022\/12\/FotoJet-24-1-1-548x365.jpg",548,365,true],"large":["https:\/\/arantv.az\/wp-content\/uploads\/2022\/12\/FotoJet-24-1-1.jpg",620,413,false],"1536x1536":["https:\/\/arantv.az\/wp-content\/uploads\/2022\/12\/FotoJet-24-1-1.jpg",620,413,false],"2048x2048":["https:\/\/arantv.az\/wp-content\/uploads\/2022\/12\/FotoJet-24-1-1.jpg",620,413,false],"post-thumbnail":["https:\/\/arantv.az\/wp-content\/uploads\/2022\/12\/FotoJet-24-1-1-240x172.jpg",240,172,true],"advps-thumb-one":["https:\/\/arantv.az\/wp-content\/uploads\/2022\/12\/FotoJet-24-1-1.jpg",620,413,false]},"rttpg_author":{"display_name":"V\u00fcsal Rafiqo\u011flu","author_link":"https:\/\/arantv.az\/?author=2"},"rttpg_comment":0,"rttpg_category":"<a href=\"https:\/\/arantv.az\/?cat=4\" rel=\"category\">Siyas\u0259t<\/a>","rttpg_excerpt":"\u201cPrezidentin Q\u0259rbi Az\u0259rbaycan \u0130cmas\u0131n\u0131n \u00fczvl\u0259ri il\u0259 g\u00f6r\u00fc\u015f\u00fc bir \u00e7ox maraql\u0131 m\u0259qamlarla yadda qald\u0131. H\u0259min t\u0259\u015fkilat \u201cAz\u0259rbaycan Qa\u00e7q\u0131nlar C\u0259miyy\u0259ti\u201d adlan\u0131rd\u0131, ancaq cari ilin avqust ay\u0131nda art\u0131q Q\u0259rbi Az\u0259rbaycan \u0130cmas\u0131na \u00e7evrildi. Bunlar\u0131n ham\u0131s\u0131n\u0131n r\u0259mzi m\u0259nas\u0131 var. Bilinm\u0259lidir ki, Q\u0259rbi Az\u0259rbaycandan olan soyda\u015flar\u0131m\u0131z tezlikl\u0259 \u00f6z yurdlar\u0131na qay\u0131dacaqlar. \u00d6z\u00fc d\u0259 biz oraya s\u00fclhl\u0259 qay\u0131daca\u011f\u0131q\u201d. Bu s\u00f6zl\u0259ri\u00a0Oxu.Az-a a\u00e7\u0131qlamas\u0131nda Milli M\u0259clisin&hellip;","_links":{"self":[{"href":"https:\/\/arantv.az\/index.php?rest_route=\/wp\/v2\/posts\/549928"}],"collection":[{"href":"https:\/\/arantv.az\/index.php?rest_route=\/wp\/v2\/posts"}],"about":[{"href":"https:\/\/arantv.az\/index.php?rest_route=\/wp\/v2\/types\/post"}],"author":[{"embeddable":true,"href":"https:\/\/arantv.az\/index.php?rest_route=\/wp\/v2\/users\/2"}],"replies":[{"embeddable":true,"href":"https:\/\/arantv.az\/index.php?rest_route=%2Fwp%2Fv2%2Fcomments&post=549928"}],"version-history":[{"count":0,"href":"https:\/\/arantv.az\/index.php?rest_route=\/wp\/v2\/posts\/549928\/revisions"}],"wp:featuredmedia":[{"embeddable":true,"href":"https:\/\/arantv.az\/index.php?rest_route=\/wp\/v2\/media\/549929"}],"wp:attachment":[{"href":"https:\/\/arantv.az\/index.php?rest_route=%2Fwp%2Fv2%2Fmedia&parent=549928"}],"wp:term":[{"taxonomy":"category","embeddable":true,"href":"https:\/\/arantv.az\/index.php?rest_route=%2Fwp%2Fv2%2Fcategories&post=549928"},{"taxonomy":"post_tag","embeddable":true,"href":"https:\/\/arantv.az\/index.php?rest_route=%2Fwp%2Fv2%2Ftags&post=549928"}],"curies":[{"name":"wp","href":"https:\/\/api.w.org\/{rel}","templated":true}]}}