{"id":549941,"date":"2022-12-26T17:15:33","date_gmt":"2022-12-26T14:15:33","guid":{"rendered":"https:\/\/arantv.az\/?p=549941"},"modified":"2022-12-26T17:15:33","modified_gmt":"2022-12-26T14:15:33","slug":"az%c9%99rbaycana-ugurlara-qazandiran-lider","status":"publish","type":"post","link":"https:\/\/arantv.az\/?p=549941","title":{"rendered":"Az\u0259rbaycana u\u011furlara qazand\u0131ran &#8211; L\u0130DER"},"content":{"rendered":"<p><em>\u201c2003-c\u00fc ild\u0259n &#8211; Prezident v\u0259zif\u0259sin\u0259 ilk d\u0259f\u0259 se\u00e7il\u0259nd\u0259n bu g\u00fcn\u0259 q\u0259d\u0259r xalq\u0131n d\u0259st\u0259yini hiss edir\u0259m. Bu d\u0259st\u0259k m\u0259n\u0259 g\u00fcc verir. Bu d\u0259st\u0259k irad\u0259mi m\u00f6hk\u0259ml\u0259ndirir. Bu d\u0259st\u0259k n\u0259tic\u0259sind\u0259 biz ham\u0131m\u0131z \u2013 b\u00fct\u00fcn Az\u0259rbaycan xalq\u0131 b\u00f6y\u00fck tarixi u\u011furlara imza atm\u0131\u015f\u0131q\u201d<\/em><\/p>\n<p><strong>Prezident \u0130lham \u018fliyev<\/strong><\/p>\n<p>\u00d6lk\u0259y\u0259 ba\u015f\u00e7\u0131l\u0131q etdiyi ilk g\u00fcnd\u0259n h\u0259r bir az\u0259rbaycanl\u0131n\u0131n prezidenti olma\u011fa s\u00f6z ver\u0259n bu b\u00f6y\u00fck \u015f\u0259xsiyy\u0259t d\u0259f\u0259l\u0259rl\u0259\u00a0 bunu s\u00fcbut etmi\u015fdir. Prezident \u0130lham \u018fliyev \u00dcmummilli Liderimiz Heyd\u0259r \u018fliyevin t\u0259m\u0259lini qoydu\u011fu m\u00fcst\u0259qil Az\u0259rbaycan\u0131 \u00f6t\u0259n 19 il \u0259rzind\u0259 siyasi irad\u0259si, z\u0259ngin d\u00f6vl\u0259t\u00e7ilik t\u0259cr\u00fcb\u0259si, \u00a0xalqa\u00a0 v\u0259 V\u0259t\u0259n\u0259 olan d\u0259rin m\u0259h\u0259bb\u0259ti, ba\u011fl\u0131l\u0131\u011f\u0131 n\u0259tic\u0259sind\u0259 d\u00fcnyan\u0131n n\u00fcfuzlu, inki\u015faf etmi\u015f d\u00f6vl\u0259tl\u0259rind\u0259n birin\u0259 \u00e7evirmi\u015fdir. \u00d6lk\u0259 ba\u015f\u00e7\u0131m\u0131z d\u00fcnyada d\u0259rin analitik t\u0259f\u0259kk\u00fcr\u0259 v\u0259 m\u0259qs\u0259dy\u00f6nl\u00fc, d\u00fc\u015f\u00fcn\u00fclm\u00fc\u015f siyasi irad\u0259y\u0259 malik lider, \u0259n islahat\u00e7\u0131 prezident\u00a0 kimi q\u0259bul olunur. Bununla h\u0259r birimiz H\u0259r\u00a0 birimiz f\u0259xr edirik. \u018fld\u0259 edilmi\u015f m\u00fch\u00fcm siyasi v\u0259 iqtisadi u\u011furlar c\u0259miyy\u0259tin h\u0259yat\u0131n\u0131n b\u00fct\u00fcn sah\u0259l\u0259rind\u0259 g\u00fccl\u00fc inki\u015faf\u0131n\u00a0 g\u00f6st\u0259ricisidir. Prezident \u0130lham \u018fliyevin apard\u0131\u011f\u0131 daxili v\u0259 xarici siyas\u0259tin n\u0259tic\u0259sind\u0259\u00a0 haz\u0131rda \u00f6lk\u0259miz \u00f6z\u00fcn\u00fcn \u0259n \u015f\u0259r\u0259fli m\u0259rh\u0259l\u0259sini ya\u015fay\u0131r. Onun \u00a0yorulmaz s\u0259yi, g\u0259rgin f\u0259aliyy\u0259ti v\u0259 r\u0259hb\u0259rliyi say\u0259sind\u0259 bu g\u00fcn Az\u0259rbaycan inki\u015faf s\u00fcr\u0259tin\u0259 g\u00f6r\u0259 C\u0259nubi Qafqaz\u0131n lider \u00f6lk\u0259si olmaqla yana\u015f\u0131, d\u00fcnya birliyind\u0259 d\u0259 \u00f6z\u00fcn\u0259m\u0259xsus yeri il\u0259 se\u00e7ilir.<\/p>\n<p>Az\u0259rbaycan\u0131 h\u0259r zaman daxild\u0259n par\u00e7alamaq, onu inki\u015fafdan geri salmaq, \u0259n \u0259sas\u0131 is\u0259 Qaraba\u011f\u0131n i\u015f\u011fal\u0131 il\u0259 bar\u0131\u015fma\u011fa m\u0259cbur etm\u0259k kimi \u00e7\u0259tinlikl\u0259r\u0259 v\u0259 t\u0259hl\u00fck\u0259l\u0259r\u0259 baxmayaraq, Prezident \u0130lham \u018fliyev b\u00fct\u00fcn bu probleml\u0259ri h\u0259ll etm\u0259yi bacard\u0131. Bu is\u0259 b\u00f6y\u00fck siyasi m\u0259har\u0259t, irad\u0259, q\u0259tiyy\u0259t t\u0259l\u0259b edirdi. Az\u0259rbaycan bu ill\u0259r \u0259rzind\u0259 \u00f6z\u00fcn\u00fc m\u00fcst\u0259qil d\u00f6vl\u0259t kimi t\u0259sdiq ed\u0259 bildi. V\u0259 ild\u0259n-il\u0259 biz \u00f6lk\u0259 ba\u015f\u00e7\u0131s\u0131n\u0131n h\u0259m daxili, h\u0259m d\u0259 xarici siyas\u0259tind\u0259 \u0259ld\u0259 etdiyi nailiyy\u0259tl\u0259ri g\u00f6r\u00fcr\u00fck. Bunu h\u0259m d\u0259 d\u00fcnya g\u00f6r\u00fcr. Baxmayaraq ki, Az\u0259rbaycan ki\u00e7ik bir \u00f6lk\u0259dir, lakin Prezident \u0130lham \u018fliyevin siyasi m\u00fcdrikliyi n\u0259tic\u0259sind\u0259 haz\u0131rda b\u00fct\u00fcn maraqlar\u0131n k\u0259si\u015fdiyi co\u011frafi m\u0259kana \u00e7evrilir. Bu g\u00fcn \u0259ks\u0259r regional v\u0259 ya beyn\u0259lxalq layih\u0259l\u0259r Az\u0259rbaycan\u0131n i\u015ftirak\u0131 olmadan realla\u015fm\u0131r. Az\u0259rbaycan\u0131n r\u0259hb\u0259ri C\u0259nubi Qafqazda yeni siyasi v\u0259 iqtisadi v\u0259ziyy\u0259t yarada bildi v\u0259 bu, d\u00fcnya d\u00f6vl\u0259tl\u0259ri t\u0259r\u0259find\u0259n d\u0259 q\u0259bul edilir. C\u0259nab \u0130lham \u018fliyev h\u0259mi\u015f\u0259 qeyd edir ki, bizim siyas\u0259timizin m\u0259rk\u0259zind\u0259 Az\u0259rbaycan v\u0259t\u0259nda\u015flar\u0131, onlar\u0131n maraqlar\u0131 dayan\u0131r. Biz \u00f6lk\u0259 ba\u015f\u00e7\u0131s\u0131n\u0131n Prezidentin f\u0259aliyy\u0259tind\u0259 bunun \u0259yani t\u0259sdiqini g\u00f6r\u00fcr\u00fck. Vahid d\u00f6vl\u0259t\u00e7ilik siyas\u0259ti n\u0259tic\u0259sind\u0259 Az\u0259rbaycan iqtisadi, siyasi, m\u0259d\u0259ni, sosial, h\u0259rbi, idman sah\u0259l\u0259rd\u0259 davaml\u0131 v\u0259 dinamik s\u00fcr\u0259tl\u0259 inki\u015faf edir. D\u00fcnya Bank\u0131n\u0131n \u201cDoing Business\u201d 2019-cu ilin hesabat\u0131nda Az\u0259rbaycan d\u00fcnyan\u0131n \u0259n \u00e7ox islahat aparan \u00f6lk\u0259si elan olunub v\u0259 190 d\u00f6vl\u0259t aras\u0131nda 25-ci yeri tutub. \u201cDoing Business 2020\u201d hesabat\u0131nda is\u0259 Az\u0259rbaycan daha 5 pill\u0259 ir\u0259lil\u0259y\u0259r\u0259k \u0259n islahat\u00e7\u0131 20 \u00f6lk\u0259 s\u0131ras\u0131na daxil edilib. Davos D\u00fcnya \u0130qtisadi Forumunun 2020-ci ilin hesabat\u0131na \u0259sas\u0259n, Az\u0259rbaycan h\u00f6kum\u0259tin uzunm\u00fcdd\u0259tli strategiyas\u0131 \u00fczr\u0259 d\u00fcnyada 10-cu yerd\u0259, \u00f6lk\u0259 r\u0259hb\u0259rliyinin islahatlara sadiqliyi sah\u0259sind\u0259 is\u0259 5-ci yerd\u0259 q\u0259rarla\u015f\u0131b. Davos hesabat\u0131na \u0259sas\u0259n, Az\u0259rbaycan \u0259halinin elektrik enerjisin\u0259 \u0259l\u00e7atanl\u0131q \u0259msal\u0131na g\u00f6r\u0259 d\u00fcnyada 2-ci, d\u0259mir yolu xidm\u0259tl\u0259rinin s\u0259m\u0259r\u0259liliyin\u0259 g\u00f6r\u0259 11-ci, hava n\u0259qliyyat\u0131 xidm\u0259tl\u0259rinin s\u0259m\u0259r\u0259liliyin\u0259 g\u00f6r\u0259 12-ci, d\u0259niz limanlar\u0131 xidm\u0259tl\u0259rinin s\u0259m\u0259r\u0259liliyin\u0259 g\u00f6r\u0259 25-ci v\u0259 yol infrastrukturunun keyfiyy\u0259ti bax\u0131m\u0131ndan 27-ci yerd\u0259dir. Son 19 il \u0259rzind\u0259 Az\u0259rbaycan iqtisadiyyat\u0131 s\u00fcr\u0259tl\u0259 inki\u015faf etmi\u015f, \u00fcmumi daxili m\u0259hsul \u00fc\u00e7 d\u0259f\u0259d\u0259n \u00e7ox artm\u0131\u015fd\u0131r. Geni\u015fmiqyasl\u0131 islahatlar n\u0259tic\u0259sind\u0259 Az\u0259rbaycanda m\u00fcnbit s\u0259rmay\u0259 iqlimi yarad\u0131lm\u0131\u015fd\u0131r. Az\u0259rbaycan iqtisadiyyat\u0131na 280 milyard AB\u015e dollar\u0131 h\u0259cmind\u0259 s\u0259rmay\u0259 yat\u0131r\u0131l\u0131b ki, bunun da yar\u0131s\u0131 xarici s\u0259rmay\u0259dir. Az\u0259rbaycan\u0131n xarici borcu \u00f6lk\u0259nin \u00fcmumi daxili m\u0259hsulunun 17,3 faizini t\u0259\u015fkil edir. 2030-cu ilin sonuna q\u0259d\u0259r bu r\u0259q\u0259min 10 faiz\u0259 enm\u0259si planla\u015fd\u0131r\u0131l\u0131r. \u00d6t\u0259n 19 il \u0259rzind\u0259 Az\u0259rbaycanda yoxsulluq s\u0259viyy\u0259si 49 faizd\u0259n 6 faiz\u0259 enib. \u00d6lk\u0259d\u0259 i\u015fsizlik t\u0259qrib\u0259n 6 faiz s\u0259viyy\u0259sind\u0259dir. Az\u0259rbaycanda 2 milyondan \u00e7ox yeni i\u015f yeri a\u00e7\u0131lm\u0131\u015fd\u0131r.<\/p>\n<p>D\u00fcnyada s\u00fclh\u00fc v\u0259 konstruktiv \u0259m\u0259kda\u015fl\u0131\u011f\u0131 t\u0259r\u0259nn\u00fcm ed\u0259n Prezident \u0130lham \u018fliyevin beyn\u0259lxalq t\u0259\u015f\u0259bb\u00fcsl\u0259ri m\u00fch\u00fcm \u0259h\u0259miyy\u0259t k\u0259sb edir. Az\u0259rbaycan\u0131n t\u0259\u015f\u0259bb\u00fcs\u00fc il\u0259 2013-c\u00fc il oktyabr\u0131n 28-d\u0259 BMT tarixind\u0259 ilk d\u0259f\u0259 olaraq \u201cBirl\u0259\u015fmi\u015f Mill\u0259tl\u0259r T\u0259\u015fkilat\u0131 v\u0259 \u0130slam \u018fm\u0259kda\u015fl\u0131q T\u0259\u015fkilat\u0131 aras\u0131nda t\u0259r\u0259fda\u015fl\u0131q \u0259laq\u0259l\u0259rinin g\u00fccl\u0259ndirilm\u0259si\u201d m\u00f6vzusunda iclas t\u0259\u015fkil edilmi\u015fdir. Qo\u015fulmama H\u0259r\u0259kat\u0131n\u0131n s\u0259dri qismind\u0259 Prezident \u0130lham \u018fliyevin t\u0259\u015f\u0259bb\u00fcs\u00fc il\u0259 2020-ci ilin dekabr\u0131nda BMT Ba\u015f Assambleyas\u0131n\u0131n COVID-19 pandemiyas\u0131 il\u0259 m\u00fcbariz\u0259y\u0259 h\u0259sr edilmi\u015f X\u00fcsusi Sessiyas\u0131 ke\u00e7irilmi\u015fdir. 18 noyabr 2021-ci il tarixind\u0259 BMT Ba\u015f Assambleyas\u0131n\u0131n 76-c\u0131 sessiyas\u0131 \u00e7\u0259r\u00e7iv\u0259sind\u0259 Qo\u015fulmama H\u0259r\u0259kat\u0131n\u0131n s\u0259dri qismind\u0259 Az\u0259rbaycan Respublikas\u0131 Prezidentinin t\u0259\u015f\u0259bb\u00fcs\u00fc il\u0259 QH \u00fczvl\u0259ri ad\u0131ndan ir\u0259li s\u00fcr\u00fclm\u00fc\u015f \u201cCOVID-19 \u0259leyhin\u0259 peyv\u0259ndl\u0259r\u0259 b\u0259rab\u0259r, m\u0259qbul qiym\u0259t\u0259, vaxt\u0131nda v\u0259 universal \u0259l\u00e7atanl\u0131\u011f\u0131n t\u0259min edilm\u0259si\u201d adl\u0131 q\u0259tnam\u0259 BMT \u00fczv d\u00f6vl\u0259tl\u0259ri t\u0259r\u0259find\u0259n q\u0259bul edilib.\u00a0Q\u0259tnam\u0259y\u0259 126 BMT \u00fczv\u00a0d\u00f6vl\u0259ti h\u0259m-m\u00fc\u0259llif qismind\u0259 qo\u015fulmu\u015fdur. Az\u0259rbaycan Respublikas\u0131 \u0130\u018fT-n\u0131n \u0259n aktiv v\u0259 n\u00fcfuzlu \u00fczvl\u0259rind\u0259n biridir. Az\u0259rbaycan\u0131n qlobal m\u0259d\u0259niyy\u0259tl\u0259raras\u0131 dialoqun \u00fcnvanlar\u0131ndan birin\u0259 \u00e7evrilm\u0259si \u00f6lk\u0259mizin beyn\u0259lxalq statusunun v\u0259 beyn\u0259lxalq t\u0259r\u0259fda\u015flar\u0131n\u0131n say\u0131n\u0131n artmas\u0131na s\u0259b\u0259b olmu\u015fdur. Az\u0259rbaycan \u201cS\u00fclh namin\u0259 t\u0259r\u0259fda\u015fl\u0131q\u201d proqram\u0131 \u00e7\u0259r\u00e7iv\u0259sind\u0259 NATO-nun etibarl\u0131 v\u0259 f\u0259al t\u0259r\u0259fda\u015f\u0131d\u0131r.\u00a0 Haz\u0131rda\u00a0 b\u00fct\u00fcn d\u00fcnya beyn\u0259lxalq \u0259m\u0259kda\u015fl\u0131\u011f\u0131n yeni format\u0131 v\u0259 etibarl\u0131l\u0131q n\u00fcmun\u0259sin\u0131n \u015fahididir.\u00a0 Az\u0259rbaycan Prezidenti \u0130lham \u018fliyev v\u0259 T\u00fcrkiy\u0259 Prezidenti R\u0259c\u0259b Tayyib \u018frdo\u011fan aras\u0131nda 2021-ci il iyunun 15-d\u0259 \u015eu\u015fada imzalanm\u0131\u015f B\u0259yannam\u0259 iki \u00f6lk\u0259 v\u0259 onun xalqlar\u0131 aras\u0131ndak\u0131 dostluq v\u0259 qarda\u015fl\u0131qdan \u00e7\u0131x\u0131\u015f ed\u0259r\u0259k Az\u0259rbaycan Respublikas\u0131 v\u0259 T\u00fcrkiy\u0259 Respublikas\u0131 aras\u0131ndak\u0131 m\u00fcnasib\u0259tl\u0259ri keyfiyy\u0259tc\u0259 yeni, m\u00fctt\u0259fiqlik s\u0259viyy\u0259sin\u0259 qald\u0131rm\u0131\u015fd\u0131r. B\u0259yannam\u0259y\u0259 \u0259sas\u0259n t\u0259r\u0259fl\u0259r xarici siyas\u0259t sah\u0259sind\u0259 \u0259laq\u0259l\u0259ndirm\u0259ni v\u0259 m\u00fcnt\u0259z\u0259m ikit\u0259r\u0259fli siyasi m\u0259sl\u0259h\u0259tl\u0259\u015fm\u0259l\u0259ri h\u0259yata ke\u00e7irir, h\u0259m\u00e7inin bu istiqam\u0259td\u0259 Az\u0259rbaycan Respublikas\u0131 il\u0259 T\u00fcrkiy\u0259 Respublikas\u0131 aras\u0131nda Y\u00fcks\u0259k S\u0259viyy\u0259li Strateji \u018fm\u0259kda\u015fl\u0131q \u015euras\u0131 \u00e7\u0259r\u00e7iv\u0259sind\u0259 birg\u0259 f\u0259aliyy\u0259t g\u00f6st\u0259rir. T\u0259r\u0259fl\u0259r aktual xarakter k\u0259sb ed\u0259n, qar\u015f\u0131l\u0131ql\u0131 maraq do\u011furan beyn\u0259lxalq m\u0259s\u0259l\u0259l\u0259r \u00fczr\u0259 h\u0259mr\u0259ylik v\u0259 qar\u015f\u0131l\u0131ql\u0131 d\u0259st\u0259k n\u00fcmayi\u015f etdir\u0259r\u0259k yax\u0131n v\u0259 ya \u00fcst-\u00fcst\u0259 d\u00fc\u015f\u0259n m\u00f6vqed\u0259n \u00e7\u0131x\u0131\u015f etm\u0259kl\u0259 ikit\u0259r\u0259fli \u0259m\u0259kda\u015fl\u0131\u011f\u0131 d\u0259rinl\u0259\u015fdir\u0259c\u0259kl\u0259r v\u0259 BMT, AT\u018fT, Avropa \u015euras\u0131, T\u00fcrk D\u00f6vl\u0259tl\u0259ri T\u0259\u015fkilat\u0131, \u0130slam \u018fm\u0259kda\u015fl\u0131q T\u0259\u015fkilat\u0131 daxil olmaqla beyn\u0259lxalq v\u0259 regional t\u0259\u015fkilatlar \u00e7\u0259r\u00e7iv\u0259sind\u0259 bir-birin\u0259 qar\u015f\u0131l\u0131ql\u0131 d\u0259st\u0259k g\u00f6st\u0259r\u0259c\u0259kl\u0259r.<\/p>\n<p>\u201cM\u0259n d\u0259f\u0259l\u0259rl\u0259 demi\u015fdim ki, Az\u0259rbaycan xalq\u0131 he\u00e7 vaxt i\u015f\u011falla bar\u0131\u015fmayacaq. D\u0259f\u0259l\u0259rl\u0259 demi\u015fdim ki, n\u0259yin bahas\u0131na olursa-olsun biz \u00f6z torpaqlar\u0131m\u0131z\u0131 geri qaytaraca\u011f\u0131q. D\u0259f\u0259l\u0259rl\u0259 demi\u015fdim ki, d\u00fc\u015fm\u0259n \u00f6z xo\u015fu il\u0259 torpaqlar\u0131m\u0131zdan \u00e7\u0131xmasa, biz onu torpaqlar\u0131m\u0131zdan qovaca\u011f\u0131q v\u0259 bel\u0259 d\u0259 oldu. Biz Birinci Qaraba\u011f m\u00fcharib\u0259sind\u0259ki m\u0259\u011flubiyy\u0259tl\u0259 bar\u0131\u015fmad\u0131q, g\u00fcc toplad\u0131q, b\u00fct\u00fcn g\u00fccl\u0259ri s\u0259f\u0259rb\u0259r etdik, ordumuzu g\u00fccl\u0259ndirdik, \u00f6lk\u0259 iqtisadiyyat\u0131n\u0131 g\u00fccl\u0259ndirdik, \u00f6lk\u0259mizin n\u00fcfuzunu qald\u0131rd\u0131q v\u0259 \u00f6z tarixi missiyam\u0131z\u0131 \u015f\u0259r\u0259fl\u0259 yerin\u0259 yetirdik\u201d &#8211; Prezident \u0130lham \u018fliyev.<\/p>\n<p>\u00dcmummilli Lider Heyd\u0259r \u018fliyevin m\u00fcst\u0259sna xidm\u0259tl\u0259ri say\u0259sind\u0259 formala\u015fan v\u0259 inki\u015faf ed\u0259n Az\u0259rbaycan Silahl\u0131 Q\u00fcvv\u0259l\u0259ri bu g\u00fcn M\u00fcz\u0259ff\u0259r Ali Ba\u015f Komandan \u0130lham \u018fliyevin r\u0259hb\u0259rliyi alt\u0131nda \u00f6z xalq\u0131na Q\u0259l\u0259b\u0259ni b\u0259x\u015f etmi\u015f m\u00fcz\u0259ff\u0259r Orduya \u00e7evrilmi\u015fdir. 2003-c\u00fc ild\u0259n etibar\u0259n ordu quruculu\u011fu m\u0259s\u0259l\u0259l\u0259ri d\u00f6vl\u0259t siyas\u0259tinin prioriteti kimi m\u00fc\u0259yy\u0259n olunmu\u015fdur. Planl\u0131 v\u0259 ard\u0131c\u0131l \u015f\u0259kild\u0259 g\u00f6r\u00fclm\u00fc\u015f i\u015fl\u0259r Az\u0259rbaycan ordusunu d\u00fcnyan\u0131n \u0259n g\u00fccl\u00fc 50 ordusu s\u0131ras\u0131na y\u00fcks\u0259ltdi. \u00d6t\u0259n d\u00f6vrd\u0259 Silahl\u0131 Q\u00fcvv\u0259l\u0259rin maddi-texniki t\u0259chizat\u0131n\u0131n yenil\u0259nm\u0259si, m\u00fcasir infrastrukturun yarad\u0131lmas\u0131, h\u0259rbi qulluq\u00e7ular\u0131n sosial m\u00fcdafi\u0259si, m\u0259nzil t\u0259minat\u0131n\u0131n yax\u015f\u0131la\u015fd\u0131r\u0131lmas\u0131, h\u0259m\u00e7inin m\u00fcdafi\u0259 s\u0259nayesinin inki\u015faf etdirilm\u0259sin\u0259 Prezident \u0130lham \u018fliyev t\u0259r\u0259find\u0259n x\u00fcsusi diqq\u0259t ayr\u0131l\u0131b. Az\u0259rbaycanda son ill\u0259rd\u0259 formala\u015fan v\u0259 dinamik inki\u015faf ed\u0259n h\u0259rbi s\u0259naye hesab\u0131na m\u00fcxt\u0259lif n\u00f6v h\u0259rbi texnika, zirehli ma\u015f\u0131nlar, pilotsuz u\u00e7u\u015f aparatlar\u0131, at\u0131c\u0131 silahlar istehsal olunur. Az\u0259rbaycan \u00f6z zavodlar\u0131nda istehsal etdiyi h\u0259rbi t\u0259yinatl\u0131 m\u0259hsullarla ordumuzu \u0259h\u0259miyy\u0259tli d\u0259r\u0259c\u0259d\u0259 t\u0259chiz ed\u0259 bilir.<\/p>\n<p>Son 200 il \u0259rzind\u0259 ilk d\u0259f\u0259 olaraq Az\u0259rbaycan m\u0259hz onun\u00a0 q\u00fcdr\u0259ti say\u0259sind\u0259 q\u0259l\u0259b\u0259 qazanaraq tarix\u0259 d\u00fc\u015fd\u00fc. Sars\u0131lmaz q\u0259tiyy\u0259ti n\u0259tic\u0259sind\u0259 b\u00f6y\u00fck strateq, qalib s\u0259rk\u0259rd\u0259 kimi \u0259b\u0259di olaraq tarix\u0259 imza ataraq, 44 g\u00fcnl\u00fck V\u0259t\u0259n m\u00fcharib\u0259sinin \u0259sl q\u0259hr\u0259man\u0131 oldu.\u00a0 C\u0259nab Ali Ba\u015f Komandan\u0131n r\u0259hb\u0259rliyi il\u0259 r\u0259\u015fad\u0259tli ordumuz Qaraba\u011f, \u015e\u0259rqi Z\u0259ng\u0259zur erm\u0259ni i\u015f\u011fal\u0131ndan azad edildi. \u0130ndi \u0259yil\u0259n qam\u0259timiz d\u00fcz, aln\u0131m\u0131z a\u00e7\u0131q, \u00fcz\u00fcm\u00fcz a\u011fd\u0131r. Bu Q\u0259l\u0259b\u0259 il\u0259 Az\u0259rbaycan xalq\u0131n\u0131 qalib xalqa \u00e7evrildi,\u00a0 \u0259dal\u0259t b\u0259rpa edildi,\u00a0 bir milyon insan\u0131 m\u0259cburi k\u00f6\u00e7k\u00fcn\u00a0 ad\u0131ndan xilas olundu, d\u00fcnyan\u0131n m\u00fcxt\u0259lif \u00f6lk\u0259l\u0259rind\u0259 ya\u015fayan az\u0259rbaycanl\u0131lar\u0131n ba\u015f\u0131 dik\u0259ldi, g\u0259l\u0259c\u0259k n\u0259sill\u0259rd\u0259\u00a0 b\u00f6y\u00fck inam hissi yarand\u0131.<\/p>\n<p>V\u0259t\u0259n M\u00fcharib\u0259sind\u0259n iki il ke\u00e7m\u0259sn\u0259 baxmayaraq, \u00f6t\u0259n m\u00fcdd\u0259t \u0259rzind\u0259 erm\u0259ni i\u015f\u011fal\u0131ndan azad olunan tarixi torpaqlar\u0131m\u0131zda\u00a0 b\u00f6y\u00fck b\u0259rpa v\u0259 quruculuq i\u015fl\u0259ri apar\u0131l\u0131r. 30 il\u0259 yax\u0131n davam ed\u0259n\u00a0 erm\u0259ni terroru\u00a0 v\u0259 vandalizmi n\u0259tic\u0259sind\u0259 Qaraba\u011f v\u0259 \u015e\u0259rqi Z\u0259ng\u0259zurda humanitar v\u0259\u00a0 ekoloji f\u0259lak\u0259t t\u00f6r\u0259dilmi\u015f, q\u0259dim tarixi- m\u0259d\u0259ni- dini irsimiz da\u011f\u0131d\u0131lm\u0131\u015f, evl\u0259r xarabaya \u00e7evrilmi\u015fdir.\u00a0 Az\u0259rbaycan Prezidentinin siyasi q\u0259tiyy\u0259ti, h\u0259rbi s\u0259rk\u0259rd\u0259lik m\u0259har\u0259ti, ordumuzun r\u0259\u015fad\u0259ti, xalq\u0131m\u0131zin birliyi\u00a0 n\u0259tic\u0259sind\u0259 d\u00f6y\u00fc\u015f meydan\u0131nda qazan\u0131lm\u0131\u015f\u00a0 \u015fanl\u0131 Q\u0259l\u0259b\u0259nin davam\u0131 B\u00f6y\u00fck Qay\u0131d\u0131\u015f\u0131n realla\u015fmas\u0131d\u0131r. Bu g\u00fcn Qaraba\u011f v\u0259\u00a0 \u015e\u0259rqi Z\u0259ng\u0259zur yenid\u0259n dir\u00e7\u0259lir, b\u0259rpa olunur, qurulur.<\/p>\n<p>Bizim g\u0259l\u0259c\u0259y\u0259 inam\u0131m\u0131z b\u00f6y\u00fckd\u00fcr v\u0259 h\u0259r bir Az\u0259rbaycan v\u0259t\u0259nda\u015f\u0131 \u00f6z prezidenti il\u0259 f\u0259xr edir. \u00c7\u00fcnki yax\u015f\u0131 bilir v\u0259 anlay\u0131r ki, o h\u0259r zaman \u00f6z v\u0259t\u0259nda\u015f\u0131n\u0131n yan\u0131ndad\u0131r.<\/p>\n<p><img src=\"http:\/\/ikisahil.az\/upload\/\/2022\/12\/10\/\/-48c8c396167066272590009975911077433.jpg\" alt=\"\" \/><\/p>\n<p><strong>Hicran H\u00fcseynova,<\/strong><\/p>\n<p><em>Milli M\u0259clisin Ail\u0259, qad\u0131n v\u0259 u\u015faq m\u0259s\u0259l\u0259l\u0259ri komit\u0259sinin s\u0259dri, professor<\/em><\/p>\n","protected":false},"excerpt":{"rendered":"<p>\u201c2003-c\u00fc ild\u0259n &#8211; Prezident v\u0259zif\u0259sin\u0259 ilk d\u0259f\u0259 se\u00e7il\u0259nd\u0259n bu g\u00fcn\u0259 q\u0259d\u0259r xalq\u0131n d\u0259st\u0259yini hiss edir\u0259m. Bu d\u0259st\u0259k m\u0259n\u0259 g\u00fcc verir. Bu d\u0259st\u0259k irad\u0259mi m\u00f6hk\u0259ml\u0259ndirir. Bu d\u0259st\u0259k n\u0259tic\u0259sind\u0259 biz ham\u0131m\u0131z \u2013 b\u00fct\u00fcn Az\u0259rbaycan xalq\u0131 b\u00f6y\u00fck tarixi u\u011furlara imza atm\u0131\u015f\u0131q\u201d Prezident \u0130lham \u018fliyev \u00d6lk\u0259y\u0259 ba\u015f\u00e7\u0131l\u0131q etdiyi ilk g\u00fcnd\u0259n h\u0259r bir az\u0259rbaycanl\u0131n\u0131n prezidenti olma\u011fa s\u00f6z ver\u0259n bu b\u00f6y\u00fck \u015f\u0259xsiyy\u0259t d\u0259f\u0259l\u0259rl\u0259\u00a0 bunu s\u00fcbut etmi\u015fdir. Prezident \u0130lham \u018fliyev \u00dcmummilli Liderimiz Heyd\u0259r \u018fliyevin t\u0259m\u0259lini qoydu\u011fu m\u00fcst\u0259qil Az\u0259rbaycan\u0131 \u00f6t\u0259n 19 il \u0259rzind\u0259 siyasi irad\u0259si, z\u0259ngin d\u00f6vl\u0259t\u00e7ilik t\u0259cr\u00fcb\u0259si, \u00a0xalqa\u00a0 v\u0259 V\u0259t\u0259n\u0259 olan d\u0259rin m\u0259h\u0259bb\u0259ti, ba\u011fl\u0131l\u0131\u011f\u0131 n\u0259tic\u0259sind\u0259 d\u00fcnyan\u0131n n\u00fcfuzlu,&hellip;<\/p>\n","protected":false},"author":2,"featured_media":549942,"comment_status":"closed","ping_status":"closed","sticky":false,"template":"","format":"standard","meta":{"om_disable_all_campaigns":false,"_monsterinsights_skip_tracking":false,"_monsterinsights_sitenote_active":false,"_monsterinsights_sitenote_note":"","_monsterinsights_sitenote_category":0},"categories":[19],"tags":[],"aioseo_notices":[],"gutentor_comment":0,"rttpg_featured_image_url":{"full":["https:\/\/arantv.az\/wp-content\/uploads\/2022\/12\/2cad8fa4166427649926851187610328171-1.jpg",975,540,false],"landscape":["https:\/\/arantv.az\/wp-content\/uploads\/2022\/12\/2cad8fa4166427649926851187610328171-1.jpg",975,540,false],"portraits":["https:\/\/arantv.az\/wp-content\/uploads\/2022\/12\/2cad8fa4166427649926851187610328171-1.jpg",975,540,false],"thumbnail":["https:\/\/arantv.az\/wp-content\/uploads\/2022\/12\/2cad8fa4166427649926851187610328171-1-500x280.jpg",500,280,true],"medium":["https:\/\/arantv.az\/wp-content\/uploads\/2022\/12\/2cad8fa4166427649926851187610328171-1-660x365.jpg",660,365,true],"large":["https:\/\/arantv.az\/wp-content\/uploads\/2022\/12\/2cad8fa4166427649926851187610328171-1-840x465.jpg",640,354,true],"1536x1536":["https:\/\/arantv.az\/wp-content\/uploads\/2022\/12\/2cad8fa4166427649926851187610328171-1.jpg",975,540,false],"2048x2048":["https:\/\/arantv.az\/wp-content\/uploads\/2022\/12\/2cad8fa4166427649926851187610328171-1.jpg",975,540,false],"post-thumbnail":["https:\/\/arantv.az\/wp-content\/uploads\/2022\/12\/2cad8fa4166427649926851187610328171-1-240x172.jpg",240,172,true],"advps-thumb-one":["https:\/\/arantv.az\/wp-content\/uploads\/2022\/12\/2cad8fa4166427649926851187610328171-1.jpg",975,540,false]},"rttpg_author":{"display_name":"V\u00fcsal Rafiqo\u011flu","author_link":"https:\/\/arantv.az\/?author=2"},"rttpg_comment":0,"rttpg_category":"<a href=\"https:\/\/arantv.az\/?cat=19\" rel=\"category\">G\u00fcnd\u0259m<\/a>","rttpg_excerpt":"\u201c2003-c\u00fc ild\u0259n &#8211; Prezident v\u0259zif\u0259sin\u0259 ilk d\u0259f\u0259 se\u00e7il\u0259nd\u0259n bu g\u00fcn\u0259 q\u0259d\u0259r xalq\u0131n d\u0259st\u0259yini hiss edir\u0259m. Bu d\u0259st\u0259k m\u0259n\u0259 g\u00fcc verir. Bu d\u0259st\u0259k irad\u0259mi m\u00f6hk\u0259ml\u0259ndirir. Bu d\u0259st\u0259k n\u0259tic\u0259sind\u0259 biz ham\u0131m\u0131z \u2013 b\u00fct\u00fcn Az\u0259rbaycan xalq\u0131 b\u00f6y\u00fck tarixi u\u011furlara imza atm\u0131\u015f\u0131q\u201d Prezident \u0130lham \u018fliyev \u00d6lk\u0259y\u0259 ba\u015f\u00e7\u0131l\u0131q etdiyi ilk g\u00fcnd\u0259n h\u0259r bir az\u0259rbaycanl\u0131n\u0131n prezidenti olma\u011fa s\u00f6z ver\u0259n bu b\u00f6y\u00fck&hellip;","_links":{"self":[{"href":"https:\/\/arantv.az\/index.php?rest_route=\/wp\/v2\/posts\/549941"}],"collection":[{"href":"https:\/\/arantv.az\/index.php?rest_route=\/wp\/v2\/posts"}],"about":[{"href":"https:\/\/arantv.az\/index.php?rest_route=\/wp\/v2\/types\/post"}],"author":[{"embeddable":true,"href":"https:\/\/arantv.az\/index.php?rest_route=\/wp\/v2\/users\/2"}],"replies":[{"embeddable":true,"href":"https:\/\/arantv.az\/index.php?rest_route=%2Fwp%2Fv2%2Fcomments&post=549941"}],"version-history":[{"count":0,"href":"https:\/\/arantv.az\/index.php?rest_route=\/wp\/v2\/posts\/549941\/revisions"}],"wp:featuredmedia":[{"embeddable":true,"href":"https:\/\/arantv.az\/index.php?rest_route=\/wp\/v2\/media\/549942"}],"wp:attachment":[{"href":"https:\/\/arantv.az\/index.php?rest_route=%2Fwp%2Fv2%2Fmedia&parent=549941"}],"wp:term":[{"taxonomy":"category","embeddable":true,"href":"https:\/\/arantv.az\/index.php?rest_route=%2Fwp%2Fv2%2Fcategories&post=549941"},{"taxonomy":"post_tag","embeddable":true,"href":"https:\/\/arantv.az\/index.php?rest_route=%2Fwp%2Fv2%2Ftags&post=549941"}],"curies":[{"name":"wp","href":"https:\/\/api.w.org\/{rel}","templated":true}]}}