{"id":549952,"date":"2022-12-26T19:43:33","date_gmt":"2022-12-26T16:43:33","guid":{"rendered":"https:\/\/arantv.az\/?p=549952"},"modified":"2022-12-26T19:43:33","modified_gmt":"2022-12-26T16:43:33","slug":"ic%c9%99ris%c9%99h%c9%99rd%c9%99-sehrli-qala-yarmarkasi-start-goturub-foto","status":"publish","type":"post","link":"https:\/\/arantv.az\/?p=549952","title":{"rendered":"\u0130\u00e7\u0259ri\u015f\u0259h\u0259rd\u0259 \u201cSehrli qala\u201d yarmarkas\u0131 start g\u00f6t\u00fcr\u00fcb &#8211; FOTO"},"content":{"rendered":"<p>\u0130\u00e7\u0259ri\u015f\u0259h\u0259rd\u0259 qad\u0131n sahibkarlar\u0131 v\u0259 h\u0259ssas kateqoriyaya aid sahibkar v\u0259 s\u0259n\u0259tkarlar\u0131 \u00f6z\u00fcnd\u0259 birl\u0259\u015fdir\u0259n ictimai birlikl\u0259rin haz\u0131rlad\u0131qlar\u0131 m\u0259hsullar\u0131n n\u00fcmayi\u015f etdirildiyi \u201cSehrli qala\u201d yarmarkas\u0131 start g\u00f6t\u00fcr\u00fcb.<\/p>\n<p>Bu bar\u0259d\u0259 \u0130qtisadiyyat Nazirliyi yan\u0131nda Ki\u00e7ik v\u0259 Orta Biznesin \u0130nki\u015faf\u0131 Agentliyi\u00a0(KOB\u0130A) m\u0259lumat yay\u0131b.<\/p>\n<div class=\"AdviadNativeVideo\"><\/div>\n<p>M\u0259lumata g\u00f6r\u0259, KOB\u0130A v\u0259 \u201c\u0130\u00e7\u0259ri\u015f\u0259h\u0259r\u201d D\u00f6vl\u0259t Tarix-Memarl\u0131q Qoru\u011fu \u0130dar\u0259sinin t\u0259r\u0259fda\u015fl\u0131\u011f\u0131, Ki\u00e7ik v\u0259 Orta Biznes Subyektl\u0259ri v\u0259 Klublar\u0131n\u0131n Assosiasiyas\u0131n\u0131n t\u0259\u015fkilat\u00e7\u0131l\u0131\u011f\u0131 il\u0259 ke\u00e7iril\u0259n yarmarkada 70-d\u0259n \u00e7ox sahibkar v\u0259 s\u0259n\u0259tkar\u0131n m\u0259hsullar\u0131 v\u0259 \u0259l i\u015fl\u0259ri sat\u0131l\u0131r. Burada \u0259sas\u0259n m\u00fcxt\u0259lif aksessuarlar, oyuncaqlar, \u0259l i\u015fl\u0259ri, dekorativ \u0259\u015fyalar, qida v\u0259 tekstil m\u0259hsullar\u0131 v\u0259 s. s\u0259rgil\u0259nir.<\/p>\n<p>G\u0259l\u0259n il 17 yanvara kimi davam ed\u0259c\u0259k yarmarkan\u0131n m\u0259qs\u0259di mikro v\u0259 ki\u00e7ik sahibkarl\u0131q subyektl\u0259rinin sat\u0131\u015f imkanlar\u0131n\u0131 geni\u015fl\u0259ndirm\u0259kl\u0259 onlar\u0131n inki\u015faf\u0131na d\u0259st\u0259k olmaqd\u0131r.<\/p>\n<p>Yarmarkan\u0131n a\u00e7\u0131l\u0131\u015f\u0131na h\u0259sr olunmu\u015f t\u0259dbird\u0259 \u00e7\u0131x\u0131\u015f ed\u0259n KOB\u0130A-n\u0131n \u0130dar\u0259 Hey\u0259tinin s\u0259dri Orxan M\u0259mm\u0259dov, \u201c\u0130\u00e7\u0259ri\u015f\u0259h\u0259r\u201d D\u00f6vl\u0259t Tarix-Memarl\u0131q Qoru\u011fu \u0130dar\u0259sinin \u0130dar\u0259 Hey\u0259tinin s\u0259dri \u015eahin Seyidzad\u0259 v\u0259 mill\u0259t v\u0259kili V\u00fcqar \u0130sk\u0259nd\u0259rov bel\u0259 t\u0259dbirl\u0259rin KOB-lar\u0131n sat\u0131\u015f imkanlar\u0131n\u0131n geni\u015fl\u0259ndirilm\u0259sind\u0259, m\u0259hsul v\u0259 xidm\u0259tl\u0259rinin geni\u015f istehlak\u00e7\u0131 auditoriyas\u0131na tan\u0131d\u0131l\u0131mas\u0131nda, sahibkarlar v\u0259 t\u0259chizat\u00e7\u0131lar aras\u0131nda \u0259laq\u0259l\u0259rin geni\u015fl\u0259ndirilm\u0259sind\u0259 \u0259h\u0259miyy\u0259tli oldu\u011funu bildirib, yarmarkan\u0131n f\u0259aliyy\u0259ti il\u0259 tan\u0131\u015f olublar.<\/p>\n<p>&nbsp;<\/p>\n<div class=\"gallery\">\n<div class=\"gallery-i\"><img src=\"https:\/\/cdn.oxu.az\/uploads\/W1siZiIsIjIwMjIvMTIvMjYvMjAvMTcvMDgvMWRkYzgzMWEtNDY0OC00YTQ5LWExNTQtMTFiOTAwMTYxMGE2LzUuanBnIl0sWyJwIiwiZW5jb2RlIiwianBnIiwiLXF1YWxpdHkgODAiXSxbInAiLCJ0aHVtYiIsIjU5MHg1OTBcdTAwM2UiXV0?sha=a645fdf39083f2c4\" alt=\"\" \/><\/p>\n<div class=\"gallery-i-caption\"><\/div>\n<\/div>\n<div class=\"gallery-i\"><img src=\"https:\/\/cdn.oxu.az\/uploads\/W1siZiIsIjIwMjIvMTIvMjYvMjAvMTcvMDgvOGY5MjM2NDItN2M3OS00M2ExLTkzM2UtYjU5OTFkMDFkMzAwLzQgKDIpLmpwZyJdLFsicCIsImVuY29kZSIsImpwZyIsIi1xdWFsaXR5IDgwIl0sWyJwIiwidGh1bWIiLCI1OTB4NTkwXHUwMDNlIl1d?sha=79aab6afd49c6f06\" alt=\"\" \/><\/p>\n<div class=\"gallery-i-caption\"><\/div>\n<\/div>\n<div class=\"gallery-i\"><img src=\"https:\/\/cdn.oxu.az\/uploads\/W1siZiIsIjIwMjIvMTIvMjYvMjAvMTcvMDgvMDljYWJjNDMtOWUzZC00ODJjLWI5ZmItODczYWMzZWU5ZDMyLzMgKDMpLmpwZyJdLFsicCIsImVuY29kZSIsImpwZyIsIi1xdWFsaXR5IDgwIl0sWyJwIiwidGh1bWIiLCI1OTB4NTkwXHUwMDNlIl1d?sha=f6dd1f57716fe819\" alt=\"\" \/><\/p>\n<div class=\"gallery-i-caption\"><\/div>\n<\/div>\n<div class=\"gallery-i\"><img src=\"https:\/\/cdn.oxu.az\/uploads\/W1siZiIsIjIwMjIvMTIvMjYvMjAvMTcvMDgvNjE3YmQ1MTEtZTk3Mi00MmMxLWJmYWYtZDE5MjAxYmNlYTgwLzIgKDUpLmpwZyJdLFsicCIsImVuY29kZSIsImpwZyIsIi1xdWFsaXR5IDgwIl0sWyJwIiwidGh1bWIiLCI1OTB4NTkwXHUwMDNlIl1d?sha=8d6e3ac5689c3a37\" alt=\"\" \/><\/p>\n<div class=\"gallery-i-caption\"><\/div>\n<\/div>\n<div class=\"gallery-i\"><img src=\"https:\/\/cdn.oxu.az\/uploads\/W1siZiIsIjIwMjIvMTIvMjYvMjAvMTcvMDgvZmI2MWE0N2EtNDViZi00YWIyLTk2NGQtODY2OWEwNTZjNmZjLzYuanBnIl0sWyJwIiwiZW5jb2RlIiwianBnIiwiLXF1YWxpdHkgODAiXSxbInAiLCJ0aHVtYiIsIjU5MHg1OTBcdTAwM2UiXV0?sha=522d6ef59644042f\" alt=\"\" \/><\/div>\n<\/div>\n","protected":false},"excerpt":{"rendered":"<p>\u0130\u00e7\u0259ri\u015f\u0259h\u0259rd\u0259 qad\u0131n sahibkarlar\u0131 v\u0259 h\u0259ssas kateqoriyaya aid sahibkar v\u0259 s\u0259n\u0259tkarlar\u0131 \u00f6z\u00fcnd\u0259 birl\u0259\u015fdir\u0259n ictimai birlikl\u0259rin haz\u0131rlad\u0131qlar\u0131 m\u0259hsullar\u0131n n\u00fcmayi\u015f etdirildiyi \u201cSehrli qala\u201d yarmarkas\u0131 start g\u00f6t\u00fcr\u00fcb. Bu bar\u0259d\u0259 \u0130qtisadiyyat Nazirliyi yan\u0131nda Ki\u00e7ik v\u0259 Orta Biznesin \u0130nki\u015faf\u0131 Agentliyi\u00a0(KOB\u0130A) m\u0259lumat yay\u0131b. M\u0259lumata g\u00f6r\u0259, KOB\u0130A v\u0259 \u201c\u0130\u00e7\u0259ri\u015f\u0259h\u0259r\u201d D\u00f6vl\u0259t Tarix-Memarl\u0131q Qoru\u011fu \u0130dar\u0259sinin t\u0259r\u0259fda\u015fl\u0131\u011f\u0131, Ki\u00e7ik v\u0259 Orta Biznes Subyektl\u0259ri v\u0259 Klublar\u0131n\u0131n Assosiasiyas\u0131n\u0131n t\u0259\u015fkilat\u00e7\u0131l\u0131\u011f\u0131 il\u0259 ke\u00e7iril\u0259n yarmarkada 70-d\u0259n \u00e7ox sahibkar v\u0259 s\u0259n\u0259tkar\u0131n m\u0259hsullar\u0131 v\u0259 \u0259l i\u015fl\u0259ri sat\u0131l\u0131r. Burada \u0259sas\u0259n m\u00fcxt\u0259lif aksessuarlar, oyuncaqlar, \u0259l i\u015fl\u0259ri, dekorativ \u0259\u015fyalar, qida v\u0259 tekstil m\u0259hsullar\u0131 v\u0259 s. s\u0259rgil\u0259nir. G\u0259l\u0259n il 17 yanvara kimi davam&hellip;<\/p>\n","protected":false},"author":2,"featured_media":549953,"comment_status":"closed","ping_status":"closed","sticky":false,"template":"","format":"standard","meta":{"om_disable_all_campaigns":false,"_monsterinsights_skip_tracking":false,"_monsterinsights_sitenote_active":false,"_monsterinsights_sitenote_note":"","_monsterinsights_sitenote_category":0},"categories":[19],"tags":[],"aioseo_notices":[],"gutentor_comment":0,"rttpg_featured_image_url":{"full":["https:\/\/arantv.az\/wp-content\/uploads\/2022\/12\/FotoJet-2022-12-26T201542.398.jpg",620,413,false],"landscape":["https:\/\/arantv.az\/wp-content\/uploads\/2022\/12\/FotoJet-2022-12-26T201542.398.jpg",620,413,false],"portraits":["https:\/\/arantv.az\/wp-content\/uploads\/2022\/12\/FotoJet-2022-12-26T201542.398.jpg",620,413,false],"thumbnail":["https:\/\/arantv.az\/wp-content\/uploads\/2022\/12\/FotoJet-2022-12-26T201542.398-500x280.jpg",500,280,true],"medium":["https:\/\/arantv.az\/wp-content\/uploads\/2022\/12\/FotoJet-2022-12-26T201542.398-548x365.jpg",548,365,true],"large":["https:\/\/arantv.az\/wp-content\/uploads\/2022\/12\/FotoJet-2022-12-26T201542.398.jpg",620,413,false],"1536x1536":["https:\/\/arantv.az\/wp-content\/uploads\/2022\/12\/FotoJet-2022-12-26T201542.398.jpg",620,413,false],"2048x2048":["https:\/\/arantv.az\/wp-content\/uploads\/2022\/12\/FotoJet-2022-12-26T201542.398.jpg",620,413,false],"post-thumbnail":["https:\/\/arantv.az\/wp-content\/uploads\/2022\/12\/FotoJet-2022-12-26T201542.398-240x172.jpg",240,172,true],"advps-thumb-one":["https:\/\/arantv.az\/wp-content\/uploads\/2022\/12\/FotoJet-2022-12-26T201542.398.jpg",620,413,false]},"rttpg_author":{"display_name":"V\u00fcsal Rafiqo\u011flu","author_link":"https:\/\/arantv.az\/?author=2"},"rttpg_comment":0,"rttpg_category":"<a href=\"https:\/\/arantv.az\/?cat=19\" rel=\"category\">G\u00fcnd\u0259m<\/a>","rttpg_excerpt":"\u0130\u00e7\u0259ri\u015f\u0259h\u0259rd\u0259 qad\u0131n sahibkarlar\u0131 v\u0259 h\u0259ssas kateqoriyaya aid sahibkar v\u0259 s\u0259n\u0259tkarlar\u0131 \u00f6z\u00fcnd\u0259 birl\u0259\u015fdir\u0259n ictimai birlikl\u0259rin haz\u0131rlad\u0131qlar\u0131 m\u0259hsullar\u0131n n\u00fcmayi\u015f etdirildiyi \u201cSehrli qala\u201d yarmarkas\u0131 start g\u00f6t\u00fcr\u00fcb. Bu bar\u0259d\u0259 \u0130qtisadiyyat Nazirliyi yan\u0131nda Ki\u00e7ik v\u0259 Orta Biznesin \u0130nki\u015faf\u0131 Agentliyi\u00a0(KOB\u0130A) m\u0259lumat yay\u0131b. M\u0259lumata g\u00f6r\u0259, KOB\u0130A v\u0259 \u201c\u0130\u00e7\u0259ri\u015f\u0259h\u0259r\u201d D\u00f6vl\u0259t Tarix-Memarl\u0131q Qoru\u011fu \u0130dar\u0259sinin t\u0259r\u0259fda\u015fl\u0131\u011f\u0131, Ki\u00e7ik v\u0259 Orta Biznes Subyektl\u0259ri v\u0259 Klublar\u0131n\u0131n Assosiasiyas\u0131n\u0131n t\u0259\u015fkilat\u00e7\u0131l\u0131\u011f\u0131&hellip;","_links":{"self":[{"href":"https:\/\/arantv.az\/index.php?rest_route=\/wp\/v2\/posts\/549952"}],"collection":[{"href":"https:\/\/arantv.az\/index.php?rest_route=\/wp\/v2\/posts"}],"about":[{"href":"https:\/\/arantv.az\/index.php?rest_route=\/wp\/v2\/types\/post"}],"author":[{"embeddable":true,"href":"https:\/\/arantv.az\/index.php?rest_route=\/wp\/v2\/users\/2"}],"replies":[{"embeddable":true,"href":"https:\/\/arantv.az\/index.php?rest_route=%2Fwp%2Fv2%2Fcomments&post=549952"}],"version-history":[{"count":0,"href":"https:\/\/arantv.az\/index.php?rest_route=\/wp\/v2\/posts\/549952\/revisions"}],"wp:featuredmedia":[{"embeddable":true,"href":"https:\/\/arantv.az\/index.php?rest_route=\/wp\/v2\/media\/549953"}],"wp:attachment":[{"href":"https:\/\/arantv.az\/index.php?rest_route=%2Fwp%2Fv2%2Fmedia&parent=549952"}],"wp:term":[{"taxonomy":"category","embeddable":true,"href":"https:\/\/arantv.az\/index.php?rest_route=%2Fwp%2Fv2%2Fcategories&post=549952"},{"taxonomy":"post_tag","embeddable":true,"href":"https:\/\/arantv.az\/index.php?rest_route=%2Fwp%2Fv2%2Ftags&post=549952"}],"curies":[{"name":"wp","href":"https:\/\/api.w.org\/{rel}","templated":true}]}}