{"id":549955,"date":"2022-12-26T19:44:20","date_gmt":"2022-12-26T16:44:20","guid":{"rendered":"https:\/\/arantv.az\/?p=549955"},"modified":"2022-12-26T19:44:20","modified_gmt":"2022-12-26T16:44:20","slug":"fransa-s%c9%99firi-turkiy%c9%99-xarici-isl%c9%99r-nazirliyin%c9%99-cagirildi","status":"publish","type":"post","link":"https:\/\/arantv.az\/?p=549955","title":{"rendered":"Fransa s\u0259firi T\u00fcrkiy\u0259 Xarici \u0130\u015fl\u0259r Nazirliyin\u0259 \u00e7a\u011f\u0131r\u0131ld\u0131"},"content":{"rendered":"<p>Fransan\u0131n Ankaradak\u0131 s\u0259firi Herve Maqro T\u00fcrkiy\u0259 Xarici \u0130\u015fl\u0259r Nazirliyin\u0259 \u00e7a\u011f\u0131r\u0131l\u0131b.<\/p>\n<div class=\"AdviadNativeVideo\"><\/div>\n<p>Bu bar\u0259d\u0259 diplomatik m\u0259nb\u0259l\u0259rd\u0259n m\u0259lumat verilib.<\/p>\n<p>Bildirilb ki, Fransada T\u00fcrkiy\u0259y\u0259 qar\u015f\u0131 yeni qarayaxma kampaniyas\u0131na ba\u015flan\u0131l\u0131b.<\/p>\n<p>Bununla ba\u011fl\u0131 nazirlik s\u0259fir\u0259 T\u00fcrkiy\u0259 t\u0259r\u0259finin narahatl\u0131\u011f\u0131n\u0131 \u00e7atd\u0131r\u0131b.<\/p>\n<p>M\u0259nb\u0259: Haber Global<\/p>\n","protected":false},"excerpt":{"rendered":"<p>Fransan\u0131n Ankaradak\u0131 s\u0259firi Herve Maqro T\u00fcrkiy\u0259 Xarici \u0130\u015fl\u0259r Nazirliyin\u0259 \u00e7a\u011f\u0131r\u0131l\u0131b. Bu bar\u0259d\u0259 diplomatik m\u0259nb\u0259l\u0259rd\u0259n m\u0259lumat verilib. Bildirilb ki, Fransada T\u00fcrkiy\u0259y\u0259 qar\u015f\u0131 yeni qarayaxma kampaniyas\u0131na ba\u015flan\u0131l\u0131b. Bununla ba\u011fl\u0131 nazirlik s\u0259fir\u0259 T\u00fcrkiy\u0259 t\u0259r\u0259finin narahatl\u0131\u011f\u0131n\u0131 \u00e7atd\u0131r\u0131b. M\u0259nb\u0259: Haber Global<\/p>\n","protected":false},"author":2,"featured_media":549956,"comment_status":"closed","ping_status":"closed","sticky":false,"template":"","format":"standard","meta":{"om_disable_all_campaigns":false,"_monsterinsights_skip_tracking":false,"_monsterinsights_sitenote_active":false,"_monsterinsights_sitenote_note":"","_monsterinsights_sitenote_category":0},"categories":[4],"tags":[],"aioseo_notices":[],"gutentor_comment":0,"rttpg_featured_image_url":{"full":["https:\/\/arantv.az\/wp-content\/uploads\/2022\/12\/tKEBJMv0LMc.jpg",620,413,false],"landscape":["https:\/\/arantv.az\/wp-content\/uploads\/2022\/12\/tKEBJMv0LMc.jpg",620,413,false],"portraits":["https:\/\/arantv.az\/wp-content\/uploads\/2022\/12\/tKEBJMv0LMc.jpg",620,413,false],"thumbnail":["https:\/\/arantv.az\/wp-content\/uploads\/2022\/12\/tKEBJMv0LMc-500x280.jpg",500,280,true],"medium":["https:\/\/arantv.az\/wp-content\/uploads\/2022\/12\/tKEBJMv0LMc-548x365.jpg",548,365,true],"large":["https:\/\/arantv.az\/wp-content\/uploads\/2022\/12\/tKEBJMv0LMc.jpg",620,413,false],"1536x1536":["https:\/\/arantv.az\/wp-content\/uploads\/2022\/12\/tKEBJMv0LMc.jpg",620,413,false],"2048x2048":["https:\/\/arantv.az\/wp-content\/uploads\/2022\/12\/tKEBJMv0LMc.jpg",620,413,false],"post-thumbnail":["https:\/\/arantv.az\/wp-content\/uploads\/2022\/12\/tKEBJMv0LMc-240x172.jpg",240,172,true],"advps-thumb-one":["https:\/\/arantv.az\/wp-content\/uploads\/2022\/12\/tKEBJMv0LMc.jpg",620,413,false]},"rttpg_author":{"display_name":"V\u00fcsal Rafiqo\u011flu","author_link":"https:\/\/arantv.az\/?author=2"},"rttpg_comment":0,"rttpg_category":"<a href=\"https:\/\/arantv.az\/?cat=4\" rel=\"category\">Siyas\u0259t<\/a>","rttpg_excerpt":"Fransan\u0131n Ankaradak\u0131 s\u0259firi Herve Maqro T\u00fcrkiy\u0259 Xarici \u0130\u015fl\u0259r Nazirliyin\u0259 \u00e7a\u011f\u0131r\u0131l\u0131b. Bu bar\u0259d\u0259 diplomatik m\u0259nb\u0259l\u0259rd\u0259n m\u0259lumat verilib. Bildirilb ki, Fransada T\u00fcrkiy\u0259y\u0259 qar\u015f\u0131 yeni qarayaxma kampaniyas\u0131na ba\u015flan\u0131l\u0131b. Bununla ba\u011fl\u0131 nazirlik s\u0259fir\u0259 T\u00fcrkiy\u0259 t\u0259r\u0259finin narahatl\u0131\u011f\u0131n\u0131 \u00e7atd\u0131r\u0131b. M\u0259nb\u0259: Haber Global","_links":{"self":[{"href":"https:\/\/arantv.az\/index.php?rest_route=\/wp\/v2\/posts\/549955"}],"collection":[{"href":"https:\/\/arantv.az\/index.php?rest_route=\/wp\/v2\/posts"}],"about":[{"href":"https:\/\/arantv.az\/index.php?rest_route=\/wp\/v2\/types\/post"}],"author":[{"embeddable":true,"href":"https:\/\/arantv.az\/index.php?rest_route=\/wp\/v2\/users\/2"}],"replies":[{"embeddable":true,"href":"https:\/\/arantv.az\/index.php?rest_route=%2Fwp%2Fv2%2Fcomments&post=549955"}],"version-history":[{"count":0,"href":"https:\/\/arantv.az\/index.php?rest_route=\/wp\/v2\/posts\/549955\/revisions"}],"wp:featuredmedia":[{"embeddable":true,"href":"https:\/\/arantv.az\/index.php?rest_route=\/wp\/v2\/media\/549956"}],"wp:attachment":[{"href":"https:\/\/arantv.az\/index.php?rest_route=%2Fwp%2Fv2%2Fmedia&parent=549955"}],"wp:term":[{"taxonomy":"category","embeddable":true,"href":"https:\/\/arantv.az\/index.php?rest_route=%2Fwp%2Fv2%2Fcategories&post=549955"},{"taxonomy":"post_tag","embeddable":true,"href":"https:\/\/arantv.az\/index.php?rest_route=%2Fwp%2Fv2%2Ftags&post=549955"}],"curies":[{"name":"wp","href":"https:\/\/api.w.org\/{rel}","templated":true}]}}