{"id":549958,"date":"2022-12-26T19:45:22","date_gmt":"2022-12-26T16:45:22","guid":{"rendered":"https:\/\/arantv.az\/?p=549958"},"modified":"2022-12-26T19:45:22","modified_gmt":"2022-12-26T16:45:22","slug":"peskov-rusiya-erm%c9%99nistan-v%c9%99-az%c9%99rbaycan-liderl%c9%99ri-mdb-sammiti-c%c9%99rciv%c9%99sind%c9%99-sohb%c9%99tl%c9%99s%c9%99-bil%c9%99rl%c9%99r","status":"publish","type":"post","link":"https:\/\/arantv.az\/?p=549958","title":{"rendered":"Peskov: \u201cRusiya, Erm\u0259nistan v\u0259 Az\u0259rbaycan liderl\u0259ri MDB sammiti \u00e7\u0259r\u00e7iv\u0259sind\u0259 s\u00f6hb\u0259tl\u0259\u015f\u0259 bil\u0259rl\u0259r\u201d"},"content":{"rendered":"<p>Rusiya, Az\u0259rbaycan v\u0259 Erm\u0259nistan liderl\u0259ri Sankt-Peterburqda MDB-nin qeyri-r\u0259smi sammiti \u00e7\u0259r\u00e7iv\u0259sind\u0259 bir-biri il\u0259 s\u00f6hb\u0259tl\u0259\u015f\u0259 bil\u0259rl\u0259r.<\/p>\n<div class=\"AdviadNativeVideo\"><\/div>\n<p>Bu bar\u0259d\u0259 bazar ert\u0259si Rusiya d\u00f6vl\u0259t ba\u015f\u00e7\u0131s\u0131n\u0131n m\u0259tbuat katibi Dmitri Peskov \u201cBirinci Kanal\u201d\u0131n efirind\u0259 bildirib.<\/p>\n<p>O qeyd edib ki, dekabr\u0131n 26-27-d\u0259 Sankt-Peterburqda ke\u00e7iril\u0259n sammitd\u0259 Rusiya Prezidenti Vladimir Putin, Az\u0259rbaycan Prezidenti\u00a0<strong>\u0130lham \u018fliyev<\/strong>, Erm\u0259nistan\u0131n ba\u015f naziri Nikol Pa\u015finyan i\u015ftirak edir.<\/p>\n<p>\u201cFormal olaraq biz \u00fc\u00e7t\u0259r\u0259fli g\u00f6r\u00fc\u015f t\u0259yin etm\u0259mi\u015fik, lakin kuluarlarda onlar\u0131n bir-biri il\u0259 dan\u0131\u015fmaq imkan\u0131 olacaq\u201d, &#8211; Kreml s\u00f6z\u00e7\u00fcs\u00fc bildirib.<\/p>\n","protected":false},"excerpt":{"rendered":"<p>Rusiya, Az\u0259rbaycan v\u0259 Erm\u0259nistan liderl\u0259ri Sankt-Peterburqda MDB-nin qeyri-r\u0259smi sammiti \u00e7\u0259r\u00e7iv\u0259sind\u0259 bir-biri il\u0259 s\u00f6hb\u0259tl\u0259\u015f\u0259 bil\u0259rl\u0259r. Bu bar\u0259d\u0259 bazar ert\u0259si Rusiya d\u00f6vl\u0259t ba\u015f\u00e7\u0131s\u0131n\u0131n m\u0259tbuat katibi Dmitri Peskov \u201cBirinci Kanal\u201d\u0131n efirind\u0259 bildirib. O qeyd edib ki, dekabr\u0131n 26-27-d\u0259 Sankt-Peterburqda ke\u00e7iril\u0259n sammitd\u0259 Rusiya Prezidenti Vladimir Putin, Az\u0259rbaycan Prezidenti\u00a0\u0130lham \u018fliyev, Erm\u0259nistan\u0131n ba\u015f naziri Nikol Pa\u015finyan i\u015ftirak edir. \u201cFormal olaraq biz \u00fc\u00e7t\u0259r\u0259fli g\u00f6r\u00fc\u015f t\u0259yin etm\u0259mi\u015fik, lakin kuluarlarda onlar\u0131n bir-biri il\u0259 dan\u0131\u015fmaq imkan\u0131 olacaq\u201d, &#8211; Kreml s\u00f6z\u00e7\u00fcs\u00fc bildirib.<\/p>\n","protected":false},"author":2,"featured_media":549959,"comment_status":"closed","ping_status":"closed","sticky":false,"template":"","format":"standard","meta":{"om_disable_all_campaigns":false,"_monsterinsights_skip_tracking":false,"_monsterinsights_sitenote_active":false,"_monsterinsights_sitenote_note":"","_monsterinsights_sitenote_category":0},"categories":[4],"tags":[],"aioseo_notices":[],"gutentor_comment":0,"rttpg_featured_image_url":{"full":["https:\/\/arantv.az\/wp-content\/uploads\/2022\/12\/original.jpg",620,413,false],"landscape":["https:\/\/arantv.az\/wp-content\/uploads\/2022\/12\/original.jpg",620,413,false],"portraits":["https:\/\/arantv.az\/wp-content\/uploads\/2022\/12\/original.jpg",620,413,false],"thumbnail":["https:\/\/arantv.az\/wp-content\/uploads\/2022\/12\/original-500x280.jpg",500,280,true],"medium":["https:\/\/arantv.az\/wp-content\/uploads\/2022\/12\/original-548x365.jpg",548,365,true],"large":["https:\/\/arantv.az\/wp-content\/uploads\/2022\/12\/original.jpg",620,413,false],"1536x1536":["https:\/\/arantv.az\/wp-content\/uploads\/2022\/12\/original.jpg",620,413,false],"2048x2048":["https:\/\/arantv.az\/wp-content\/uploads\/2022\/12\/original.jpg",620,413,false],"post-thumbnail":["https:\/\/arantv.az\/wp-content\/uploads\/2022\/12\/original-240x172.jpg",240,172,true],"advps-thumb-one":["https:\/\/arantv.az\/wp-content\/uploads\/2022\/12\/original.jpg",620,413,false]},"rttpg_author":{"display_name":"V\u00fcsal Rafiqo\u011flu","author_link":"https:\/\/arantv.az\/?author=2"},"rttpg_comment":0,"rttpg_category":"<a href=\"https:\/\/arantv.az\/?cat=4\" rel=\"category\">Siyas\u0259t<\/a>","rttpg_excerpt":"Rusiya, Az\u0259rbaycan v\u0259 Erm\u0259nistan liderl\u0259ri Sankt-Peterburqda MDB-nin qeyri-r\u0259smi sammiti \u00e7\u0259r\u00e7iv\u0259sind\u0259 bir-biri il\u0259 s\u00f6hb\u0259tl\u0259\u015f\u0259 bil\u0259rl\u0259r. Bu bar\u0259d\u0259 bazar ert\u0259si Rusiya d\u00f6vl\u0259t ba\u015f\u00e7\u0131s\u0131n\u0131n m\u0259tbuat katibi Dmitri Peskov \u201cBirinci Kanal\u201d\u0131n efirind\u0259 bildirib. O qeyd edib ki, dekabr\u0131n 26-27-d\u0259 Sankt-Peterburqda ke\u00e7iril\u0259n sammitd\u0259 Rusiya Prezidenti Vladimir Putin, Az\u0259rbaycan Prezidenti\u00a0\u0130lham \u018fliyev, Erm\u0259nistan\u0131n ba\u015f naziri Nikol Pa\u015finyan i\u015ftirak edir. \u201cFormal olaraq biz&hellip;","_links":{"self":[{"href":"https:\/\/arantv.az\/index.php?rest_route=\/wp\/v2\/posts\/549958"}],"collection":[{"href":"https:\/\/arantv.az\/index.php?rest_route=\/wp\/v2\/posts"}],"about":[{"href":"https:\/\/arantv.az\/index.php?rest_route=\/wp\/v2\/types\/post"}],"author":[{"embeddable":true,"href":"https:\/\/arantv.az\/index.php?rest_route=\/wp\/v2\/users\/2"}],"replies":[{"embeddable":true,"href":"https:\/\/arantv.az\/index.php?rest_route=%2Fwp%2Fv2%2Fcomments&post=549958"}],"version-history":[{"count":0,"href":"https:\/\/arantv.az\/index.php?rest_route=\/wp\/v2\/posts\/549958\/revisions"}],"wp:featuredmedia":[{"embeddable":true,"href":"https:\/\/arantv.az\/index.php?rest_route=\/wp\/v2\/media\/549959"}],"wp:attachment":[{"href":"https:\/\/arantv.az\/index.php?rest_route=%2Fwp%2Fv2%2Fmedia&parent=549958"}],"wp:term":[{"taxonomy":"category","embeddable":true,"href":"https:\/\/arantv.az\/index.php?rest_route=%2Fwp%2Fv2%2Fcategories&post=549958"},{"taxonomy":"post_tag","embeddable":true,"href":"https:\/\/arantv.az\/index.php?rest_route=%2Fwp%2Fv2%2Ftags&post=549958"}],"curies":[{"name":"wp","href":"https:\/\/api.w.org\/{rel}","templated":true}]}}