{"id":549962,"date":"2022-12-26T19:47:13","date_gmt":"2022-12-26T16:47:13","guid":{"rendered":"https:\/\/arantv.az\/?p=549962"},"modified":"2022-12-26T19:47:13","modified_gmt":"2022-12-26T16:47:13","slug":"isxak-hersoq-biz-az%c9%99rbaycan-s%c9%99firliyinin-acilmasini-v%c9%99-israil%c9%99-s%c9%99f%c9%99rinizi-s%c9%99birsizlikl%c9%99-gozl%c9%99yirik","status":"publish","type":"post","link":"https:\/\/arantv.az\/?p=549962","title":{"rendered":"\u0130sxak Hersoq: \u201cBiz Az\u0259rbaycan s\u0259firliyinin a\u00e7\u0131lmas\u0131n\u0131 v\u0259 \u0130srail\u0259 s\u0259f\u0259rinizi s\u0259birsizlikl\u0259 g\u00f6zl\u0259yirik\u201d"},"content":{"rendered":"<p>\u201cBiz Az\u0259rbaycan s\u0259firliyinin a\u00e7\u0131lmas\u0131n\u0131 v\u0259 \u0130srail\u0259 s\u0259f\u0259rinizi s\u0259birsizlikl\u0259 g\u00f6zl\u0259yirik\u201d.<\/p>\n<p><a href=\"https:\/\/azertag.az\/xeber\/Israil_Dovletinin_Prezidenti_Isxak_Hersoqdan-2425847\" target=\"_blank\" rel=\"noopener\">AZ\u018fRTAC<\/a>\u00a0x\u0259b\u0259r verir ki, bu fikir \u0130srail D\u00f6vl\u0259tinin Prezidenti \u0130sxak Hersoqun Az\u0259rbaycan Respublikas\u0131n\u0131n Prezidenti\u00a0<strong>\u0130lham \u018fliyev<\/strong>\u0259 \u00fcnvanlad\u0131\u011f\u0131 t\u0259brik m\u0259ktubunda yer al\u0131b.<\/p>\n<div class=\"AdviadNativeVideo\"><\/div>\n<p>M\u0259tnd\u0259 deyilir:<\/p>\n<p>\u201cH\u00f6rm\u0259tli Prezident \u018fliyev.<\/p>\n<p>Do\u011fum g\u00fcn\u00fcn\u00fcz m\u00fcnasib\u0259til\u0259 Zati-aliniz\u0259 \u0259n s\u0259mimi t\u0259brikl\u0259rimi \u00e7atd\u0131r\u0131r v\u0259 qar\u015f\u0131dan g\u0259l\u0259n ild\u0259 Siz\u0259 xo\u015fb\u0259xtlik v\u0259 cansa\u011fl\u0131\u011f\u0131 arzulay\u0131ram.<\/p>\n<p>Bu f\u00fcrs\u0259td\u0259n istifad\u0259 ed\u0259r\u0259k, Az\u0259rbaycan\u0131n ill\u0259r boyu qoruyub saxlad\u0131\u011f\u0131 ad\u0259t-\u0259n\u0259n\u0259 v\u0259 d\u0259y\u0259rl\u0259r\u0259 heyran oldu\u011fumu bildirm\u0259k ist\u0259yir\u0259m. Az\u0259rbaycan m\u00fcs\u0259lman d\u00fcnyas\u0131nda yaranan ilk demokratik respublikad\u0131r v\u0259 m\u00f6ht\u0259\u015f\u0259m \u00f6lk\u0259niz regional liderdir.<\/p>\n<p>Az\u0259rbaycanda m\u00fcxt\u0259lif dinl\u0259r\u0259 v\u0259 m\u0259d\u0259niyy\u0259tl\u0259r\u0259 m\u0259nsub olan v\u0259t\u0259nda\u015flar\u0131n harmoniya v\u0259 qar\u015f\u0131l\u0131ql\u0131 h\u00f6rm\u0259t \u015f\u0259raitind\u0259 birg\u0259ya\u015fay\u0131\u015f\u0131 m\u0259ni x\u00fcsusil\u0259 heyran edir. \u00d6lk\u0259niz b\u00fct\u00fcn dinl\u0259rin n\u00fcmay\u0259nd\u0259l\u0259rinin s\u00fclh v\u0259 \u0259m\u0259kda\u015fl\u0131q \u015f\u0259raitind\u0259 birg\u0259 ya\u015famas\u0131n\u0131n d\u00fcnyaya parlaq n\u00fcmun\u0259sidir. Novruz, Hanuka, Milad v\u0259 Yeni \u0130l bayramlar\u0131n\u0131n qeyd olunmas\u0131 bu inkl\u00fczivliy\u0259 v\u0259 anla\u015fmaya sadiqliyin s\u00fcbutudur.<\/p>\n<p>M\u0259n, h\u0259m\u00e7inin Zati-aliniz v\u0259 h\u00f6kum\u0259tiniz t\u0259r\u0259find\u0259n Az\u0259rbaycandak\u0131 y\u0259hudi icmas\u0131na g\u00f6st\u0259ril\u0259n d\u0259st\u0259y\u0259 g\u00f6r\u0259 minn\u0259tdarl\u0131\u011f\u0131m\u0131 bildirm\u0259k ist\u0259yir\u0259m. Siz \u0130srail D\u00f6vl\u0259tinin v\u0259 y\u0259hudi xalq\u0131n\u0131n dostusunuz, biz Az\u0259rbaycan\u0131n s\u0259firliyinin a\u00e7\u0131lmas\u0131n\u0131 v\u0259 \u0130srail\u0259 s\u0259f\u0259rinizi s\u0259mimi m\u00fcnasib\u0259tl\u0259rimizin daha da m\u00f6hk\u0259ml\u0259nm\u0259si bax\u0131m\u0131ndan s\u0259birsizlikl\u0259 g\u00f6zl\u0259yirik.<\/p>\n<p>Zati-alil\u0259ri, bu il do\u011fum g\u00fcn\u00fcn\u00fcz\u00fcn nur v\u0259 firavanl\u0131q r\u0259mzi olan Hanuka bayram\u0131 g\u00fcnl\u0259rin\u0259 t\u0259sad\u00fcf etm\u0259si x\u00fcsusil\u0259 \u0259lam\u0259tdard\u0131r. Bu m\u00fcnasib\u0259tl\u0259 bir daha s\u0259mimi t\u0259brikl\u0259rimi v\u0259 qar\u015f\u0131dan g\u0259l\u0259n ild\u0259 xo\u015fb\u0259xtlik v\u0259 cansa\u011fl\u0131\u011f\u0131 dil\u0259kl\u0259rimi q\u0259bul etm\u0259yinizi xahi\u015f edir\u0259m\u201d.<\/p>\n","protected":false},"excerpt":{"rendered":"<p>\u201cBiz Az\u0259rbaycan s\u0259firliyinin a\u00e7\u0131lmas\u0131n\u0131 v\u0259 \u0130srail\u0259 s\u0259f\u0259rinizi s\u0259birsizlikl\u0259 g\u00f6zl\u0259yirik\u201d. AZ\u018fRTAC\u00a0x\u0259b\u0259r verir ki, bu fikir \u0130srail D\u00f6vl\u0259tinin Prezidenti \u0130sxak Hersoqun Az\u0259rbaycan Respublikas\u0131n\u0131n Prezidenti\u00a0\u0130lham \u018fliyev\u0259 \u00fcnvanlad\u0131\u011f\u0131 t\u0259brik m\u0259ktubunda yer al\u0131b. M\u0259tnd\u0259 deyilir: \u201cH\u00f6rm\u0259tli Prezident \u018fliyev. Do\u011fum g\u00fcn\u00fcn\u00fcz m\u00fcnasib\u0259til\u0259 Zati-aliniz\u0259 \u0259n s\u0259mimi t\u0259brikl\u0259rimi \u00e7atd\u0131r\u0131r v\u0259 qar\u015f\u0131dan g\u0259l\u0259n ild\u0259 Siz\u0259 xo\u015fb\u0259xtlik v\u0259 cansa\u011fl\u0131\u011f\u0131 arzulay\u0131ram. Bu f\u00fcrs\u0259td\u0259n istifad\u0259 ed\u0259r\u0259k, Az\u0259rbaycan\u0131n ill\u0259r boyu qoruyub saxlad\u0131\u011f\u0131 ad\u0259t-\u0259n\u0259n\u0259 v\u0259 d\u0259y\u0259rl\u0259r\u0259 heyran oldu\u011fumu bildirm\u0259k ist\u0259yir\u0259m. Az\u0259rbaycan m\u00fcs\u0259lman d\u00fcnyas\u0131nda yaranan ilk demokratik respublikad\u0131r v\u0259 m\u00f6ht\u0259\u015f\u0259m \u00f6lk\u0259niz regional liderdir. Az\u0259rbaycanda m\u00fcxt\u0259lif dinl\u0259r\u0259 v\u0259 m\u0259d\u0259niyy\u0259tl\u0259r\u0259 m\u0259nsub olan v\u0259t\u0259nda\u015flar\u0131n harmoniya v\u0259 qar\u015f\u0131l\u0131ql\u0131 h\u00f6rm\u0259t&hellip;<\/p>\n","protected":false},"author":2,"featured_media":549963,"comment_status":"closed","ping_status":"closed","sticky":false,"template":"","format":"standard","meta":{"om_disable_all_campaigns":false,"_monsterinsights_skip_tracking":false,"_monsterinsights_sitenote_active":false,"_monsterinsights_sitenote_note":"","_monsterinsights_sitenote_category":0},"categories":[4],"tags":[],"aioseo_notices":[],"gutentor_comment":0,"rttpg_featured_image_url":{"full":["https:\/\/arantv.az\/wp-content\/uploads\/2022\/12\/FotoJet-2022-12-26T191333.093.jpg",620,413,false],"landscape":["https:\/\/arantv.az\/wp-content\/uploads\/2022\/12\/FotoJet-2022-12-26T191333.093.jpg",620,413,false],"portraits":["https:\/\/arantv.az\/wp-content\/uploads\/2022\/12\/FotoJet-2022-12-26T191333.093.jpg",620,413,false],"thumbnail":["https:\/\/arantv.az\/wp-content\/uploads\/2022\/12\/FotoJet-2022-12-26T191333.093-500x280.jpg",500,280,true],"medium":["https:\/\/arantv.az\/wp-content\/uploads\/2022\/12\/FotoJet-2022-12-26T191333.093-548x365.jpg",548,365,true],"large":["https:\/\/arantv.az\/wp-content\/uploads\/2022\/12\/FotoJet-2022-12-26T191333.093.jpg",620,413,false],"1536x1536":["https:\/\/arantv.az\/wp-content\/uploads\/2022\/12\/FotoJet-2022-12-26T191333.093.jpg",620,413,false],"2048x2048":["https:\/\/arantv.az\/wp-content\/uploads\/2022\/12\/FotoJet-2022-12-26T191333.093.jpg",620,413,false],"post-thumbnail":["https:\/\/arantv.az\/wp-content\/uploads\/2022\/12\/FotoJet-2022-12-26T191333.093-240x172.jpg",240,172,true],"advps-thumb-one":["https:\/\/arantv.az\/wp-content\/uploads\/2022\/12\/FotoJet-2022-12-26T191333.093.jpg",620,413,false]},"rttpg_author":{"display_name":"V\u00fcsal Rafiqo\u011flu","author_link":"https:\/\/arantv.az\/?author=2"},"rttpg_comment":0,"rttpg_category":"<a href=\"https:\/\/arantv.az\/?cat=4\" rel=\"category\">Siyas\u0259t<\/a>","rttpg_excerpt":"\u201cBiz Az\u0259rbaycan s\u0259firliyinin a\u00e7\u0131lmas\u0131n\u0131 v\u0259 \u0130srail\u0259 s\u0259f\u0259rinizi s\u0259birsizlikl\u0259 g\u00f6zl\u0259yirik\u201d. AZ\u018fRTAC\u00a0x\u0259b\u0259r verir ki, bu fikir \u0130srail D\u00f6vl\u0259tinin Prezidenti \u0130sxak Hersoqun Az\u0259rbaycan Respublikas\u0131n\u0131n Prezidenti\u00a0\u0130lham \u018fliyev\u0259 \u00fcnvanlad\u0131\u011f\u0131 t\u0259brik m\u0259ktubunda yer al\u0131b. M\u0259tnd\u0259 deyilir: \u201cH\u00f6rm\u0259tli Prezident \u018fliyev. Do\u011fum g\u00fcn\u00fcn\u00fcz m\u00fcnasib\u0259til\u0259 Zati-aliniz\u0259 \u0259n s\u0259mimi t\u0259brikl\u0259rimi \u00e7atd\u0131r\u0131r v\u0259 qar\u015f\u0131dan g\u0259l\u0259n ild\u0259 Siz\u0259 xo\u015fb\u0259xtlik v\u0259 cansa\u011fl\u0131\u011f\u0131 arzulay\u0131ram. Bu f\u00fcrs\u0259td\u0259n istifad\u0259 ed\u0259r\u0259k, Az\u0259rbaycan\u0131n&hellip;","_links":{"self":[{"href":"https:\/\/arantv.az\/index.php?rest_route=\/wp\/v2\/posts\/549962"}],"collection":[{"href":"https:\/\/arantv.az\/index.php?rest_route=\/wp\/v2\/posts"}],"about":[{"href":"https:\/\/arantv.az\/index.php?rest_route=\/wp\/v2\/types\/post"}],"author":[{"embeddable":true,"href":"https:\/\/arantv.az\/index.php?rest_route=\/wp\/v2\/users\/2"}],"replies":[{"embeddable":true,"href":"https:\/\/arantv.az\/index.php?rest_route=%2Fwp%2Fv2%2Fcomments&post=549962"}],"version-history":[{"count":0,"href":"https:\/\/arantv.az\/index.php?rest_route=\/wp\/v2\/posts\/549962\/revisions"}],"wp:featuredmedia":[{"embeddable":true,"href":"https:\/\/arantv.az\/index.php?rest_route=\/wp\/v2\/media\/549963"}],"wp:attachment":[{"href":"https:\/\/arantv.az\/index.php?rest_route=%2Fwp%2Fv2%2Fmedia&parent=549962"}],"wp:term":[{"taxonomy":"category","embeddable":true,"href":"https:\/\/arantv.az\/index.php?rest_route=%2Fwp%2Fv2%2Fcategories&post=549962"},{"taxonomy":"post_tag","embeddable":true,"href":"https:\/\/arantv.az\/index.php?rest_route=%2Fwp%2Fv2%2Ftags&post=549962"}],"curies":[{"name":"wp","href":"https:\/\/api.w.org\/{rel}","templated":true}]}}