{"id":549965,"date":"2022-12-26T19:48:05","date_gmt":"2022-12-26T16:48:05","guid":{"rendered":"https:\/\/arantv.az\/?p=549965"},"modified":"2022-12-26T19:48:05","modified_gmt":"2022-12-26T16:48:05","slug":"mohurl%c9%99ri-yer%c9%99-atib-soym%c9%99y%c9%99-basladi-m%c9%99scidd%c9%99-bas-ver%c9%99n-insidentl%c9%99-bagli-r%c9%99smi-aciqlama-yenil%c9%99nib","status":"publish","type":"post","link":"https:\/\/arantv.az\/?p=549965","title":{"rendered":"\u201cM\u00f6h\u00fcrl\u0259ri yer\u0259 at\u0131b s\u00f6ym\u0259y\u0259 ba\u015flad\u0131\u201d: M\u0259scidd\u0259 ba\u015f ver\u0259n insidentl\u0259 ba\u011fl\u0131 R\u018fSM\u0130 A\u00c7IQLAMA &#8211; YEN\u0130L\u018fN\u0130B"},"content":{"rendered":"<p>G\u00f6y\u00e7ayda\u00a0yerl\u0259\u015f\u0259n m\u0259scidd\u0259 ba\u015f ver\u0259n insidentl\u0259 ba\u011fl\u0131 h\u0259bs olunan var.<\/p>\n<p>Daxili \u0130\u015fl\u0259r Nazirliyinin\u00a0M\u0259tbuat Xidm\u0259tinin \u015e\u0259ki regional qrupunun ba\u015f inspektoru, Mahir M\u0259simov\u00a0Oxu.Az-a bildirib ki, dekabr\u0131n 17-d\u0259 G\u00f6y\u00e7ay \u015f\u0259h\u0259ri \u0259razisind\u0259 yerl\u0259\u015f\u0259n m\u0259scidl\u0259rin birind\u0259 rayon sakini F.M\u0259mm\u0259dyarov ucadan s\u0259s-k\u00fcy sal\u0131b v\u0259 x\u0131rda xuliqanl\u0131q h\u0259r\u0259k\u0259tl\u0259rin\u0259 yol verib.<\/p>\n<div class=\"AdviadNativeVideo\"><\/div>\n<p>Polis \u0259m\u0259kda\u015flar\u0131 t\u0259r\u0259find\u0259n h\u0259min \u015f\u0259xs \u015f\u00f6b\u0259y\u0259 g\u0259tirilib v\u0259 bar\u0259sind\u0259 \u0130nzibati X\u0259talar M\u0259c\u0259ll\u0259sinin m\u00fcvafiq madd\u0259l\u0259ri il\u0259 protokol t\u0259rtib edil\u0259r\u0259k bax\u0131lmas\u0131 \u00fc\u00e7\u00fcn m\u0259hk\u0259m\u0259y\u0259 g\u00f6nd\u0259rilib. M\u0259hk\u0259m\u0259nin d\u0259 q\u0259rar\u0131 il\u0259 o, 25 sutka inzibati h\u0259bs edilib.<\/p>\n<p>F.M\u0259mm\u0259dyarov polis \u015f\u00f6b\u0259sinin m\u00fcv\u0259qq\u0259ti saxlama yerind\u0259 olark\u0259n onun h\u0259r\u0259k\u0259tl\u0259rind\u0259 psixoloji probleml\u0259ri olmas\u0131na dair \u015f\u00fcbh\u0259l\u0259r yarand\u0131\u011f\u0131ndan G\u00f6y\u00e7ay rayon m\u0259rk\u0259zi x\u0259st\u0259xanas\u0131nda h\u0259kim m\u00fcayin\u0259sind\u0259n ke\u00e7irilm\u0259si t\u0259min edilib v\u0259 daha sonra m\u00fcalic\u0259 almas\u0131 \u00fc\u00e7\u00fcn Respublika Psixiatriya X\u0259st\u0259xanas\u0131na g\u00f6nd\u0259rilib.<\/p>\n<p>Haz\u0131rda h\u0259min tibb m\u00fc\u0259ssis\u0259sind\u0259 onun m\u00fcalic\u0259si davam etdirilir.<\/p>\n<p><strong>18:30<\/strong><\/p>\n<p>G\u00f6y\u00e7ay \u015f\u0259h\u0259ri, R\u0259sul Rza k\u00fc\u00e7\u0259sind\u0259 yerl\u0259\u015f\u0259n m\u0259scidd\u0259 insident ba\u015f verib.<\/p>\n<p>\u201cQafqazinfo\u201dnun \u0259ld\u0259 etdiyi m\u0259lumata g\u00f6r\u0259, m\u0259scid\u0259 g\u0259l\u0259n 1974-c\u00fc il t\u0259v\u0259ll\u00fcdl\u00fc Z\u00fclf\u00fcqar \u015e\u0131xbabayev (\u015f\u0259rti ad-soyadl\u0131) m\u0259scidd\u0259ki m\u00f6h\u00fcrl\u0259ri yer\u0259 ataraq s\u00f6y\u00fc\u015f s\u00f6ym\u0259y\u0259, q\u0131\u015fq\u0131raraq s\u0259s-k\u00fcy salma\u011fa ba\u015flay\u0131b. O, saxlan\u0131laraq polis \u015f\u00f6b\u0259sin\u0259 apar\u0131l\u0131b v\u0259 bar\u0259sind\u0259 inzibati protokol t\u0259rtib edil\u0259r\u0259k m\u0259hk\u0259m\u0259y\u0259 g\u00f6nd\u0259rilib.<\/p>\n<p>M\u0259hk\u0259m\u0259d\u0259 Z.\u015e\u0131xbabayev he\u00e7 kimi t\u0259hqir etm\u0259diyini dey\u0259r\u0259k bar\u0259sind\u0259 bildiril\u0259nl\u0259rin \u0259sass\u0131z oldu\u011funu s\u00f6yl\u0259yib.<\/p>\n<p>M\u0259scidin n\u00fcmay\u0259nd\u0259si is\u0259 R\u0259sul Rza k\u00fc\u00e7\u0259sind\u0259 ya\u015fayan h\u0259min \u015f\u0259xsin m\u0259scid\u0259 g\u0259l\u0259r\u0259k oradak\u0131 m\u00f6h\u00fcrl\u0259ri yer\u0259 atd\u0131\u011f\u0131n\u0131 v\u0259 onlar\u0131 s\u00f6y\u0259r\u0259k t\u0259hqir etdiyini bildirib.<\/p>\n<p>G\u00f6y\u00e7ay Rayon M\u0259hk\u0259m\u0259sinin q\u0259rar\u0131 il\u0259 Z.\u015e\u0131xbabayev\u0259 25 sutka inzibati h\u0259bs c\u0259zas\u0131 verilib.<\/p>\n","protected":false},"excerpt":{"rendered":"<p>G\u00f6y\u00e7ayda\u00a0yerl\u0259\u015f\u0259n m\u0259scidd\u0259 ba\u015f ver\u0259n insidentl\u0259 ba\u011fl\u0131 h\u0259bs olunan var. Daxili \u0130\u015fl\u0259r Nazirliyinin\u00a0M\u0259tbuat Xidm\u0259tinin \u015e\u0259ki regional qrupunun ba\u015f inspektoru, Mahir M\u0259simov\u00a0Oxu.Az-a bildirib ki, dekabr\u0131n 17-d\u0259 G\u00f6y\u00e7ay \u015f\u0259h\u0259ri \u0259razisind\u0259 yerl\u0259\u015f\u0259n m\u0259scidl\u0259rin birind\u0259 rayon sakini F.M\u0259mm\u0259dyarov ucadan s\u0259s-k\u00fcy sal\u0131b v\u0259 x\u0131rda xuliqanl\u0131q h\u0259r\u0259k\u0259tl\u0259rin\u0259 yol verib. Polis \u0259m\u0259kda\u015flar\u0131 t\u0259r\u0259find\u0259n h\u0259min \u015f\u0259xs \u015f\u00f6b\u0259y\u0259 g\u0259tirilib v\u0259 bar\u0259sind\u0259 \u0130nzibati X\u0259talar M\u0259c\u0259ll\u0259sinin m\u00fcvafiq madd\u0259l\u0259ri il\u0259 protokol t\u0259rtib edil\u0259r\u0259k bax\u0131lmas\u0131 \u00fc\u00e7\u00fcn m\u0259hk\u0259m\u0259y\u0259 g\u00f6nd\u0259rilib. M\u0259hk\u0259m\u0259nin d\u0259 q\u0259rar\u0131 il\u0259 o, 25 sutka inzibati h\u0259bs edilib. F.M\u0259mm\u0259dyarov polis \u015f\u00f6b\u0259sinin m\u00fcv\u0259qq\u0259ti saxlama yerind\u0259 olark\u0259n onun h\u0259r\u0259k\u0259tl\u0259rind\u0259 psixoloji probleml\u0259ri olmas\u0131na dair \u015f\u00fcbh\u0259l\u0259r yarand\u0131\u011f\u0131ndan G\u00f6y\u00e7ay&hellip;<\/p>\n","protected":false},"author":2,"featured_media":549966,"comment_status":"closed","ping_status":"closed","sticky":false,"template":"","format":"standard","meta":{"om_disable_all_campaigns":false,"_monsterinsights_skip_tracking":false,"_monsterinsights_sitenote_active":false,"_monsterinsights_sitenote_note":"","_monsterinsights_sitenote_category":0},"categories":[1],"tags":[],"aioseo_notices":[],"gutentor_comment":0,"rttpg_featured_image_url":{"full":["https:\/\/arantv.az\/wp-content\/uploads\/2022\/12\/mescidddd.jpg",620,413,false],"landscape":["https:\/\/arantv.az\/wp-content\/uploads\/2022\/12\/mescidddd.jpg",620,413,false],"portraits":["https:\/\/arantv.az\/wp-content\/uploads\/2022\/12\/mescidddd.jpg",620,413,false],"thumbnail":["https:\/\/arantv.az\/wp-content\/uploads\/2022\/12\/mescidddd-500x280.jpg",500,280,true],"medium":["https:\/\/arantv.az\/wp-content\/uploads\/2022\/12\/mescidddd-548x365.jpg",548,365,true],"large":["https:\/\/arantv.az\/wp-content\/uploads\/2022\/12\/mescidddd.jpg",620,413,false],"1536x1536":["https:\/\/arantv.az\/wp-content\/uploads\/2022\/12\/mescidddd.jpg",620,413,false],"2048x2048":["https:\/\/arantv.az\/wp-content\/uploads\/2022\/12\/mescidddd.jpg",620,413,false],"post-thumbnail":["https:\/\/arantv.az\/wp-content\/uploads\/2022\/12\/mescidddd-240x172.jpg",240,172,true],"advps-thumb-one":["https:\/\/arantv.az\/wp-content\/uploads\/2022\/12\/mescidddd.jpg",620,413,false]},"rttpg_author":{"display_name":"V\u00fcsal Rafiqo\u011flu","author_link":"https:\/\/arantv.az\/?author=2"},"rttpg_comment":0,"rttpg_category":"<a href=\"https:\/\/arantv.az\/?cat=1\" rel=\"category\">C\u0259miyy\u0259t<\/a>","rttpg_excerpt":"G\u00f6y\u00e7ayda\u00a0yerl\u0259\u015f\u0259n m\u0259scidd\u0259 ba\u015f ver\u0259n insidentl\u0259 ba\u011fl\u0131 h\u0259bs olunan var. Daxili \u0130\u015fl\u0259r Nazirliyinin\u00a0M\u0259tbuat Xidm\u0259tinin \u015e\u0259ki regional qrupunun ba\u015f inspektoru, Mahir M\u0259simov\u00a0Oxu.Az-a bildirib ki, dekabr\u0131n 17-d\u0259 G\u00f6y\u00e7ay \u015f\u0259h\u0259ri \u0259razisind\u0259 yerl\u0259\u015f\u0259n m\u0259scidl\u0259rin birind\u0259 rayon sakini F.M\u0259mm\u0259dyarov ucadan s\u0259s-k\u00fcy sal\u0131b v\u0259 x\u0131rda xuliqanl\u0131q h\u0259r\u0259k\u0259tl\u0259rin\u0259 yol verib. Polis \u0259m\u0259kda\u015flar\u0131 t\u0259r\u0259find\u0259n h\u0259min \u015f\u0259xs \u015f\u00f6b\u0259y\u0259 g\u0259tirilib v\u0259 bar\u0259sind\u0259 \u0130nzibati X\u0259talar M\u0259c\u0259ll\u0259sinin m\u00fcvafiq&hellip;","_links":{"self":[{"href":"https:\/\/arantv.az\/index.php?rest_route=\/wp\/v2\/posts\/549965"}],"collection":[{"href":"https:\/\/arantv.az\/index.php?rest_route=\/wp\/v2\/posts"}],"about":[{"href":"https:\/\/arantv.az\/index.php?rest_route=\/wp\/v2\/types\/post"}],"author":[{"embeddable":true,"href":"https:\/\/arantv.az\/index.php?rest_route=\/wp\/v2\/users\/2"}],"replies":[{"embeddable":true,"href":"https:\/\/arantv.az\/index.php?rest_route=%2Fwp%2Fv2%2Fcomments&post=549965"}],"version-history":[{"count":0,"href":"https:\/\/arantv.az\/index.php?rest_route=\/wp\/v2\/posts\/549965\/revisions"}],"wp:featuredmedia":[{"embeddable":true,"href":"https:\/\/arantv.az\/index.php?rest_route=\/wp\/v2\/media\/549966"}],"wp:attachment":[{"href":"https:\/\/arantv.az\/index.php?rest_route=%2Fwp%2Fv2%2Fmedia&parent=549965"}],"wp:term":[{"taxonomy":"category","embeddable":true,"href":"https:\/\/arantv.az\/index.php?rest_route=%2Fwp%2Fv2%2Fcategories&post=549965"},{"taxonomy":"post_tag","embeddable":true,"href":"https:\/\/arantv.az\/index.php?rest_route=%2Fwp%2Fv2%2Ftags&post=549965"}],"curies":[{"name":"wp","href":"https:\/\/api.w.org\/{rel}","templated":true}]}}