{"id":549976,"date":"2022-12-26T19:50:45","date_gmt":"2022-12-26T16:50:45","guid":{"rendered":"https:\/\/arantv.az\/?p=549976"},"modified":"2022-12-26T19:50:45","modified_gmt":"2022-12-26T16:50:45","slug":"q%c9%99rbi-az%c9%99rbaycana-qayidis-konsepsiyasinin-hazirlanmasina-baslanildi","status":"publish","type":"post","link":"https:\/\/arantv.az\/?p=549976","title":{"rendered":"Q\u0259rbi Az\u0259rbaycana Qay\u0131d\u0131\u015f Konsepsiyas\u0131n\u0131n haz\u0131rlanmas\u0131na ba\u015flan\u0131ld\u0131"},"content":{"rendered":"<p>Prezident\u00a0<strong>\u0130lham \u018fliyev<\/strong>in dekabr\u0131n 24-d\u0259 Q\u0259rbi Az\u0259rbaycandan olan ziyal\u0131larla g\u00f6r\u00fc\u015f\u00fc zaman\u0131 ir\u0259li s\u00fcrd\u00fcy\u00fc Qay\u0131d\u0131\u015f Konsepsiyas\u0131 il\u0259 ba\u011fl\u0131 Q\u0259rbi Az\u0259rbaycan \u0130cmas\u0131nda d\u0259rhal i\u015f\u0259 ba\u015flan\u0131l\u0131b.<\/p>\n<div class=\"AdviadNativeVideo\"><\/div>\n<p>\u201cReport\u201d\u00a0x\u0259b\u0259r verir ki, bunu Q\u0259rbi Az\u0259rbaycan \u0130cmas\u0131n\u0131n m\u0259tbuat katibi \u00dclviyy\u0259 Z\u00fcfiqar bildirib.<\/p>\n<p>Qay\u0131d\u0131\u015f Konsepsiyan\u0131n haz\u0131rlanmas\u0131 istiqam\u0259tind\u0259 i\u015f apar\u0131ld\u0131\u011f\u0131n\u0131 s\u00f6yl\u0259y\u0259n m\u0259tbuat katibi deyib:<\/p>\n<p>\u201c\u0130cma olaraq bu Konsepsiyan\u0131 vaxt\u0131nda yekunla\u015f\u0131rma\u011fa \u00e7al\u0131\u015faca\u011f\u0131q. Konsepsiya haz\u0131r olandan sonra Q\u0259rbi Az\u0259rbaycan \u0130cmas\u0131 f\u0259aliyy\u0259tini bu s\u0259n\u0259d\u0259 \u0259sas\u0259n davam etdir\u0259c\u0259k\u201d.<\/p>\n","protected":false},"excerpt":{"rendered":"<p>Prezident\u00a0\u0130lham \u018fliyevin dekabr\u0131n 24-d\u0259 Q\u0259rbi Az\u0259rbaycandan olan ziyal\u0131larla g\u00f6r\u00fc\u015f\u00fc zaman\u0131 ir\u0259li s\u00fcrd\u00fcy\u00fc Qay\u0131d\u0131\u015f Konsepsiyas\u0131 il\u0259 ba\u011fl\u0131 Q\u0259rbi Az\u0259rbaycan \u0130cmas\u0131nda d\u0259rhal i\u015f\u0259 ba\u015flan\u0131l\u0131b. \u201cReport\u201d\u00a0x\u0259b\u0259r verir ki, bunu Q\u0259rbi Az\u0259rbaycan \u0130cmas\u0131n\u0131n m\u0259tbuat katibi \u00dclviyy\u0259 Z\u00fcfiqar bildirib. Qay\u0131d\u0131\u015f Konsepsiyan\u0131n haz\u0131rlanmas\u0131 istiqam\u0259tind\u0259 i\u015f apar\u0131ld\u0131\u011f\u0131n\u0131 s\u00f6yl\u0259y\u0259n m\u0259tbuat katibi deyib: \u201c\u0130cma olaraq bu Konsepsiyan\u0131 vaxt\u0131nda yekunla\u015f\u0131rma\u011fa \u00e7al\u0131\u015faca\u011f\u0131q. Konsepsiya haz\u0131r olandan sonra Q\u0259rbi Az\u0259rbaycan \u0130cmas\u0131 f\u0259aliyy\u0259tini bu s\u0259n\u0259d\u0259 \u0259sas\u0259n davam etdir\u0259c\u0259k\u201d.<\/p>\n","protected":false},"author":2,"featured_media":549977,"comment_status":"closed","ping_status":"closed","sticky":false,"template":"","format":"standard","meta":{"om_disable_all_campaigns":false,"_monsterinsights_skip_tracking":false,"_monsterinsights_sitenote_active":false,"_monsterinsights_sitenote_note":"","_monsterinsights_sitenote_category":0},"categories":[4],"tags":[],"aioseo_notices":[],"gutentor_comment":0,"rttpg_featured_image_url":{"full":["https:\/\/arantv.az\/wp-content\/uploads\/2022\/12\/FotoJet-2022-12-26T184332.155.jpg",620,413,false],"landscape":["https:\/\/arantv.az\/wp-content\/uploads\/2022\/12\/FotoJet-2022-12-26T184332.155.jpg",620,413,false],"portraits":["https:\/\/arantv.az\/wp-content\/uploads\/2022\/12\/FotoJet-2022-12-26T184332.155.jpg",620,413,false],"thumbnail":["https:\/\/arantv.az\/wp-content\/uploads\/2022\/12\/FotoJet-2022-12-26T184332.155-500x280.jpg",500,280,true],"medium":["https:\/\/arantv.az\/wp-content\/uploads\/2022\/12\/FotoJet-2022-12-26T184332.155-548x365.jpg",548,365,true],"large":["https:\/\/arantv.az\/wp-content\/uploads\/2022\/12\/FotoJet-2022-12-26T184332.155.jpg",620,413,false],"1536x1536":["https:\/\/arantv.az\/wp-content\/uploads\/2022\/12\/FotoJet-2022-12-26T184332.155.jpg",620,413,false],"2048x2048":["https:\/\/arantv.az\/wp-content\/uploads\/2022\/12\/FotoJet-2022-12-26T184332.155.jpg",620,413,false],"post-thumbnail":["https:\/\/arantv.az\/wp-content\/uploads\/2022\/12\/FotoJet-2022-12-26T184332.155-240x172.jpg",240,172,true],"advps-thumb-one":["https:\/\/arantv.az\/wp-content\/uploads\/2022\/12\/FotoJet-2022-12-26T184332.155.jpg",620,413,false]},"rttpg_author":{"display_name":"V\u00fcsal Rafiqo\u011flu","author_link":"https:\/\/arantv.az\/?author=2"},"rttpg_comment":0,"rttpg_category":"<a href=\"https:\/\/arantv.az\/?cat=4\" rel=\"category\">Siyas\u0259t<\/a>","rttpg_excerpt":"Prezident\u00a0\u0130lham \u018fliyevin dekabr\u0131n 24-d\u0259 Q\u0259rbi Az\u0259rbaycandan olan ziyal\u0131larla g\u00f6r\u00fc\u015f\u00fc zaman\u0131 ir\u0259li s\u00fcrd\u00fcy\u00fc Qay\u0131d\u0131\u015f Konsepsiyas\u0131 il\u0259 ba\u011fl\u0131 Q\u0259rbi Az\u0259rbaycan \u0130cmas\u0131nda d\u0259rhal i\u015f\u0259 ba\u015flan\u0131l\u0131b. \u201cReport\u201d\u00a0x\u0259b\u0259r verir ki, bunu Q\u0259rbi Az\u0259rbaycan \u0130cmas\u0131n\u0131n m\u0259tbuat katibi \u00dclviyy\u0259 Z\u00fcfiqar bildirib. Qay\u0131d\u0131\u015f Konsepsiyan\u0131n haz\u0131rlanmas\u0131 istiqam\u0259tind\u0259 i\u015f apar\u0131ld\u0131\u011f\u0131n\u0131 s\u00f6yl\u0259y\u0259n m\u0259tbuat katibi deyib: \u201c\u0130cma olaraq bu Konsepsiyan\u0131 vaxt\u0131nda yekunla\u015f\u0131rma\u011fa \u00e7al\u0131\u015faca\u011f\u0131q. Konsepsiya haz\u0131r olandan sonra&hellip;","_links":{"self":[{"href":"https:\/\/arantv.az\/index.php?rest_route=\/wp\/v2\/posts\/549976"}],"collection":[{"href":"https:\/\/arantv.az\/index.php?rest_route=\/wp\/v2\/posts"}],"about":[{"href":"https:\/\/arantv.az\/index.php?rest_route=\/wp\/v2\/types\/post"}],"author":[{"embeddable":true,"href":"https:\/\/arantv.az\/index.php?rest_route=\/wp\/v2\/users\/2"}],"replies":[{"embeddable":true,"href":"https:\/\/arantv.az\/index.php?rest_route=%2Fwp%2Fv2%2Fcomments&post=549976"}],"version-history":[{"count":0,"href":"https:\/\/arantv.az\/index.php?rest_route=\/wp\/v2\/posts\/549976\/revisions"}],"wp:featuredmedia":[{"embeddable":true,"href":"https:\/\/arantv.az\/index.php?rest_route=\/wp\/v2\/media\/549977"}],"wp:attachment":[{"href":"https:\/\/arantv.az\/index.php?rest_route=%2Fwp%2Fv2%2Fmedia&parent=549976"}],"wp:term":[{"taxonomy":"category","embeddable":true,"href":"https:\/\/arantv.az\/index.php?rest_route=%2Fwp%2Fv2%2Fcategories&post=549976"},{"taxonomy":"post_tag","embeddable":true,"href":"https:\/\/arantv.az\/index.php?rest_route=%2Fwp%2Fv2%2Ftags&post=549976"}],"curies":[{"name":"wp","href":"https:\/\/api.w.org\/{rel}","templated":true}]}}