{"id":549979,"date":"2022-12-26T19:51:53","date_gmt":"2022-12-26T16:51:53","guid":{"rendered":"https:\/\/arantv.az\/?p=549979"},"modified":"2022-12-26T19:51:53","modified_gmt":"2022-12-26T16:51:53","slug":"turizm-reytinqi-d%c9%99yisdi-turkiy%c9%99-dunya-ucuncusu-oldu","status":"publish","type":"post","link":"https:\/\/arantv.az\/?p=549979","title":{"rendered":"Turizm reytinqi d\u0259yi\u015fdi: T\u00fcrkiy\u0259 d\u00fcnya \u00fc\u00e7\u00fcnc\u00fcs\u00fc oldu"},"content":{"rendered":"<p>Uzun ill\u0259r d\u00fcnya turizmind\u0259 ilk onluqda, son ill\u0259rd\u0259 is\u0259 ilk be\u015flikd\u0259 olan T\u00fcrkiy\u0259 bu il birinci\u00a0d\u0259f\u0259 ilk \u00fc\u00e7l\u00fckd\u0259 q\u0259rarla\u015fa bilib.<\/p>\n<p>T\u00fcrkiy\u0259nin \u0130taliyan\u0131 gerid\u0259 qoyaraq tarixind\u0259 ilk d\u0259f\u0259 d\u00fcnya \u00fczr\u0259 \u00fc\u00e7\u00fcnc\u00fc pill\u0259y\u0259 qalxd\u0131\u011f\u0131n\u0131 izah ed\u0259n turizm \u00fczr\u0259 m\u00fct\u0259x\u0259ssis Recep Yavuz bildirib ki, r\u0259smi r\u0259q\u0259ml\u0259r h\u0259l\u0259 d\u0259qiql\u0259\u015fdirilm\u0259s\u0259 d\u0259, D\u00fcnya Turizm T\u0259\u015fkilat\u0131n\u0131n (UNWTO) t\u0259qdim etdiyi 2022-ci ilin doqquz ayl\u0131q turist say\u0131n\u0131 2019-cu ilin eyni d\u00f6vr\u00fc il\u0259 m\u00fcqayis\u0259 edib.<\/p>\n<div class=\"AdviadNativeVideo\"><\/div>\n<p>Bu il turistl\u0259rin \u0259n \u00e7ox \u00fcz tutduqlar\u0131 \u00f6lk\u0259l\u0259r Fransa, \u0130spaniya v\u0259 T\u00fcrkiy\u0259 olub.<\/p>\n<p>Fransa 82 milyon, \u0130spaniya 74 milyon, T\u00fcrkiy\u0259 51 milyon, \u0130taliya 50 milyon, AB\u015e 50 milyon, Meksika 40 milyon, Yunan\u0131stan 29 milyon, B\u00f6y\u00fck Britaniya 28 milyon, \u0130srail 27 milyon, Almaniya 25 milyon turist q\u0259bul edib.<\/p>\n<p>M\u00fct\u0259x\u0259ssis qeyd edib ki, d\u00fcnya turizm reytinqind\u0259 bu il \u0259h\u0259miyy\u0259tli d\u0259yi\u015fiklikl\u0259r ba\u015f verib &#8211; pandemiyadan \u0259vv\u0259l ilk onluqda yer alan b\u0259zi \u00f6lk\u0259l\u0259r siyah\u0131dan k\u0259narda qal\u0131blar.<\/p>\n<p>Eyni zamanda o bildirib ki, \u0130srail v\u0259 Yunan\u0131stan ilk d\u0259f\u0259 onlu\u011fa daxil olublar.<\/p>\n<p>M\u0259nb\u0259: DHA<\/p>\n","protected":false},"excerpt":{"rendered":"<p>Uzun ill\u0259r d\u00fcnya turizmind\u0259 ilk onluqda, son ill\u0259rd\u0259 is\u0259 ilk be\u015flikd\u0259 olan T\u00fcrkiy\u0259 bu il birinci\u00a0d\u0259f\u0259 ilk \u00fc\u00e7l\u00fckd\u0259 q\u0259rarla\u015fa bilib. T\u00fcrkiy\u0259nin \u0130taliyan\u0131 gerid\u0259 qoyaraq tarixind\u0259 ilk d\u0259f\u0259 d\u00fcnya \u00fczr\u0259 \u00fc\u00e7\u00fcnc\u00fc pill\u0259y\u0259 qalxd\u0131\u011f\u0131n\u0131 izah ed\u0259n turizm \u00fczr\u0259 m\u00fct\u0259x\u0259ssis Recep Yavuz bildirib ki, r\u0259smi r\u0259q\u0259ml\u0259r h\u0259l\u0259 d\u0259qiql\u0259\u015fdirilm\u0259s\u0259 d\u0259, D\u00fcnya Turizm T\u0259\u015fkilat\u0131n\u0131n (UNWTO) t\u0259qdim etdiyi 2022-ci ilin doqquz ayl\u0131q turist say\u0131n\u0131 2019-cu ilin eyni d\u00f6vr\u00fc il\u0259 m\u00fcqayis\u0259 edib. Bu il turistl\u0259rin \u0259n \u00e7ox \u00fcz tutduqlar\u0131 \u00f6lk\u0259l\u0259r Fransa, \u0130spaniya v\u0259 T\u00fcrkiy\u0259 olub. Fransa 82 milyon, \u0130spaniya 74 milyon, T\u00fcrkiy\u0259 51 milyon, \u0130taliya 50 milyon,&hellip;<\/p>\n","protected":false},"author":2,"featured_media":549980,"comment_status":"closed","ping_status":"closed","sticky":false,"template":"","format":"standard","meta":{"om_disable_all_campaigns":false,"_monsterinsights_skip_tracking":false,"_monsterinsights_sitenote_active":false,"_monsterinsights_sitenote_note":"","_monsterinsights_sitenote_category":0},"categories":[7],"tags":[],"aioseo_notices":[],"gutentor_comment":0,"rttpg_featured_image_url":{"full":["https:\/\/arantv.az\/wp-content\/uploads\/2022\/12\/FotoJet-2022-12-26T132345.016.jpg",620,413,false],"landscape":["https:\/\/arantv.az\/wp-content\/uploads\/2022\/12\/FotoJet-2022-12-26T132345.016.jpg",620,413,false],"portraits":["https:\/\/arantv.az\/wp-content\/uploads\/2022\/12\/FotoJet-2022-12-26T132345.016.jpg",620,413,false],"thumbnail":["https:\/\/arantv.az\/wp-content\/uploads\/2022\/12\/FotoJet-2022-12-26T132345.016-500x280.jpg",500,280,true],"medium":["https:\/\/arantv.az\/wp-content\/uploads\/2022\/12\/FotoJet-2022-12-26T132345.016-548x365.jpg",548,365,true],"large":["https:\/\/arantv.az\/wp-content\/uploads\/2022\/12\/FotoJet-2022-12-26T132345.016.jpg",620,413,false],"1536x1536":["https:\/\/arantv.az\/wp-content\/uploads\/2022\/12\/FotoJet-2022-12-26T132345.016.jpg",620,413,false],"2048x2048":["https:\/\/arantv.az\/wp-content\/uploads\/2022\/12\/FotoJet-2022-12-26T132345.016.jpg",620,413,false],"post-thumbnail":["https:\/\/arantv.az\/wp-content\/uploads\/2022\/12\/FotoJet-2022-12-26T132345.016-240x172.jpg",240,172,true],"advps-thumb-one":["https:\/\/arantv.az\/wp-content\/uploads\/2022\/12\/FotoJet-2022-12-26T132345.016.jpg",620,413,false]},"rttpg_author":{"display_name":"V\u00fcsal Rafiqo\u011flu","author_link":"https:\/\/arantv.az\/?author=2"},"rttpg_comment":0,"rttpg_category":"<a href=\"https:\/\/arantv.az\/?cat=7\" rel=\"category\">D\u00fcnya<\/a>","rttpg_excerpt":"Uzun ill\u0259r d\u00fcnya turizmind\u0259 ilk onluqda, son ill\u0259rd\u0259 is\u0259 ilk be\u015flikd\u0259 olan T\u00fcrkiy\u0259 bu il birinci\u00a0d\u0259f\u0259 ilk \u00fc\u00e7l\u00fckd\u0259 q\u0259rarla\u015fa bilib. T\u00fcrkiy\u0259nin \u0130taliyan\u0131 gerid\u0259 qoyaraq tarixind\u0259 ilk d\u0259f\u0259 d\u00fcnya \u00fczr\u0259 \u00fc\u00e7\u00fcnc\u00fc pill\u0259y\u0259 qalxd\u0131\u011f\u0131n\u0131 izah ed\u0259n turizm \u00fczr\u0259 m\u00fct\u0259x\u0259ssis Recep Yavuz bildirib ki, r\u0259smi r\u0259q\u0259ml\u0259r h\u0259l\u0259 d\u0259qiql\u0259\u015fdirilm\u0259s\u0259 d\u0259, D\u00fcnya Turizm T\u0259\u015fkilat\u0131n\u0131n (UNWTO) t\u0259qdim etdiyi 2022-ci ilin doqquz&hellip;","_links":{"self":[{"href":"https:\/\/arantv.az\/index.php?rest_route=\/wp\/v2\/posts\/549979"}],"collection":[{"href":"https:\/\/arantv.az\/index.php?rest_route=\/wp\/v2\/posts"}],"about":[{"href":"https:\/\/arantv.az\/index.php?rest_route=\/wp\/v2\/types\/post"}],"author":[{"embeddable":true,"href":"https:\/\/arantv.az\/index.php?rest_route=\/wp\/v2\/users\/2"}],"replies":[{"embeddable":true,"href":"https:\/\/arantv.az\/index.php?rest_route=%2Fwp%2Fv2%2Fcomments&post=549979"}],"version-history":[{"count":0,"href":"https:\/\/arantv.az\/index.php?rest_route=\/wp\/v2\/posts\/549979\/revisions"}],"wp:featuredmedia":[{"embeddable":true,"href":"https:\/\/arantv.az\/index.php?rest_route=\/wp\/v2\/media\/549980"}],"wp:attachment":[{"href":"https:\/\/arantv.az\/index.php?rest_route=%2Fwp%2Fv2%2Fmedia&parent=549979"}],"wp:term":[{"taxonomy":"category","embeddable":true,"href":"https:\/\/arantv.az\/index.php?rest_route=%2Fwp%2Fv2%2Fcategories&post=549979"},{"taxonomy":"post_tag","embeddable":true,"href":"https:\/\/arantv.az\/index.php?rest_route=%2Fwp%2Fv2%2Ftags&post=549979"}],"curies":[{"name":"wp","href":"https:\/\/api.w.org\/{rel}","templated":true}]}}