{"id":549988,"date":"2022-12-26T19:58:10","date_gmt":"2022-12-26T16:58:10","guid":{"rendered":"https:\/\/arantv.az\/?p=549988"},"modified":"2022-12-26T19:58:10","modified_gmt":"2022-12-26T16:58:10","slug":"sabirabadda-%c9%99rl%c9%99-arvadin-mubahis%c9%99si-qanla-bitdi","status":"publish","type":"post","link":"https:\/\/arantv.az\/?p=549988","title":{"rendered":"Sabirabadda \u0259rl\u0259 arvad\u0131n m\u00fcbahis\u0259si qanla bitdi"},"content":{"rendered":"<p>Sabirabadda \u0259r arvad\u0131n\u0131 b\u0131\u00e7aqlay\u0131b.<\/p>\n<div class=\"AdviadNativeVideo\"><\/div>\n<p>\u201cReport\u201dun m\u0259lumat\u0131na g\u00f6r\u0259, hadis\u0259 rayonun Qala\u011fay\u0131n k\u0259ndind\u0259 qeyd\u0259 al\u0131n\u0131b.<\/p>\n<p>Bel\u0259 ki, k\u0259nd sakini, 1994-c\u00fc il t\u0259v\u0259ll\u00fcdl\u00fc R\u00fcst\u0259mova F\u0259rqan\u0259 Ya\u015far q\u0131z\u0131 b\u0259d\u0259nin k\u0259silmi\u015f-de\u015filmi\u015f yaras\u0131 il\u0259 Sabirabad M\u0259rk\u0259zi Rayon X\u0259st\u0259xanas\u0131na yerl\u0259\u015fdirilib.<\/p>\n<p>\u0130lkin m\u0259lumata g\u00f6r\u0259, aralar\u0131nda yaranm\u0131\u015f m\u00fcbahis\u0259 zaman\u0131 F.R\u00fcst\u0259mova \u0259ri t\u0259r\u0259find\u0259n b\u0131\u00e7aqlanaraq x\u0259sar\u0259t al\u0131b.<\/p>\n<p>Faktla ba\u011fl\u0131 ara\u015fd\u0131rma apar\u0131l\u0131r.<\/p>\n","protected":false},"excerpt":{"rendered":"<p>Sabirabadda \u0259r arvad\u0131n\u0131 b\u0131\u00e7aqlay\u0131b. \u201cReport\u201dun m\u0259lumat\u0131na g\u00f6r\u0259, hadis\u0259 rayonun Qala\u011fay\u0131n k\u0259ndind\u0259 qeyd\u0259 al\u0131n\u0131b. Bel\u0259 ki, k\u0259nd sakini, 1994-c\u00fc il t\u0259v\u0259ll\u00fcdl\u00fc R\u00fcst\u0259mova F\u0259rqan\u0259 Ya\u015far q\u0131z\u0131 b\u0259d\u0259nin k\u0259silmi\u015f-de\u015filmi\u015f yaras\u0131 il\u0259 Sabirabad M\u0259rk\u0259zi Rayon X\u0259st\u0259xanas\u0131na yerl\u0259\u015fdirilib. \u0130lkin m\u0259lumata g\u00f6r\u0259, aralar\u0131nda yaranm\u0131\u015f m\u00fcbahis\u0259 zaman\u0131 F.R\u00fcst\u0259mova \u0259ri t\u0259r\u0259find\u0259n b\u0131\u00e7aqlanaraq x\u0259sar\u0259t al\u0131b. Faktla ba\u011fl\u0131 ara\u015fd\u0131rma apar\u0131l\u0131r.<\/p>\n","protected":false},"author":2,"featured_media":445812,"comment_status":"closed","ping_status":"closed","sticky":false,"template":"","format":"standard","meta":{"om_disable_all_campaigns":false,"_monsterinsights_skip_tracking":false,"_monsterinsights_sitenote_active":false,"_monsterinsights_sitenote_note":"","_monsterinsights_sitenote_category":0},"categories":[5],"tags":[],"aioseo_notices":[],"gutentor_comment":0,"rttpg_featured_image_url":{"full":["https:\/\/arantv.az\/wp-content\/uploads\/2022\/03\/bicaq.jpg",637,400,false],"landscape":["https:\/\/arantv.az\/wp-content\/uploads\/2022\/03\/bicaq.jpg",637,400,false],"portraits":["https:\/\/arantv.az\/wp-content\/uploads\/2022\/03\/bicaq.jpg",637,400,false],"thumbnail":["https:\/\/arantv.az\/wp-content\/uploads\/2022\/03\/bicaq-500x280.jpg",500,280,true],"medium":["https:\/\/arantv.az\/wp-content\/uploads\/2022\/03\/bicaq-581x365.jpg",581,365,true],"large":["https:\/\/arantv.az\/wp-content\/uploads\/2022\/03\/bicaq.jpg",637,400,false],"1536x1536":["https:\/\/arantv.az\/wp-content\/uploads\/2022\/03\/bicaq.jpg",637,400,false],"2048x2048":["https:\/\/arantv.az\/wp-content\/uploads\/2022\/03\/bicaq.jpg",637,400,false],"post-thumbnail":["https:\/\/arantv.az\/wp-content\/uploads\/2022\/03\/bicaq-240x172.jpg",240,172,true],"advps-thumb-one":["https:\/\/arantv.az\/wp-content\/uploads\/2022\/03\/bicaq.jpg",637,400,false]},"rttpg_author":{"display_name":"V\u00fcsal Rafiqo\u011flu","author_link":"https:\/\/arantv.az\/?author=2"},"rttpg_comment":0,"rttpg_category":"<a href=\"https:\/\/arantv.az\/?cat=5\" rel=\"category\">Hadis\u0259<\/a>","rttpg_excerpt":"Sabirabadda \u0259r arvad\u0131n\u0131 b\u0131\u00e7aqlay\u0131b. \u201cReport\u201dun m\u0259lumat\u0131na g\u00f6r\u0259, hadis\u0259 rayonun Qala\u011fay\u0131n k\u0259ndind\u0259 qeyd\u0259 al\u0131n\u0131b. Bel\u0259 ki, k\u0259nd sakini, 1994-c\u00fc il t\u0259v\u0259ll\u00fcdl\u00fc R\u00fcst\u0259mova F\u0259rqan\u0259 Ya\u015far q\u0131z\u0131 b\u0259d\u0259nin k\u0259silmi\u015f-de\u015filmi\u015f yaras\u0131 il\u0259 Sabirabad M\u0259rk\u0259zi Rayon X\u0259st\u0259xanas\u0131na yerl\u0259\u015fdirilib. \u0130lkin m\u0259lumata g\u00f6r\u0259, aralar\u0131nda yaranm\u0131\u015f m\u00fcbahis\u0259 zaman\u0131 F.R\u00fcst\u0259mova \u0259ri t\u0259r\u0259find\u0259n b\u0131\u00e7aqlanaraq x\u0259sar\u0259t al\u0131b. Faktla ba\u011fl\u0131 ara\u015fd\u0131rma apar\u0131l\u0131r.","_links":{"self":[{"href":"https:\/\/arantv.az\/index.php?rest_route=\/wp\/v2\/posts\/549988"}],"collection":[{"href":"https:\/\/arantv.az\/index.php?rest_route=\/wp\/v2\/posts"}],"about":[{"href":"https:\/\/arantv.az\/index.php?rest_route=\/wp\/v2\/types\/post"}],"author":[{"embeddable":true,"href":"https:\/\/arantv.az\/index.php?rest_route=\/wp\/v2\/users\/2"}],"replies":[{"embeddable":true,"href":"https:\/\/arantv.az\/index.php?rest_route=%2Fwp%2Fv2%2Fcomments&post=549988"}],"version-history":[{"count":0,"href":"https:\/\/arantv.az\/index.php?rest_route=\/wp\/v2\/posts\/549988\/revisions"}],"wp:featuredmedia":[{"embeddable":true,"href":"https:\/\/arantv.az\/index.php?rest_route=\/wp\/v2\/media\/445812"}],"wp:attachment":[{"href":"https:\/\/arantv.az\/index.php?rest_route=%2Fwp%2Fv2%2Fmedia&parent=549988"}],"wp:term":[{"taxonomy":"category","embeddable":true,"href":"https:\/\/arantv.az\/index.php?rest_route=%2Fwp%2Fv2%2Fcategories&post=549988"},{"taxonomy":"post_tag","embeddable":true,"href":"https:\/\/arantv.az\/index.php?rest_route=%2Fwp%2Fv2%2Ftags&post=549988"}],"curies":[{"name":"wp","href":"https:\/\/api.w.org\/{rel}","templated":true}]}}