{"id":549994,"date":"2022-12-27T06:46:03","date_gmt":"2022-12-27T03:46:03","guid":{"rendered":"https:\/\/arantv.az\/?p=549994"},"modified":"2022-12-27T06:46:03","modified_gmt":"2022-12-27T03:46:03","slug":"2023-cu-ild%c9%99-qlobal-iqtisadiyyati-n%c9%99-gozl%c9%99yir","status":"publish","type":"post","link":"https:\/\/arantv.az\/?p=549994","title":{"rendered":"2023-c\u00fc ild\u0259 qlobal iqtisadiyyat\u0131 n\u0259 g\u00f6zl\u0259yir?"},"content":{"rendered":"<p>\u0130qtisadiyyat v\u0259 Biznes Ara\u015fd\u0131rmalar\u0131 M\u0259rk\u0259zinin (CEBR) analitikl\u0259ri hesab edirl\u0259r ki, inflyasiyan\u0131n y\u00fcks\u0259ldiyi \u00f6lk\u0259l\u0259rin M\u0259rk\u0259zi banklar\u0131n\u0131n t\u0259dbirl\u0259ri s\u0259b\u0259bind\u0259n g\u0259l\u0259n il d\u00fcnya iqtisadiyyat\u0131n\u0131n t\u0259n\u0259zz\u00fcl\u0259 u\u011framas\u0131 ehtimal\u0131 var.<\/p>\n<div class=\"AdviadNativeVideo\"><\/div>\n<p>\u201cY\u0259qin ki, qlobal iqtisadiyyat daha y\u00fcks\u0259k inflyasiyaya cavab olaraq y\u00fcks\u0259k faiz d\u0259r\u0259c\u0259l\u0259ri n\u0259tic\u0259sind\u0259 g\u0259l\u0259n il t\u0259n\u0259zz\u00fcll\u0259 \u00fczl\u0259\u015f\u0259c\u0259k. \u0130qtisadi x\u0259rcl\u0259r\u0259 baxmayaraq, M\u0259rk\u0259zi banklar\u0131n 2023-c\u00fc ild\u0259 d\u0259 eyni t\u0259cr\u00fcb\u0259l\u0259r\u0259 sadiq qalaca\u011f\u0131n\u0131 g\u00f6zl\u0259yirik. \u0130nflyasiyan\u0131n daha a\u015fa\u011f\u0131 s\u0259viyy\u0259l\u0259r\u0259 endirilm\u0259sinin d\u0259y\u0259ri n\u00f6vb\u0259ti bir ne\u00e7\u0259 il \u0259rzind\u0259 iqtisadi art\u0131m perspektivl\u0259rinin pisl\u0259\u015fm\u0259sidir\u201d, &#8211; dey\u0259 hesabatda bildirilir.<\/p>\n<p>Qeyd ed\u0259k ki, daha \u0259vv\u0259l Beyn\u0259lxalq Valyuta Fondu qlobal iqtisadiyyat\u0131n 2023-c\u00fc ild\u0259 t\u0259n\u0259zz\u00fcl ehtimal\u0131n\u0131n t\u0259xmin\u0259n 25% oldu\u011funu v\u0259 qlobal iqtisadiyyat\u0131n t\u0259xmin\u0259n \u00fc\u00e7d\u0259 birind\u0259 t\u0259n\u0259zz\u00fcl\u00fcn m\u00fc\u015fahid\u0259 edil\u0259c\u0259yini proqnozla\u015fd\u0131rm\u0131\u015fd\u0131.<\/p>\n<p>M\u0259nb\u0259: kommersant.ru<\/p>\n","protected":false},"excerpt":{"rendered":"<p>\u0130qtisadiyyat v\u0259 Biznes Ara\u015fd\u0131rmalar\u0131 M\u0259rk\u0259zinin (CEBR) analitikl\u0259ri hesab edirl\u0259r ki, inflyasiyan\u0131n y\u00fcks\u0259ldiyi \u00f6lk\u0259l\u0259rin M\u0259rk\u0259zi banklar\u0131n\u0131n t\u0259dbirl\u0259ri s\u0259b\u0259bind\u0259n g\u0259l\u0259n il d\u00fcnya iqtisadiyyat\u0131n\u0131n t\u0259n\u0259zz\u00fcl\u0259 u\u011framas\u0131 ehtimal\u0131 var. \u201cY\u0259qin ki, qlobal iqtisadiyyat daha y\u00fcks\u0259k inflyasiyaya cavab olaraq y\u00fcks\u0259k faiz d\u0259r\u0259c\u0259l\u0259ri n\u0259tic\u0259sind\u0259 g\u0259l\u0259n il t\u0259n\u0259zz\u00fcll\u0259 \u00fczl\u0259\u015f\u0259c\u0259k. \u0130qtisadi x\u0259rcl\u0259r\u0259 baxmayaraq, M\u0259rk\u0259zi banklar\u0131n 2023-c\u00fc ild\u0259 d\u0259 eyni t\u0259cr\u00fcb\u0259l\u0259r\u0259 sadiq qalaca\u011f\u0131n\u0131 g\u00f6zl\u0259yirik. \u0130nflyasiyan\u0131n daha a\u015fa\u011f\u0131 s\u0259viyy\u0259l\u0259r\u0259 endirilm\u0259sinin d\u0259y\u0259ri n\u00f6vb\u0259ti bir ne\u00e7\u0259 il \u0259rzind\u0259 iqtisadi art\u0131m perspektivl\u0259rinin pisl\u0259\u015fm\u0259sidir\u201d, &#8211; dey\u0259 hesabatda bildirilir. Qeyd ed\u0259k ki, daha \u0259vv\u0259l Beyn\u0259lxalq Valyuta Fondu qlobal iqtisadiyyat\u0131n 2023-c\u00fc ild\u0259 t\u0259n\u0259zz\u00fcl ehtimal\u0131n\u0131n t\u0259xmin\u0259n 25%&hellip;<\/p>\n","protected":false},"author":2,"featured_media":549995,"comment_status":"closed","ping_status":"closed","sticky":false,"template":"","format":"standard","meta":{"om_disable_all_campaigns":false,"_monsterinsights_skip_tracking":false,"_monsterinsights_sitenote_active":false,"_monsterinsights_sitenote_note":"","_monsterinsights_sitenote_category":0},"categories":[19],"tags":[],"aioseo_notices":[],"gutentor_comment":0,"rttpg_featured_image_url":{"full":["https:\/\/arantv.az\/wp-content\/uploads\/2022\/12\/320070735_1847664398903272_2923743280721740834_n.jpg",620,413,false],"landscape":["https:\/\/arantv.az\/wp-content\/uploads\/2022\/12\/320070735_1847664398903272_2923743280721740834_n.jpg",620,413,false],"portraits":["https:\/\/arantv.az\/wp-content\/uploads\/2022\/12\/320070735_1847664398903272_2923743280721740834_n.jpg",620,413,false],"thumbnail":["https:\/\/arantv.az\/wp-content\/uploads\/2022\/12\/320070735_1847664398903272_2923743280721740834_n-500x280.jpg",500,280,true],"medium":["https:\/\/arantv.az\/wp-content\/uploads\/2022\/12\/320070735_1847664398903272_2923743280721740834_n-548x365.jpg",548,365,true],"large":["https:\/\/arantv.az\/wp-content\/uploads\/2022\/12\/320070735_1847664398903272_2923743280721740834_n.jpg",620,413,false],"1536x1536":["https:\/\/arantv.az\/wp-content\/uploads\/2022\/12\/320070735_1847664398903272_2923743280721740834_n.jpg",620,413,false],"2048x2048":["https:\/\/arantv.az\/wp-content\/uploads\/2022\/12\/320070735_1847664398903272_2923743280721740834_n.jpg",620,413,false],"post-thumbnail":["https:\/\/arantv.az\/wp-content\/uploads\/2022\/12\/320070735_1847664398903272_2923743280721740834_n-240x172.jpg",240,172,true],"advps-thumb-one":["https:\/\/arantv.az\/wp-content\/uploads\/2022\/12\/320070735_1847664398903272_2923743280721740834_n.jpg",620,413,false]},"rttpg_author":{"display_name":"V\u00fcsal Rafiqo\u011flu","author_link":"https:\/\/arantv.az\/?author=2"},"rttpg_comment":0,"rttpg_category":"<a href=\"https:\/\/arantv.az\/?cat=19\" rel=\"category\">G\u00fcnd\u0259m<\/a>","rttpg_excerpt":"\u0130qtisadiyyat v\u0259 Biznes Ara\u015fd\u0131rmalar\u0131 M\u0259rk\u0259zinin (CEBR) analitikl\u0259ri hesab edirl\u0259r ki, inflyasiyan\u0131n y\u00fcks\u0259ldiyi \u00f6lk\u0259l\u0259rin M\u0259rk\u0259zi banklar\u0131n\u0131n t\u0259dbirl\u0259ri s\u0259b\u0259bind\u0259n g\u0259l\u0259n il d\u00fcnya iqtisadiyyat\u0131n\u0131n t\u0259n\u0259zz\u00fcl\u0259 u\u011framas\u0131 ehtimal\u0131 var. \u201cY\u0259qin ki, qlobal iqtisadiyyat daha y\u00fcks\u0259k inflyasiyaya cavab olaraq y\u00fcks\u0259k faiz d\u0259r\u0259c\u0259l\u0259ri n\u0259tic\u0259sind\u0259 g\u0259l\u0259n il t\u0259n\u0259zz\u00fcll\u0259 \u00fczl\u0259\u015f\u0259c\u0259k. \u0130qtisadi x\u0259rcl\u0259r\u0259 baxmayaraq, M\u0259rk\u0259zi banklar\u0131n 2023-c\u00fc ild\u0259 d\u0259 eyni t\u0259cr\u00fcb\u0259l\u0259r\u0259 sadiq qalaca\u011f\u0131n\u0131 g\u00f6zl\u0259yirik.&hellip;","_links":{"self":[{"href":"https:\/\/arantv.az\/index.php?rest_route=\/wp\/v2\/posts\/549994"}],"collection":[{"href":"https:\/\/arantv.az\/index.php?rest_route=\/wp\/v2\/posts"}],"about":[{"href":"https:\/\/arantv.az\/index.php?rest_route=\/wp\/v2\/types\/post"}],"author":[{"embeddable":true,"href":"https:\/\/arantv.az\/index.php?rest_route=\/wp\/v2\/users\/2"}],"replies":[{"embeddable":true,"href":"https:\/\/arantv.az\/index.php?rest_route=%2Fwp%2Fv2%2Fcomments&post=549994"}],"version-history":[{"count":0,"href":"https:\/\/arantv.az\/index.php?rest_route=\/wp\/v2\/posts\/549994\/revisions"}],"wp:featuredmedia":[{"embeddable":true,"href":"https:\/\/arantv.az\/index.php?rest_route=\/wp\/v2\/media\/549995"}],"wp:attachment":[{"href":"https:\/\/arantv.az\/index.php?rest_route=%2Fwp%2Fv2%2Fmedia&parent=549994"}],"wp:term":[{"taxonomy":"category","embeddable":true,"href":"https:\/\/arantv.az\/index.php?rest_route=%2Fwp%2Fv2%2Fcategories&post=549994"},{"taxonomy":"post_tag","embeddable":true,"href":"https:\/\/arantv.az\/index.php?rest_route=%2Fwp%2Fv2%2Ftags&post=549994"}],"curies":[{"name":"wp","href":"https:\/\/api.w.org\/{rel}","templated":true}]}}