{"id":549997,"date":"2022-12-27T06:47:00","date_gmt":"2022-12-27T03:47:00","guid":{"rendered":"https:\/\/arantv.az\/?p=549997"},"modified":"2022-12-27T06:47:00","modified_gmt":"2022-12-27T03:47:00","slug":"prezident-ilham-%c9%99liyevin-rusiyanin-sankt-peterburq-s%c9%99h%c9%99rin%c9%99-isguzar-s%c9%99f%c9%99ri-basa-catib-yenil%c9%99nib-foto-video","status":"publish","type":"post","link":"https:\/\/arantv.az\/?p=549997","title":{"rendered":"Prezident \u0130lham \u018fliyevin Rusiyan\u0131n Sankt-Peterburq \u015f\u0259h\u0259rin\u0259 i\u015fg\u00fczar s\u0259f\u0259ri ba\u015fa \u00e7at\u0131b &#8211; YEN\u0130L\u018fN\u0130B + FOTO\/V\u0130DEO"},"content":{"rendered":"<p>Az\u0259rbaycan Prezidenti\u00a0<strong>\u0130lham \u018fliyev<\/strong>in Rusiyan\u0131n Sankt-Peterburq \u015f\u0259h\u0259rin\u0259 i\u015fg\u00fczar s\u0259f\u0259ri dekabr\u0131n 26-da ba\u015fa \u00e7at\u0131b.<\/p>\n<p><b>ARANTV.AZ <\/b>x\u0259b\u0259r verir ki, bu bar\u0259d\u0259 Prezidentin M\u0259tbuat Xidm\u0259ti m\u0259lumat yay\u0131b.<\/p>\n<div class=\"AdviadNativeVideo\"><\/div>\n<p><strong>13:57<\/strong><\/p>\n<p>Az\u0259rbaycan Respublikas\u0131n\u0131n Prezidenti \u0130lham \u018fliyev Rusiya Federasiyas\u0131n\u0131n Prezidenti Vladimir Putinin d\u0259v\u0259ti il\u0259 MDB d\u00f6vl\u0259t ba\u015f\u00e7\u0131lar\u0131n\u0131n iclas\u0131nda i\u015ftirak etm\u0259k \u00fc\u00e7\u00fcn dekabr\u0131n 26-da Sankt-Peterburq \u015f\u0259h\u0259rin\u0259 i\u015fg\u00fczar s\u0259f\u0259r\u0259 gedib.<\/p>\n<p><a href=\"https:\/\/azertag.az\/xeber\/Azerbaycan_Prezidenti_Ilham_Aliyev_Rusiyanin_Sankt_Peterburq_seherine_isguzar_sefere_gelib-2425205\" target=\"_blank\" rel=\"noopener\">AZ\u018fRTAC<\/a>\u00a0x\u0259b\u0259r verir ki, Sankt-Peterburq \u015f\u0259h\u0259rinin \u201cPulkovo-2\u201d hava liman\u0131nda d\u00f6vl\u0259timizin ba\u015f\u00e7\u0131s\u0131n\u0131 Sankt-Peterburq \u015f\u0259h\u0259rinin qubernatoru Aleksandr Beqlov, Leninqrad vilay\u0259tinin qubernatoru Aleksandr Drozdenko v\u0259 dig\u0259r r\u0259smi \u015f\u0259xsl\u0259r qar\u015f\u0131lad\u0131lar.<\/p>\n<div><iframe loading=\"lazy\" title=\"YouTube video player\" src=\"https:\/\/www.youtube.com\/embed\/TjbTtlPnqyw\" width=\"560\" height=\"315\" frameborder=\"0\" allowfullscreen=\"allowfullscreen\" data-mce-fragment=\"1\"><\/iframe><\/div>\n<p>&nbsp;<\/p>\n<div class=\"gallery\">\n<div class=\"gallery-i\"><img src=\"https:\/\/cdn.oxu.az\/uploads\/W1siZiIsIjIwMjIvMTIvMjYvMTMvNTgvMjEvNmIwMWJkNDEtNjM0MC00NWMxLWJkYWEtZTVhODJhMjFlN2NhLzE2NzIwNDgzMTA0NzI2NDYwNDg3XzEwMDB4NjY5LmpwZyJdLFsicCIsImVuY29kZSIsImpwZyIsIi1xdWFsaXR5IDgwIl0sWyJwIiwidGh1bWIiLCI1OTB4NTkwXHUwMDNlIl1d?sha=6fdb4acccd59f464\" alt=\"\" \/><\/div>\n<\/div>\n","protected":false},"excerpt":{"rendered":"<p>Az\u0259rbaycan Prezidenti\u00a0\u0130lham \u018fliyevin Rusiyan\u0131n Sankt-Peterburq \u015f\u0259h\u0259rin\u0259 i\u015fg\u00fczar s\u0259f\u0259ri dekabr\u0131n 26-da ba\u015fa \u00e7at\u0131b. ARANTV.AZ x\u0259b\u0259r verir ki, bu bar\u0259d\u0259 Prezidentin M\u0259tbuat Xidm\u0259ti m\u0259lumat yay\u0131b. 13:57 Az\u0259rbaycan Respublikas\u0131n\u0131n Prezidenti \u0130lham \u018fliyev Rusiya Federasiyas\u0131n\u0131n Prezidenti Vladimir Putinin d\u0259v\u0259ti il\u0259 MDB d\u00f6vl\u0259t ba\u015f\u00e7\u0131lar\u0131n\u0131n iclas\u0131nda i\u015ftirak etm\u0259k \u00fc\u00e7\u00fcn dekabr\u0131n 26-da Sankt-Peterburq \u015f\u0259h\u0259rin\u0259 i\u015fg\u00fczar s\u0259f\u0259r\u0259 gedib. AZ\u018fRTAC\u00a0x\u0259b\u0259r verir ki, Sankt-Peterburq \u015f\u0259h\u0259rinin \u201cPulkovo-2\u201d hava liman\u0131nda d\u00f6vl\u0259timizin ba\u015f\u00e7\u0131s\u0131n\u0131 Sankt-Peterburq \u015f\u0259h\u0259rinin qubernatoru Aleksandr Beqlov, Leninqrad vilay\u0259tinin qubernatoru Aleksandr Drozdenko v\u0259 dig\u0259r r\u0259smi \u015f\u0259xsl\u0259r qar\u015f\u0131lad\u0131lar. &nbsp;<\/p>\n","protected":false},"author":2,"featured_media":549998,"comment_status":"closed","ping_status":"closed","sticky":false,"template":"","format":"standard","meta":{"om_disable_all_campaigns":false,"_monsterinsights_skip_tracking":false,"_monsterinsights_sitenote_active":false,"_monsterinsights_sitenote_note":"","_monsterinsights_sitenote_category":0},"categories":[4],"tags":[],"aioseo_notices":[],"gutentor_comment":0,"rttpg_featured_image_url":{"full":["https:\/\/arantv.az\/wp-content\/uploads\/2022\/12\/1672048310960860666_1000x669-1.jpg",620,413,false],"landscape":["https:\/\/arantv.az\/wp-content\/uploads\/2022\/12\/1672048310960860666_1000x669-1.jpg",620,413,false],"portraits":["https:\/\/arantv.az\/wp-content\/uploads\/2022\/12\/1672048310960860666_1000x669-1.jpg",620,413,false],"thumbnail":["https:\/\/arantv.az\/wp-content\/uploads\/2022\/12\/1672048310960860666_1000x669-1-500x280.jpg",500,280,true],"medium":["https:\/\/arantv.az\/wp-content\/uploads\/2022\/12\/1672048310960860666_1000x669-1-548x365.jpg",548,365,true],"large":["https:\/\/arantv.az\/wp-content\/uploads\/2022\/12\/1672048310960860666_1000x669-1.jpg",620,413,false],"1536x1536":["https:\/\/arantv.az\/wp-content\/uploads\/2022\/12\/1672048310960860666_1000x669-1.jpg",620,413,false],"2048x2048":["https:\/\/arantv.az\/wp-content\/uploads\/2022\/12\/1672048310960860666_1000x669-1.jpg",620,413,false],"post-thumbnail":["https:\/\/arantv.az\/wp-content\/uploads\/2022\/12\/1672048310960860666_1000x669-1-240x172.jpg",240,172,true],"advps-thumb-one":["https:\/\/arantv.az\/wp-content\/uploads\/2022\/12\/1672048310960860666_1000x669-1.jpg",620,413,false]},"rttpg_author":{"display_name":"V\u00fcsal Rafiqo\u011flu","author_link":"https:\/\/arantv.az\/?author=2"},"rttpg_comment":0,"rttpg_category":"<a href=\"https:\/\/arantv.az\/?cat=4\" rel=\"category\">Siyas\u0259t<\/a>","rttpg_excerpt":"Az\u0259rbaycan Prezidenti\u00a0\u0130lham \u018fliyevin Rusiyan\u0131n Sankt-Peterburq \u015f\u0259h\u0259rin\u0259 i\u015fg\u00fczar s\u0259f\u0259ri dekabr\u0131n 26-da ba\u015fa \u00e7at\u0131b. ARANTV.AZ x\u0259b\u0259r verir ki, bu bar\u0259d\u0259 Prezidentin M\u0259tbuat Xidm\u0259ti m\u0259lumat yay\u0131b. 13:57 Az\u0259rbaycan Respublikas\u0131n\u0131n Prezidenti \u0130lham \u018fliyev Rusiya Federasiyas\u0131n\u0131n Prezidenti Vladimir Putinin d\u0259v\u0259ti il\u0259 MDB d\u00f6vl\u0259t ba\u015f\u00e7\u0131lar\u0131n\u0131n iclas\u0131nda i\u015ftirak etm\u0259k \u00fc\u00e7\u00fcn dekabr\u0131n 26-da Sankt-Peterburq \u015f\u0259h\u0259rin\u0259 i\u015fg\u00fczar s\u0259f\u0259r\u0259 gedib. AZ\u018fRTAC\u00a0x\u0259b\u0259r verir ki, Sankt-Peterburq \u015f\u0259h\u0259rinin&hellip;","_links":{"self":[{"href":"https:\/\/arantv.az\/index.php?rest_route=\/wp\/v2\/posts\/549997"}],"collection":[{"href":"https:\/\/arantv.az\/index.php?rest_route=\/wp\/v2\/posts"}],"about":[{"href":"https:\/\/arantv.az\/index.php?rest_route=\/wp\/v2\/types\/post"}],"author":[{"embeddable":true,"href":"https:\/\/arantv.az\/index.php?rest_route=\/wp\/v2\/users\/2"}],"replies":[{"embeddable":true,"href":"https:\/\/arantv.az\/index.php?rest_route=%2Fwp%2Fv2%2Fcomments&post=549997"}],"version-history":[{"count":0,"href":"https:\/\/arantv.az\/index.php?rest_route=\/wp\/v2\/posts\/549997\/revisions"}],"wp:featuredmedia":[{"embeddable":true,"href":"https:\/\/arantv.az\/index.php?rest_route=\/wp\/v2\/media\/549998"}],"wp:attachment":[{"href":"https:\/\/arantv.az\/index.php?rest_route=%2Fwp%2Fv2%2Fmedia&parent=549997"}],"wp:term":[{"taxonomy":"category","embeddable":true,"href":"https:\/\/arantv.az\/index.php?rest_route=%2Fwp%2Fv2%2Fcategories&post=549997"},{"taxonomy":"post_tag","embeddable":true,"href":"https:\/\/arantv.az\/index.php?rest_route=%2Fwp%2Fv2%2Ftags&post=549997"}],"curies":[{"name":"wp","href":"https:\/\/api.w.org\/{rel}","templated":true}]}}