{"id":550001,"date":"2022-12-27T06:47:58","date_gmt":"2022-12-27T03:47:58","guid":{"rendered":"https:\/\/arantv.az\/?p=550001"},"modified":"2022-12-27T06:47:58","modified_gmt":"2022-12-27T03:47:58","slug":"qarabag-erm%c9%99nisi-az%c9%99rbaycanin-faydali-qazintilarinin-nec%c9%99-istismar-olundugundan-danisdi-video","status":"publish","type":"post","link":"https:\/\/arantv.az\/?p=550001","title":{"rendered":"Qaraba\u011f erm\u0259nisi Az\u0259rbaycan\u0131n faydal\u0131 qaz\u0131nt\u0131lar\u0131n\u0131n nec\u0259 istismar olundu\u011fundan dan\u0131\u015fd\u0131 &#8211; V\u0130DEO"},"content":{"rendered":"<article class=\"news\">\n<div class=\"news-inner\">\n<p>\u201c\u018fn b\u00f6y\u00fck problem Arutyunyanlar, Vardanyanlar, Balasanyanlar v\u0259 Babayanlard\u0131r. Onlar uzun m\u00fcdd\u0259tdir ki, Az\u0259rbaycan\u0131n faydal\u0131 qaz\u0131nt\u0131lar\u0131n\u0131 qanunsuz \u015f\u0259kild\u0259 istismar edirdil\u0259r\u201d.<\/p>\n<div class=\"AdviadNativeVideo\"><\/div>\n<p>Bu s\u00f6zl\u0259ri \u0130TV-y\u0259 Qaraba\u011f erm\u0259nisi Artur A\u011facanov deyib.<\/p>\n<p>O qeyd edib ki, onlar bunu Qaraba\u011f erm\u0259nil\u0259rinin rifah\u0131 \u00fc\u00e7\u00fcn deyil, \u015f\u0259xsi m\u0259nafel\u0259ri \u00fc\u00e7\u00fcn istifad\u0259 edirdil\u0259r.<\/p>\n<p>Daha \u0259trafl\u0131 s\u00fcjetd\u0259:<\/p>\n<div><iframe loading=\"lazy\" src=\"https:\/\/www.facebook.com\/plugins\/video.php?height=314&amp;href=https%3A%2F%2Fwww.facebook.com%2Fictimaitv%2Fvideos%2F1154020692172240%2F&amp;show_text=false&amp;width=560&amp;t=0\" width=\"560\" height=\"314\" frameborder=\"0\" scrolling=\"no\" allowfullscreen=\"allowfullscreen\" data-mce-fragment=\"1\"><\/iframe><\/div>\n<\/div>\n<\/article>\n<section class=\"related-news\">\n<div class=\"l-center\"><\/div>\n<\/section>\n","protected":false},"excerpt":{"rendered":"<p>\u201c\u018fn b\u00f6y\u00fck problem Arutyunyanlar, Vardanyanlar, Balasanyanlar v\u0259 Babayanlard\u0131r. Onlar uzun m\u00fcdd\u0259tdir ki, Az\u0259rbaycan\u0131n faydal\u0131 qaz\u0131nt\u0131lar\u0131n\u0131 qanunsuz \u015f\u0259kild\u0259 istismar edirdil\u0259r\u201d. Bu s\u00f6zl\u0259ri \u0130TV-y\u0259 Qaraba\u011f erm\u0259nisi Artur A\u011facanov deyib. O qeyd edib ki, onlar bunu Qaraba\u011f erm\u0259nil\u0259rinin rifah\u0131 \u00fc\u00e7\u00fcn deyil, \u015f\u0259xsi m\u0259nafel\u0259ri \u00fc\u00e7\u00fcn istifad\u0259 edirdil\u0259r. Daha \u0259trafl\u0131 s\u00fcjetd\u0259:<\/p>\n","protected":false},"author":2,"featured_media":550002,"comment_status":"closed","ping_status":"closed","sticky":false,"template":"","format":"standard","meta":{"om_disable_all_campaigns":false,"_monsterinsights_skip_tracking":false,"_monsterinsights_sitenote_active":false,"_monsterinsights_sitenote_note":"","_monsterinsights_sitenote_category":0},"categories":[4],"tags":[],"aioseo_notices":[],"gutentor_comment":0,"rttpg_featured_image_url":{"full":["https:\/\/arantv.az\/wp-content\/uploads\/2022\/12\/FotoJet-2022-12-26T231442.997.jpg",620,413,false],"landscape":["https:\/\/arantv.az\/wp-content\/uploads\/2022\/12\/FotoJet-2022-12-26T231442.997.jpg",620,413,false],"portraits":["https:\/\/arantv.az\/wp-content\/uploads\/2022\/12\/FotoJet-2022-12-26T231442.997.jpg",620,413,false],"thumbnail":["https:\/\/arantv.az\/wp-content\/uploads\/2022\/12\/FotoJet-2022-12-26T231442.997-500x280.jpg",500,280,true],"medium":["https:\/\/arantv.az\/wp-content\/uploads\/2022\/12\/FotoJet-2022-12-26T231442.997-548x365.jpg",548,365,true],"large":["https:\/\/arantv.az\/wp-content\/uploads\/2022\/12\/FotoJet-2022-12-26T231442.997.jpg",620,413,false],"1536x1536":["https:\/\/arantv.az\/wp-content\/uploads\/2022\/12\/FotoJet-2022-12-26T231442.997.jpg",620,413,false],"2048x2048":["https:\/\/arantv.az\/wp-content\/uploads\/2022\/12\/FotoJet-2022-12-26T231442.997.jpg",620,413,false],"post-thumbnail":["https:\/\/arantv.az\/wp-content\/uploads\/2022\/12\/FotoJet-2022-12-26T231442.997-240x172.jpg",240,172,true],"advps-thumb-one":["https:\/\/arantv.az\/wp-content\/uploads\/2022\/12\/FotoJet-2022-12-26T231442.997.jpg",620,413,false]},"rttpg_author":{"display_name":"V\u00fcsal Rafiqo\u011flu","author_link":"https:\/\/arantv.az\/?author=2"},"rttpg_comment":0,"rttpg_category":"<a href=\"https:\/\/arantv.az\/?cat=4\" rel=\"category\">Siyas\u0259t<\/a>","rttpg_excerpt":"\u201c\u018fn b\u00f6y\u00fck problem Arutyunyanlar, Vardanyanlar, Balasanyanlar v\u0259 Babayanlard\u0131r. Onlar uzun m\u00fcdd\u0259tdir ki, Az\u0259rbaycan\u0131n faydal\u0131 qaz\u0131nt\u0131lar\u0131n\u0131 qanunsuz \u015f\u0259kild\u0259 istismar edirdil\u0259r\u201d. Bu s\u00f6zl\u0259ri \u0130TV-y\u0259 Qaraba\u011f erm\u0259nisi Artur A\u011facanov deyib. O qeyd edib ki, onlar bunu Qaraba\u011f erm\u0259nil\u0259rinin rifah\u0131 \u00fc\u00e7\u00fcn deyil, \u015f\u0259xsi m\u0259nafel\u0259ri \u00fc\u00e7\u00fcn istifad\u0259 edirdil\u0259r. Daha \u0259trafl\u0131 s\u00fcjetd\u0259:","_links":{"self":[{"href":"https:\/\/arantv.az\/index.php?rest_route=\/wp\/v2\/posts\/550001"}],"collection":[{"href":"https:\/\/arantv.az\/index.php?rest_route=\/wp\/v2\/posts"}],"about":[{"href":"https:\/\/arantv.az\/index.php?rest_route=\/wp\/v2\/types\/post"}],"author":[{"embeddable":true,"href":"https:\/\/arantv.az\/index.php?rest_route=\/wp\/v2\/users\/2"}],"replies":[{"embeddable":true,"href":"https:\/\/arantv.az\/index.php?rest_route=%2Fwp%2Fv2%2Fcomments&post=550001"}],"version-history":[{"count":0,"href":"https:\/\/arantv.az\/index.php?rest_route=\/wp\/v2\/posts\/550001\/revisions"}],"wp:featuredmedia":[{"embeddable":true,"href":"https:\/\/arantv.az\/index.php?rest_route=\/wp\/v2\/media\/550002"}],"wp:attachment":[{"href":"https:\/\/arantv.az\/index.php?rest_route=%2Fwp%2Fv2%2Fmedia&parent=550001"}],"wp:term":[{"taxonomy":"category","embeddable":true,"href":"https:\/\/arantv.az\/index.php?rest_route=%2Fwp%2Fv2%2Fcategories&post=550001"},{"taxonomy":"post_tag","embeddable":true,"href":"https:\/\/arantv.az\/index.php?rest_route=%2Fwp%2Fv2%2Ftags&post=550001"}],"curies":[{"name":"wp","href":"https:\/\/api.w.org\/{rel}","templated":true}]}}