{"id":550004,"date":"2022-12-27T06:48:46","date_gmt":"2022-12-27T03:48:46","guid":{"rendered":"https:\/\/arantv.az\/?p=550004"},"modified":"2022-12-27T06:48:46","modified_gmt":"2022-12-27T03:48:46","slug":"ai-nin-yeni-missiyasi-artiq-erm%c9%99nistandadir-video","status":"publish","type":"post","link":"https:\/\/arantv.az\/?p=550004","title":{"rendered":"A\u0130-nin yeni missiyas\u0131 art\u0131q Erm\u0259nistandad\u0131r &#8211; V\u0130DEO"},"content":{"rendered":"<article class=\"news\">\n<div class=\"news-inner\">\n<p>A\u0130-nin yeni texniki missiyas\u0131 art\u0131q Erm\u0259nistandad\u0131r.<\/p>\n<div class=\"AdviadNativeVideo\"><\/div>\n<p>Bunu \u00f6lk\u0259nin \u0130ctimai Televiziyas\u0131na m\u00fcsahib\u0259sind\u0259 T\u0259hl\u00fck\u0259sizlik \u015euras\u0131n\u0131n katibi Armen Qriqoryan deyib.<\/p>\n<p>Qeyd ed\u0259k ki, dekabr\u0131n 19-da A\u0130-nin Xarici \u0130\u015fl\u0259r v\u0259 T\u0259hl\u00fck\u0259sizlik Siyas\u0259ti \u00fczr\u0259 Ali N\u00fcmay\u0259nd\u0259si Josep Borrell A\u0130-nin Erm\u0259nistanda m\u00fcmk\u00fcn daha uzunm\u00fcdd\u0259tli missiyas\u0131na yol a\u00e7acaq \u201cke\u00e7id qrupu\u201d il\u0259 A\u0130-nin C\u0259nubi Qafqazda i\u015ftirak\u0131n\u0131n yeni m\u0259rh\u0259l\u0259sinin ba\u015fland\u0131\u011f\u0131n\u0131 elan edib. Onun s\u00f6zl\u0259rin\u0259 g\u00f6r\u0259, yeni missiyan\u0131n \u0259sas m\u0259qs\u0259di regionda davaml\u0131 s\u00fclh\u00fc t\u0259\u015fviq etm\u0259kdir.<\/p>\n<p>Xat\u0131rladaq ki, oktyabr\u0131n 20-d\u0259 ba\u015flayan A\u0130 monitorinq missiyas\u0131n\u0131n mandat\u0131 dekabr\u0131n 19-da ba\u015fa \u00e7at\u0131b.<\/p>\n<div><iframe loading=\"lazy\" title=\"YouTube video player\" src=\"https:\/\/www.youtube.com\/embed\/ndFWtLy_e5o\" width=\"560\" height=\"315\" frameborder=\"0\" allowfullscreen=\"allowfullscreen\" data-mce-fragment=\"1\"><\/iframe><\/div>\n<\/div>\n<\/article>\n","protected":false},"excerpt":{"rendered":"<p>A\u0130-nin yeni texniki missiyas\u0131 art\u0131q Erm\u0259nistandad\u0131r. Bunu \u00f6lk\u0259nin \u0130ctimai Televiziyas\u0131na m\u00fcsahib\u0259sind\u0259 T\u0259hl\u00fck\u0259sizlik \u015euras\u0131n\u0131n katibi Armen Qriqoryan deyib. Qeyd ed\u0259k ki, dekabr\u0131n 19-da A\u0130-nin Xarici \u0130\u015fl\u0259r v\u0259 T\u0259hl\u00fck\u0259sizlik Siyas\u0259ti \u00fczr\u0259 Ali N\u00fcmay\u0259nd\u0259si Josep Borrell A\u0130-nin Erm\u0259nistanda m\u00fcmk\u00fcn daha uzunm\u00fcdd\u0259tli missiyas\u0131na yol a\u00e7acaq \u201cke\u00e7id qrupu\u201d il\u0259 A\u0130-nin C\u0259nubi Qafqazda i\u015ftirak\u0131n\u0131n yeni m\u0259rh\u0259l\u0259sinin ba\u015fland\u0131\u011f\u0131n\u0131 elan edib. Onun s\u00f6zl\u0259rin\u0259 g\u00f6r\u0259, yeni missiyan\u0131n \u0259sas m\u0259qs\u0259di regionda davaml\u0131 s\u00fclh\u00fc t\u0259\u015fviq etm\u0259kdir. Xat\u0131rladaq ki, oktyabr\u0131n 20-d\u0259 ba\u015flayan A\u0130 monitorinq missiyas\u0131n\u0131n mandat\u0131 dekabr\u0131n 19-da ba\u015fa \u00e7at\u0131b.<\/p>\n","protected":false},"author":2,"featured_media":550005,"comment_status":"closed","ping_status":"closed","sticky":false,"template":"","format":"standard","meta":{"om_disable_all_campaigns":false,"_monsterinsights_skip_tracking":false,"_monsterinsights_sitenote_active":false,"_monsterinsights_sitenote_note":"","_monsterinsights_sitenote_category":0},"categories":[19],"tags":[],"aioseo_notices":[],"gutentor_comment":0,"rttpg_featured_image_url":{"full":["https:\/\/arantv.az\/wp-content\/uploads\/2022\/12\/321032718_679906093644537_1456719224692976556_n.jpg",620,413,false],"landscape":["https:\/\/arantv.az\/wp-content\/uploads\/2022\/12\/321032718_679906093644537_1456719224692976556_n.jpg",620,413,false],"portraits":["https:\/\/arantv.az\/wp-content\/uploads\/2022\/12\/321032718_679906093644537_1456719224692976556_n.jpg",620,413,false],"thumbnail":["https:\/\/arantv.az\/wp-content\/uploads\/2022\/12\/321032718_679906093644537_1456719224692976556_n-500x280.jpg",500,280,true],"medium":["https:\/\/arantv.az\/wp-content\/uploads\/2022\/12\/321032718_679906093644537_1456719224692976556_n-548x365.jpg",548,365,true],"large":["https:\/\/arantv.az\/wp-content\/uploads\/2022\/12\/321032718_679906093644537_1456719224692976556_n.jpg",620,413,false],"1536x1536":["https:\/\/arantv.az\/wp-content\/uploads\/2022\/12\/321032718_679906093644537_1456719224692976556_n.jpg",620,413,false],"2048x2048":["https:\/\/arantv.az\/wp-content\/uploads\/2022\/12\/321032718_679906093644537_1456719224692976556_n.jpg",620,413,false],"post-thumbnail":["https:\/\/arantv.az\/wp-content\/uploads\/2022\/12\/321032718_679906093644537_1456719224692976556_n-240x172.jpg",240,172,true],"advps-thumb-one":["https:\/\/arantv.az\/wp-content\/uploads\/2022\/12\/321032718_679906093644537_1456719224692976556_n.jpg",620,413,false]},"rttpg_author":{"display_name":"V\u00fcsal Rafiqo\u011flu","author_link":"https:\/\/arantv.az\/?author=2"},"rttpg_comment":0,"rttpg_category":"<a href=\"https:\/\/arantv.az\/?cat=19\" rel=\"category\">G\u00fcnd\u0259m<\/a>","rttpg_excerpt":"A\u0130-nin yeni texniki missiyas\u0131 art\u0131q Erm\u0259nistandad\u0131r. Bunu \u00f6lk\u0259nin \u0130ctimai Televiziyas\u0131na m\u00fcsahib\u0259sind\u0259 T\u0259hl\u00fck\u0259sizlik \u015euras\u0131n\u0131n katibi Armen Qriqoryan deyib. Qeyd ed\u0259k ki, dekabr\u0131n 19-da A\u0130-nin Xarici \u0130\u015fl\u0259r v\u0259 T\u0259hl\u00fck\u0259sizlik Siyas\u0259ti \u00fczr\u0259 Ali N\u00fcmay\u0259nd\u0259si Josep Borrell A\u0130-nin Erm\u0259nistanda m\u00fcmk\u00fcn daha uzunm\u00fcdd\u0259tli missiyas\u0131na yol a\u00e7acaq \u201cke\u00e7id qrupu\u201d il\u0259 A\u0130-nin C\u0259nubi Qafqazda i\u015ftirak\u0131n\u0131n yeni m\u0259rh\u0259l\u0259sinin ba\u015fland\u0131\u011f\u0131n\u0131 elan edib. Onun s\u00f6zl\u0259rin\u0259&hellip;","_links":{"self":[{"href":"https:\/\/arantv.az\/index.php?rest_route=\/wp\/v2\/posts\/550004"}],"collection":[{"href":"https:\/\/arantv.az\/index.php?rest_route=\/wp\/v2\/posts"}],"about":[{"href":"https:\/\/arantv.az\/index.php?rest_route=\/wp\/v2\/types\/post"}],"author":[{"embeddable":true,"href":"https:\/\/arantv.az\/index.php?rest_route=\/wp\/v2\/users\/2"}],"replies":[{"embeddable":true,"href":"https:\/\/arantv.az\/index.php?rest_route=%2Fwp%2Fv2%2Fcomments&post=550004"}],"version-history":[{"count":0,"href":"https:\/\/arantv.az\/index.php?rest_route=\/wp\/v2\/posts\/550004\/revisions"}],"wp:featuredmedia":[{"embeddable":true,"href":"https:\/\/arantv.az\/index.php?rest_route=\/wp\/v2\/media\/550005"}],"wp:attachment":[{"href":"https:\/\/arantv.az\/index.php?rest_route=%2Fwp%2Fv2%2Fmedia&parent=550004"}],"wp:term":[{"taxonomy":"category","embeddable":true,"href":"https:\/\/arantv.az\/index.php?rest_route=%2Fwp%2Fv2%2Fcategories&post=550004"},{"taxonomy":"post_tag","embeddable":true,"href":"https:\/\/arantv.az\/index.php?rest_route=%2Fwp%2Fv2%2Ftags&post=550004"}],"curies":[{"name":"wp","href":"https:\/\/api.w.org\/{rel}","templated":true}]}}