{"id":550011,"date":"2022-12-27T06:59:10","date_gmt":"2022-12-27T03:59:10","guid":{"rendered":"https:\/\/arantv.az\/?p=550011"},"modified":"2022-12-27T06:59:10","modified_gmt":"2022-12-27T03:59:10","slug":"masalli-rayon-x%c9%99st%c9%99xanasinin-bas-h%c9%99kimi-saxlanildi-video","status":"publish","type":"post","link":"https:\/\/arantv.az\/?p=550011","title":{"rendered":"Masall\u0131 Rayon X\u0259st\u0259xanas\u0131n\u0131n ba\u015f h\u0259kimi saxlan\u0131ld\u0131 &#8211; V\u0130DEO"},"content":{"rendered":"<article class=\"news\">\n<div class=\"news-inner\">\n<p>Masall\u0131 Rayon M\u0259rk\u0259zi X\u0259st\u0259xanas\u0131n\u0131n ba\u015f h\u0259kimi saxlan\u0131l\u0131b.<\/p>\n<p>APA-n\u0131n m\u0259lumat\u0131na g\u00f6r\u0259, bu g\u00fcn Ba\u015f prokuror yan\u0131nda Korrupsiyaya qar\u015f\u0131 M\u00fcbariz\u0259 Ba\u015f \u0130dar\u0259sinin \u0259m\u0259kda\u015flar\u0131 t\u0259r\u0259find\u0259n ke\u00e7iril\u0259n \u0259m\u0259liyyat zaman\u0131 x\u0259st\u0259xanan\u0131n ba\u015f h\u0259kimi E\u015fqin \u018fliyev tutulub.<\/p>\n<p>Ba\u015f Prokurorlu\u011fun M\u0259tbuat xidm\u0259tind\u0259n bildirilib ki, qeyd olunan faktla ba\u011fl\u0131 ictimaiyy\u0259t\u0259 \u0259lav\u0259 m\u0259lumat veril\u0259c\u0259k.<\/p>\n<div><iframe loading=\"lazy\" title=\"YouTube video player\" src=\"https:\/\/www.youtube.com\/embed\/aLPEK89yf28\" width=\"560\" height=\"315\" frameborder=\"0\" allowfullscreen=\"allowfullscreen\" data-mce-fragment=\"1\"><\/iframe><\/div>\n<\/div>\n<\/article>\n","protected":false},"excerpt":{"rendered":"<p>Masall\u0131 Rayon M\u0259rk\u0259zi X\u0259st\u0259xanas\u0131n\u0131n ba\u015f h\u0259kimi saxlan\u0131l\u0131b. APA-n\u0131n m\u0259lumat\u0131na g\u00f6r\u0259, bu g\u00fcn Ba\u015f prokuror yan\u0131nda Korrupsiyaya qar\u015f\u0131 M\u00fcbariz\u0259 Ba\u015f \u0130dar\u0259sinin \u0259m\u0259kda\u015flar\u0131 t\u0259r\u0259find\u0259n ke\u00e7iril\u0259n \u0259m\u0259liyyat zaman\u0131 x\u0259st\u0259xanan\u0131n ba\u015f h\u0259kimi E\u015fqin \u018fliyev tutulub. Ba\u015f Prokurorlu\u011fun M\u0259tbuat xidm\u0259tind\u0259n bildirilib ki, qeyd olunan faktla ba\u011fl\u0131 ictimaiyy\u0259t\u0259 \u0259lav\u0259 m\u0259lumat veril\u0259c\u0259k.<\/p>\n","protected":false},"author":2,"featured_media":550012,"comment_status":"closed","ping_status":"closed","sticky":false,"template":"","format":"standard","meta":{"om_disable_all_campaigns":false,"_monsterinsights_skip_tracking":false,"_monsterinsights_sitenote_active":false,"_monsterinsights_sitenote_note":"","_monsterinsights_sitenote_category":0},"categories":[5],"tags":[],"aioseo_notices":[],"gutentor_comment":0,"rttpg_featured_image_url":{"full":["https:\/\/arantv.az\/wp-content\/uploads\/2022\/12\/FotoJet-2022-12-26T232513.078.jpg",620,413,false],"landscape":["https:\/\/arantv.az\/wp-content\/uploads\/2022\/12\/FotoJet-2022-12-26T232513.078.jpg",620,413,false],"portraits":["https:\/\/arantv.az\/wp-content\/uploads\/2022\/12\/FotoJet-2022-12-26T232513.078.jpg",620,413,false],"thumbnail":["https:\/\/arantv.az\/wp-content\/uploads\/2022\/12\/FotoJet-2022-12-26T232513.078-500x280.jpg",500,280,true],"medium":["https:\/\/arantv.az\/wp-content\/uploads\/2022\/12\/FotoJet-2022-12-26T232513.078-548x365.jpg",548,365,true],"large":["https:\/\/arantv.az\/wp-content\/uploads\/2022\/12\/FotoJet-2022-12-26T232513.078.jpg",620,413,false],"1536x1536":["https:\/\/arantv.az\/wp-content\/uploads\/2022\/12\/FotoJet-2022-12-26T232513.078.jpg",620,413,false],"2048x2048":["https:\/\/arantv.az\/wp-content\/uploads\/2022\/12\/FotoJet-2022-12-26T232513.078.jpg",620,413,false],"post-thumbnail":["https:\/\/arantv.az\/wp-content\/uploads\/2022\/12\/FotoJet-2022-12-26T232513.078-240x172.jpg",240,172,true],"advps-thumb-one":["https:\/\/arantv.az\/wp-content\/uploads\/2022\/12\/FotoJet-2022-12-26T232513.078.jpg",620,413,false]},"rttpg_author":{"display_name":"V\u00fcsal Rafiqo\u011flu","author_link":"https:\/\/arantv.az\/?author=2"},"rttpg_comment":0,"rttpg_category":"<a href=\"https:\/\/arantv.az\/?cat=5\" rel=\"category\">Hadis\u0259<\/a>","rttpg_excerpt":"Masall\u0131 Rayon M\u0259rk\u0259zi X\u0259st\u0259xanas\u0131n\u0131n ba\u015f h\u0259kimi saxlan\u0131l\u0131b. APA-n\u0131n m\u0259lumat\u0131na g\u00f6r\u0259, bu g\u00fcn Ba\u015f prokuror yan\u0131nda Korrupsiyaya qar\u015f\u0131 M\u00fcbariz\u0259 Ba\u015f \u0130dar\u0259sinin \u0259m\u0259kda\u015flar\u0131 t\u0259r\u0259find\u0259n ke\u00e7iril\u0259n \u0259m\u0259liyyat zaman\u0131 x\u0259st\u0259xanan\u0131n ba\u015f h\u0259kimi E\u015fqin \u018fliyev tutulub. Ba\u015f Prokurorlu\u011fun M\u0259tbuat xidm\u0259tind\u0259n bildirilib ki, qeyd olunan faktla ba\u011fl\u0131 ictimaiyy\u0259t\u0259 \u0259lav\u0259 m\u0259lumat veril\u0259c\u0259k.","_links":{"self":[{"href":"https:\/\/arantv.az\/index.php?rest_route=\/wp\/v2\/posts\/550011"}],"collection":[{"href":"https:\/\/arantv.az\/index.php?rest_route=\/wp\/v2\/posts"}],"about":[{"href":"https:\/\/arantv.az\/index.php?rest_route=\/wp\/v2\/types\/post"}],"author":[{"embeddable":true,"href":"https:\/\/arantv.az\/index.php?rest_route=\/wp\/v2\/users\/2"}],"replies":[{"embeddable":true,"href":"https:\/\/arantv.az\/index.php?rest_route=%2Fwp%2Fv2%2Fcomments&post=550011"}],"version-history":[{"count":0,"href":"https:\/\/arantv.az\/index.php?rest_route=\/wp\/v2\/posts\/550011\/revisions"}],"wp:featuredmedia":[{"embeddable":true,"href":"https:\/\/arantv.az\/index.php?rest_route=\/wp\/v2\/media\/550012"}],"wp:attachment":[{"href":"https:\/\/arantv.az\/index.php?rest_route=%2Fwp%2Fv2%2Fmedia&parent=550011"}],"wp:term":[{"taxonomy":"category","embeddable":true,"href":"https:\/\/arantv.az\/index.php?rest_route=%2Fwp%2Fv2%2Fcategories&post=550011"},{"taxonomy":"post_tag","embeddable":true,"href":"https:\/\/arantv.az\/index.php?rest_route=%2Fwp%2Fv2%2Ftags&post=550011"}],"curies":[{"name":"wp","href":"https:\/\/api.w.org\/{rel}","templated":true}]}}