{"id":550015,"date":"2022-12-27T07:00:22","date_gmt":"2022-12-27T04:00:22","guid":{"rendered":"https:\/\/arantv.az\/?p=550015"},"modified":"2022-12-27T07:00:22","modified_gmt":"2022-12-27T04:00:22","slug":"x%c9%99st%c9%99xanada-kadr-catismazligi-yasanir-bir-h%c9%99kim-var-o-da-m%c9%99zuniyy%c9%99td%c9%99dir-video","status":"publish","type":"post","link":"https:\/\/arantv.az\/?p=550015","title":{"rendered":"X\u0259st\u0259xanada kadr \u00e7at\u0131\u015fmazl\u0131\u011f\u0131 ya\u015fan\u0131r: \u201cBir h\u0259kim var, o da m\u0259zuniyy\u0259td\u0259dir\u201d &#8211; V\u0130DEO"},"content":{"rendered":"<p>Goranboyda yeni tikil\u0259n M\u0259rk\u0259zi X\u0259st\u0259xanada kadr \u00e7at\u0131\u015fmazl\u0131\u011f\u0131 ya\u015fan\u0131r.<\/p>\n<div class=\"AdviadNativeVideo\"><\/div>\n<p>M\u00fcasir v\u0259 \u0259n yeni\u00a0avadanl\u0131qlarla t\u0259min olunan x\u0259st\u0259xanada x\u0259st\u0259l\u0259rin d\u0259rdin\u0259 d\u0259va olacaq h\u0259kim yoxdur.<\/p>\n<p>\u201cB\u00f6yr\u0259yim\u0259 g\u00f6r\u0259 aparatdan ke\u00e7m\u0259k ist\u0259yir\u0259m amma deyirl\u0259r ki, ancaq bir h\u0259kim var, o da m\u0259zuniyy\u0259td\u0259dir\u201d, &#8211; dey\u0259 \u015f\u0259h\u0259r sakini qeyd edib.<\/p>\n<p>Daha \u0259trafl\u0131 \u0130TV-nin s\u00fcjetind\u0259:<\/p>\n<div><iframe loading=\"lazy\" src=\"https:\/\/www.facebook.com\/plugins\/video.php?height=314&amp;href=https%3A%2F%2Fwww.facebook.com%2Fictimaitv%2Fvideos%2F548308043868389%2F&amp;show_text=false&amp;width=560&amp;t=0\" width=\"560\" height=\"314\" frameborder=\"0\" scrolling=\"no\" allowfullscreen=\"allowfullscreen\" data-mce-fragment=\"1\"><\/iframe><\/div>\n<p>&nbsp;<\/p>\n","protected":false},"excerpt":{"rendered":"<p>Goranboyda yeni tikil\u0259n M\u0259rk\u0259zi X\u0259st\u0259xanada kadr \u00e7at\u0131\u015fmazl\u0131\u011f\u0131 ya\u015fan\u0131r. M\u00fcasir v\u0259 \u0259n yeni\u00a0avadanl\u0131qlarla t\u0259min olunan x\u0259st\u0259xanada x\u0259st\u0259l\u0259rin d\u0259rdin\u0259 d\u0259va olacaq h\u0259kim yoxdur. \u201cB\u00f6yr\u0259yim\u0259 g\u00f6r\u0259 aparatdan ke\u00e7m\u0259k ist\u0259yir\u0259m amma deyirl\u0259r ki, ancaq bir h\u0259kim var, o da m\u0259zuniyy\u0259td\u0259dir\u201d, &#8211; dey\u0259 \u015f\u0259h\u0259r sakini qeyd edib. Daha \u0259trafl\u0131 \u0130TV-nin s\u00fcjetind\u0259: &nbsp;<\/p>\n","protected":false},"author":2,"featured_media":550016,"comment_status":"closed","ping_status":"closed","sticky":false,"template":"","format":"standard","meta":{"om_disable_all_campaigns":false,"_monsterinsights_skip_tracking":false,"_monsterinsights_sitenote_active":false,"_monsterinsights_sitenote_note":"","_monsterinsights_sitenote_category":0},"categories":[1],"tags":[],"aioseo_notices":[],"gutentor_comment":0,"rttpg_featured_image_url":{"full":["https:\/\/arantv.az\/wp-content\/uploads\/2022\/12\/FotoJet-2022-12-26T225742.521.jpg",620,413,false],"landscape":["https:\/\/arantv.az\/wp-content\/uploads\/2022\/12\/FotoJet-2022-12-26T225742.521.jpg",620,413,false],"portraits":["https:\/\/arantv.az\/wp-content\/uploads\/2022\/12\/FotoJet-2022-12-26T225742.521.jpg",620,413,false],"thumbnail":["https:\/\/arantv.az\/wp-content\/uploads\/2022\/12\/FotoJet-2022-12-26T225742.521-500x280.jpg",500,280,true],"medium":["https:\/\/arantv.az\/wp-content\/uploads\/2022\/12\/FotoJet-2022-12-26T225742.521-548x365.jpg",548,365,true],"large":["https:\/\/arantv.az\/wp-content\/uploads\/2022\/12\/FotoJet-2022-12-26T225742.521.jpg",620,413,false],"1536x1536":["https:\/\/arantv.az\/wp-content\/uploads\/2022\/12\/FotoJet-2022-12-26T225742.521.jpg",620,413,false],"2048x2048":["https:\/\/arantv.az\/wp-content\/uploads\/2022\/12\/FotoJet-2022-12-26T225742.521.jpg",620,413,false],"post-thumbnail":["https:\/\/arantv.az\/wp-content\/uploads\/2022\/12\/FotoJet-2022-12-26T225742.521-240x172.jpg",240,172,true],"advps-thumb-one":["https:\/\/arantv.az\/wp-content\/uploads\/2022\/12\/FotoJet-2022-12-26T225742.521.jpg",620,413,false]},"rttpg_author":{"display_name":"V\u00fcsal Rafiqo\u011flu","author_link":"https:\/\/arantv.az\/?author=2"},"rttpg_comment":0,"rttpg_category":"<a href=\"https:\/\/arantv.az\/?cat=1\" rel=\"category\">C\u0259miyy\u0259t<\/a>","rttpg_excerpt":"Goranboyda yeni tikil\u0259n M\u0259rk\u0259zi X\u0259st\u0259xanada kadr \u00e7at\u0131\u015fmazl\u0131\u011f\u0131 ya\u015fan\u0131r. M\u00fcasir v\u0259 \u0259n yeni\u00a0avadanl\u0131qlarla t\u0259min olunan x\u0259st\u0259xanada x\u0259st\u0259l\u0259rin d\u0259rdin\u0259 d\u0259va olacaq h\u0259kim yoxdur. \u201cB\u00f6yr\u0259yim\u0259 g\u00f6r\u0259 aparatdan ke\u00e7m\u0259k ist\u0259yir\u0259m amma deyirl\u0259r ki, ancaq bir h\u0259kim var, o da m\u0259zuniyy\u0259td\u0259dir\u201d, &#8211; dey\u0259 \u015f\u0259h\u0259r sakini qeyd edib. Daha \u0259trafl\u0131 \u0130TV-nin s\u00fcjetind\u0259: &nbsp;","_links":{"self":[{"href":"https:\/\/arantv.az\/index.php?rest_route=\/wp\/v2\/posts\/550015"}],"collection":[{"href":"https:\/\/arantv.az\/index.php?rest_route=\/wp\/v2\/posts"}],"about":[{"href":"https:\/\/arantv.az\/index.php?rest_route=\/wp\/v2\/types\/post"}],"author":[{"embeddable":true,"href":"https:\/\/arantv.az\/index.php?rest_route=\/wp\/v2\/users\/2"}],"replies":[{"embeddable":true,"href":"https:\/\/arantv.az\/index.php?rest_route=%2Fwp%2Fv2%2Fcomments&post=550015"}],"version-history":[{"count":0,"href":"https:\/\/arantv.az\/index.php?rest_route=\/wp\/v2\/posts\/550015\/revisions"}],"wp:featuredmedia":[{"embeddable":true,"href":"https:\/\/arantv.az\/index.php?rest_route=\/wp\/v2\/media\/550016"}],"wp:attachment":[{"href":"https:\/\/arantv.az\/index.php?rest_route=%2Fwp%2Fv2%2Fmedia&parent=550015"}],"wp:term":[{"taxonomy":"category","embeddable":true,"href":"https:\/\/arantv.az\/index.php?rest_route=%2Fwp%2Fv2%2Fcategories&post=550015"},{"taxonomy":"post_tag","embeddable":true,"href":"https:\/\/arantv.az\/index.php?rest_route=%2Fwp%2Fv2%2Ftags&post=550015"}],"curies":[{"name":"wp","href":"https:\/\/api.w.org\/{rel}","templated":true}]}}