{"id":550033,"date":"2022-12-27T07:06:08","date_gmt":"2022-12-27T04:06:08","guid":{"rendered":"https:\/\/arantv.az\/?p=550033"},"modified":"2022-12-27T07:06:08","modified_gmt":"2022-12-27T04:06:08","slug":"s%c9%99hidin-qardasi-62-gun-sonra-s%c9%99hid-oldugunu-bildik-video","status":"publish","type":"post","link":"https:\/\/arantv.az\/?p=550033","title":{"rendered":"\u015e\u0259hidin qarda\u015f\u0131: \u201c62 g\u00fcn sonra \u015f\u0259hid oldu\u011funu bildik\u201d &#8211; V\u0130DEO"},"content":{"rendered":"<article class=\"news\">\n<div class=\"news-inner\">\n<p>Baku TV-nin \u0259m\u0259kda\u015f\u0131 V\u0259t\u0259n m\u00fcharib\u0259si \u015f\u0259hidi Amil H\u00fcseynovun ail\u0259sini ziyar\u0259t edib.<\/p>\n<p>\u015e\u0259hidin qarda\u015f\u0131n\u0131n s\u00f6zl\u0259rin\u0259 g\u00f6r\u0259, Amilin sonuncu z\u0259ngind\u0259n 62 g\u00fcn sonra onun F\u00fczulid\u0259 \u015f\u0259hid olmas\u0131ndan x\u0259b\u0259r tutublar.<\/p>\n<div class=\"AdviadNativeVideo\"><\/div>\n<p>\u201cAtam ev\u0259 g\u0259ldi. Kefi yox idi. Z\u0259ng g\u0259ldi, \u00e7\u00f6l\u0259 \u00e7\u0131xd\u0131. Soru\u015fanda dedi ki, z\u0259ng el\u0259yibl\u0259r ki, g\u00f6z\u00fcn ayd\u0131n, Amild\u0259n x\u0259b\u0259r var. Atam bizi aldatd\u0131. \u00c7ox sevindik ki, b\u0259lk\u0259 d\u0259 girov d\u00fc\u015f\u00fcb\u201d, &#8211; dey\u0259 \u015f\u0259hidin bac\u0131s\u0131 Aysel H\u00fcseynova deyib.<\/p>\n<p>O \u0259lav\u0259 edib ki, qarda\u015f\u0131 son z\u0259ngind\u0259 onu b\u00f6y\u00fck o\u011fluna tap\u015f\u0131r\u0131b:<\/p>\n<p>\u201cTelefonu b\u00f6y\u00fck o\u011flum Tahir\u0259 verm\u0259yimi ist\u0259di. Dedi ki, Ayseld\u0259n mu\u011fayat ol. O anda hiss el\u0259dim ki, n\u0259s\u0259 var\u201d.<\/p>\n<p>Qeyd ed\u0259k ki, Amil H\u00fcseynov F\u00fczuli, C\u0259bray\u0131l v\u0259 Xocav\u0259ndin azad olunmas\u0131 u\u011frunda d\u00f6y\u00fc\u015fl\u0259rd\u0259 i\u015ftirak edib.<\/p>\n<p>Daha \u0259trafl\u0131 s\u00fcjetd\u0259:<\/p>\n<div><iframe loading=\"lazy\" title=\"YouTube video player\" src=\"https:\/\/www.youtube.com\/embed\/kv87xCfXLRI\" width=\"560\" height=\"315\" frameborder=\"0\" allowfullscreen=\"allowfullscreen\" data-mce-fragment=\"1\"><\/iframe><\/div>\n<\/div>\n<\/article>\n","protected":false},"excerpt":{"rendered":"<p>Baku TV-nin \u0259m\u0259kda\u015f\u0131 V\u0259t\u0259n m\u00fcharib\u0259si \u015f\u0259hidi Amil H\u00fcseynovun ail\u0259sini ziyar\u0259t edib. \u015e\u0259hidin qarda\u015f\u0131n\u0131n s\u00f6zl\u0259rin\u0259 g\u00f6r\u0259, Amilin sonuncu z\u0259ngind\u0259n 62 g\u00fcn sonra onun F\u00fczulid\u0259 \u015f\u0259hid olmas\u0131ndan x\u0259b\u0259r tutublar. \u201cAtam ev\u0259 g\u0259ldi. Kefi yox idi. Z\u0259ng g\u0259ldi, \u00e7\u00f6l\u0259 \u00e7\u0131xd\u0131. Soru\u015fanda dedi ki, z\u0259ng el\u0259yibl\u0259r ki, g\u00f6z\u00fcn ayd\u0131n, Amild\u0259n x\u0259b\u0259r var. Atam bizi aldatd\u0131. \u00c7ox sevindik ki, b\u0259lk\u0259 d\u0259 girov d\u00fc\u015f\u00fcb\u201d, &#8211; dey\u0259 \u015f\u0259hidin bac\u0131s\u0131 Aysel H\u00fcseynova deyib. O \u0259lav\u0259 edib ki, qarda\u015f\u0131 son z\u0259ngind\u0259 onu b\u00f6y\u00fck o\u011fluna tap\u015f\u0131r\u0131b: \u201cTelefonu b\u00f6y\u00fck o\u011flum Tahir\u0259 verm\u0259yimi ist\u0259di. Dedi ki, Ayseld\u0259n mu\u011fayat ol. O anda hiss&hellip;<\/p>\n","protected":false},"author":2,"featured_media":550034,"comment_status":"closed","ping_status":"closed","sticky":false,"template":"","format":"standard","meta":{"om_disable_all_campaigns":false,"_monsterinsights_skip_tracking":false,"_monsterinsights_sitenote_active":false,"_monsterinsights_sitenote_note":"","_monsterinsights_sitenote_category":0},"categories":[1],"tags":[],"aioseo_notices":[],"gutentor_comment":0,"rttpg_featured_image_url":{"full":["https:\/\/arantv.az\/wp-content\/uploads\/2022\/12\/FotoJet-2022-12-26T210213.263.jpg",620,413,false],"landscape":["https:\/\/arantv.az\/wp-content\/uploads\/2022\/12\/FotoJet-2022-12-26T210213.263.jpg",620,413,false],"portraits":["https:\/\/arantv.az\/wp-content\/uploads\/2022\/12\/FotoJet-2022-12-26T210213.263.jpg",620,413,false],"thumbnail":["https:\/\/arantv.az\/wp-content\/uploads\/2022\/12\/FotoJet-2022-12-26T210213.263-500x280.jpg",500,280,true],"medium":["https:\/\/arantv.az\/wp-content\/uploads\/2022\/12\/FotoJet-2022-12-26T210213.263-548x365.jpg",548,365,true],"large":["https:\/\/arantv.az\/wp-content\/uploads\/2022\/12\/FotoJet-2022-12-26T210213.263.jpg",620,413,false],"1536x1536":["https:\/\/arantv.az\/wp-content\/uploads\/2022\/12\/FotoJet-2022-12-26T210213.263.jpg",620,413,false],"2048x2048":["https:\/\/arantv.az\/wp-content\/uploads\/2022\/12\/FotoJet-2022-12-26T210213.263.jpg",620,413,false],"post-thumbnail":["https:\/\/arantv.az\/wp-content\/uploads\/2022\/12\/FotoJet-2022-12-26T210213.263-240x172.jpg",240,172,true],"advps-thumb-one":["https:\/\/arantv.az\/wp-content\/uploads\/2022\/12\/FotoJet-2022-12-26T210213.263.jpg",620,413,false]},"rttpg_author":{"display_name":"V\u00fcsal Rafiqo\u011flu","author_link":"https:\/\/arantv.az\/?author=2"},"rttpg_comment":0,"rttpg_category":"<a href=\"https:\/\/arantv.az\/?cat=1\" rel=\"category\">C\u0259miyy\u0259t<\/a>","rttpg_excerpt":"Baku TV-nin \u0259m\u0259kda\u015f\u0131 V\u0259t\u0259n m\u00fcharib\u0259si \u015f\u0259hidi Amil H\u00fcseynovun ail\u0259sini ziyar\u0259t edib. \u015e\u0259hidin qarda\u015f\u0131n\u0131n s\u00f6zl\u0259rin\u0259 g\u00f6r\u0259, Amilin sonuncu z\u0259ngind\u0259n 62 g\u00fcn sonra onun F\u00fczulid\u0259 \u015f\u0259hid olmas\u0131ndan x\u0259b\u0259r tutublar. \u201cAtam ev\u0259 g\u0259ldi. Kefi yox idi. Z\u0259ng g\u0259ldi, \u00e7\u00f6l\u0259 \u00e7\u0131xd\u0131. Soru\u015fanda dedi ki, z\u0259ng el\u0259yibl\u0259r ki, g\u00f6z\u00fcn ayd\u0131n, Amild\u0259n x\u0259b\u0259r var. Atam bizi aldatd\u0131. \u00c7ox sevindik ki, b\u0259lk\u0259&hellip;","_links":{"self":[{"href":"https:\/\/arantv.az\/index.php?rest_route=\/wp\/v2\/posts\/550033"}],"collection":[{"href":"https:\/\/arantv.az\/index.php?rest_route=\/wp\/v2\/posts"}],"about":[{"href":"https:\/\/arantv.az\/index.php?rest_route=\/wp\/v2\/types\/post"}],"author":[{"embeddable":true,"href":"https:\/\/arantv.az\/index.php?rest_route=\/wp\/v2\/users\/2"}],"replies":[{"embeddable":true,"href":"https:\/\/arantv.az\/index.php?rest_route=%2Fwp%2Fv2%2Fcomments&post=550033"}],"version-history":[{"count":0,"href":"https:\/\/arantv.az\/index.php?rest_route=\/wp\/v2\/posts\/550033\/revisions"}],"wp:featuredmedia":[{"embeddable":true,"href":"https:\/\/arantv.az\/index.php?rest_route=\/wp\/v2\/media\/550034"}],"wp:attachment":[{"href":"https:\/\/arantv.az\/index.php?rest_route=%2Fwp%2Fv2%2Fmedia&parent=550033"}],"wp:term":[{"taxonomy":"category","embeddable":true,"href":"https:\/\/arantv.az\/index.php?rest_route=%2Fwp%2Fv2%2Fcategories&post=550033"},{"taxonomy":"post_tag","embeddable":true,"href":"https:\/\/arantv.az\/index.php?rest_route=%2Fwp%2Fv2%2Ftags&post=550033"}],"curies":[{"name":"wp","href":"https:\/\/api.w.org\/{rel}","templated":true}]}}