{"id":550036,"date":"2022-12-27T07:07:17","date_gmt":"2022-12-27T04:07:17","guid":{"rendered":"https:\/\/arantv.az\/?p=550036"},"modified":"2022-12-27T07:07:17","modified_gmt":"2022-12-27T04:07:17","slug":"q%c9%99rbi-az%c9%99rbaycanlilar-ata-ocaqlarina-qayidacaqlar","status":"publish","type":"post","link":"https:\/\/arantv.az\/?p=550036","title":{"rendered":"Q\u0259rbi az\u0259rbaycanl\u0131lar ata ocaqlar\u0131na qay\u0131dacaqlar!"},"content":{"rendered":"<p><em><strong>Q\u0259rbi Az\u0259rbaycan \u0130cmas\u0131n\u0131n inzibati binas\u0131nda yarad\u0131lan \u015f\u0259raitl\u0259 tan\u0131\u015f olan Prezident \u0130lham \u018fliyevin bu fikri q\u0259tiyy\u0259tl\u0259 vur\u011fulad\u0131<\/strong><\/em><\/p>\n<p>Az\u0259rbaycanl\u0131lar\u0131n ata-baba yurdu Q\u0259rbi Az\u0259rbaycandan zorla k\u00f6\u00e7\u00fcr\u00fclm\u0259sini m\u0259rh\u0259l\u0259l\u0259r \u00fczr\u0259 h\u0259yata ke\u00e7ir\u0259n erm\u0259ni da\u015fnaklar\u0131n\u0131n vandalizminin qurbanlar\u0131 olan soyda\u015flar\u0131m\u0131z \u00f6t\u0259n \u0259srd\u0259 daha \u00e7ox t\u0259zyiql\u0259r\u0259 m\u0259ruz qalm\u0131\u015flar. \u0130randan, T\u00fcrkiy\u0259d\u0259n v\u0259 dig\u0259r \u00f6lk\u0259l\u0259rd\u0259n k\u00f6\u00e7\u00fcr\u00fcl\u0259n erm\u0259nil\u0259rin Q\u0259rbi Az\u0259rbaycanda m\u0259skunla\u015fmas\u0131 \u00fc\u00e7\u00fcn aborigen az\u0259rbaycanl\u0131lar\u0131 s\u0131x\u0131\u015fd\u0131ran da\u015fnaklar imperiyan\u0131n d\u0259st\u0259yi il\u0259 etnik t\u0259mizl\u0259m\u0259 siyas\u0259tl\u0259rin\u0259 nail oldular. 1905-1907, 1918-1920, 1947-1953-c\u00fc ill\u0259rd\u0259 az\u0259rbaycanl\u0131lara qar\u015f\u0131 t\u00f6r\u0259dil\u0259n q\u0131r\u011f\u0131nlar, da\u011f\u0131nt\u0131lar n\u0259tic\u0259sind\u0259 y\u00fcz minl\u0259rl\u0259 soyda\u015f\u0131m\u0131z evl\u0259rini t\u0259rk etm\u0259y\u0259 m\u0259cbur qald\u0131lar. Ke\u00e7mi\u015f SSR\u0130-nin r\u0259hb\u0259rliyind\u0259 y\u00fcks\u0259k v\u0259zif\u0259l\u0259rd\u0259 t\u0259msil olunan erm\u0259nil\u0259rin haz\u0131rlad\u0131qlar\u0131 planlar \u0259sas\u0131nda h\u0259yata ke\u00e7iril\u0259n deportasiyalar zaman\u0131 Az\u0259rbaycan\u0131n Mil-Mu\u011fan b\u00f6lg\u0259sin\u0259 yerl\u0259\u015fdiril\u0259n soyda\u015flar\u0131m\u0131z\u0131n \u0259ks\u0259riyy\u0259ti iqlim d\u0259yi\u015fikliyin\u0259, yurd h\u0259sr\u0259tin\u0259 tab g\u0259tirm\u0259y\u0259r\u0259k d\u00fcnyalar\u0131n\u0131 d\u0259yi\u015fdil\u0259r. Sovet h\u00f6kum\u0259tinin \u00abKolxoz\u00e7ular\u0131n v\u0259 ba\u015fqa az\u0259rbaycanl\u0131 \u0259halinin Erm\u0259nistan SSR-d\u0259n Az\u0259rbaycan SSR-nin K\u00fcr-Araz oval\u0131\u011f\u0131na k\u00f6\u00e7\u00fcr\u00fclm\u0259si haqq\u0131nda\u00bbk\u0131 10 mart 1948- ci il tarixli q\u0259rar\u0131na m\u00fcvafiq olaraq bu \u0259razil\u0259r\u0259 k\u00f6\u00e7\u00fcr\u00fcl\u0259nl\u0259rin d\u0259rhal i\u015fd\u0259n azad edilm\u0259si aidiyy\u0259ti orqanlar\u0131n r\u0259hb\u0259rl\u0259rin\u0259 bir v\u0259zif\u0259 olaraq tap\u015f\u0131r\u0131l\u0131rd\u0131. \u00c7ox maraql\u0131d\u0131r ki, Erm\u0259nistan\u0131n hakim dair\u0259l\u0259ri deportasiya etdikl\u0259ri az\u0259rbaycanl\u0131lar\u0131n\u00a0Nax\u00e7\u0131vana getm\u0259l\u0259rini ist\u0259mirdil\u0259r. Nax\u00e7\u0131vana torpaq iddialar\u0131 olan erm\u0259nil\u0259r bununla oradak\u0131 etnik nisb\u0259ti \u00f6z \u0259leyhl\u0259rin\u0259 d\u0259yi\u015fm\u0259kd\u0259n \u00e7\u0259kinirdil\u0259r. M\u0259s\u0259l\u0259n, Az\u0259rbaycan hakimiyy\u0259ti Vedi rayonundan olan az\u0259rbaycanl\u0131lar\u0131 Nax\u00e7\u0131vana yerl\u0259\u015fdirm\u0259k ist\u0259s\u0259 d\u0259 Erm\u0259nistan\u0131n Nazirl\u0259r \u015euras\u0131 guya Nax\u00e7\u0131vanda i\u015f imkanlar\u0131n\u0131n m\u0259hdud olmas\u0131n\u0131 s\u0259b\u0259b g\u00f6st\u0259r\u0259r\u0259k buna qar\u015f\u0131 \u00e7\u0131xm\u0131\u015fd\u0131. \u018fsl s\u0259b\u0259b is\u0259 da\u015fnak ideologiyas\u0131n\u0131n t\u0259bli\u011fat\u00e7\u0131lar\u0131ndan olan Zori Balayan\u0131n \u00abM\u0259n bu i\u015fi ba\u015flad\u0131\u011f\u0131ma g\u00f6r\u0259 yox, \u00f6z xalq\u0131m\u0131 gec aya\u011fa qald\u0131rd\u0131\u011f\u0131ma g\u00f6r\u0259 g\u00fcnahkaram. G\u00f6r\u00fcn\u00fcr , m\u0259s\u0259l\u0259ni Nax\u00e7\u0131vandan ba\u015flama\u011fa c\u0259sar\u0259tim \u00e7atmad\u0131!\u00bb s\u00f6zl\u0259rind\u0259 \u0259ks olunub. G\u00f6r\u00fcnd\u00fcy\u00fc kimi, Nax\u00e7\u0131van\u0131 \u0259vv\u0259lc\u0259d\u0259n \u00ab\u00f6z\u00fcn\u00fcnk\u00fcl\u0259\u015fdir\u0259n\u00bb erm\u0259nil\u0259rd\u0259 muxtar respublikaya sahib \u00e7\u0131xmaq \u0259minliyi h\u0259mi\u015f\u0259 olub. Kremld\u0259 y\u00fcks\u0259k v\u0259zif\u0259l\u0259rd\u0259 \u00e7al\u0131\u015fan erm\u0259nil\u0259rin d\u0259st\u0259yi il\u0259 yarad\u0131lan ke\u00e7mi\u015f \u00abDa\u011fl\u0131q Qaraba\u011f m\u00fcnaqi\u015f\u0259si\u00bbnd\u0259n sonrak\u0131 m\u0259rh\u0259l\u0259 Nax\u00e7\u0131van\u0131n Erm\u0259nistana birl\u0259\u015fdirilm\u0259si plan\u0131 idi. SSR\u0130 Ali Sovetinin 1989-cu ilin noyabr\u0131nda q\u0259bul etdiyi \u00abM\u0259cburi k\u00f6\u00e7\u00fcr\u00fclm\u0259y\u0259 m\u0259ruz qalm\u0131\u015f xalqlara qar\u015f\u0131 repressiya aktlar\u0131n\u0131n qeyri qanuniliyi v\u0259 cinay\u0259tkarl\u0131\u011f\u0131n\u0131n etiraf olunmas\u0131 v\u0259 onlar\u0131n h\u00fcquqlar\u0131n\u0131n t\u0259min edilm\u0259si haqq\u0131nda\u00bb B\u0259yannam\u0259d\u0259 bel\u0259 soyda\u015flar\u0131m\u0131z\u0131n Q\u0259rbi Az\u0259rbaycandan deportasiyas\u0131 il\u0259 ba\u011fl\u0131 m\u0259s\u0259l\u0259y\u0259 toxunulmam\u0131\u015fd\u0131. Ulu \u00f6nd\u0259r Heyd\u0259r \u018fliyev 18 dekabr 1997-ci ild\u0259 \u00ab1948\u20131953-c\u00fc ill\u0259rd\u0259 az\u0259rbaycanl\u0131lar\u0131n Erm\u0259nistan SSR \u0259razisind\u0259ki tarixi-etnik torpaqlar\u0131ndan k\u00fctl\u0259vi sur\u0259td\u0259 deportasiyas\u0131 haqq\u0131nda\u00bb F\u0259rman\u0131 imzalamaqla soyda\u015flar\u0131m\u0131za qar\u015f\u0131 h\u0259yata ke\u00e7iril\u0259n deportasiyalar\u0131n h\u0259rt\u0259r\u0259fli t\u0259dqiq edilm\u0259sini, Az\u0259rbaycan xalq\u0131na qar\u015f\u0131 d\u00f6vl\u0259t s\u0259viyy\u0259sind\u0259 t\u0259\u015fkil olunan bu tarixi cinay\u0259t\u0259 h\u00fcquqi-siyasi qiym\u0259t verilm\u0259sini v\u0259 onun beyn\u0259lxalq ictimaiyy\u0259t\u0259 \u00e7atd\u0131r\u0131lmas\u0131n\u0131 \u0259sas v\u0259zif\u0259 kimi qar\u015f\u0131ya qoyub. \u00abAz\u0259rbaycanl\u0131lar\u0131n soyq\u0131r\u0131m\u0131 haqq\u0131nda\u00bb\u00a01998-ci il 26 mart tarixli F\u0259rman\u0131 imzalamaqla erm\u0259ni-bol\u015fevik birliyi t\u0259r\u0259find\u0259n soyq\u0131r\u0131ma m\u0259ruz qalan az\u0259rbaycanl\u0131lar\u0131n q\u0259tlin\u0259 siyasi-h\u00fcquqi qiym\u0259t ver\u0259n ulu \u00f6nd\u0259r Heyd\u0259r \u018fliyevin \u0259n b\u00f6y\u00fck xidm\u0259tl\u0259rind\u0259n biri d\u0259 Az\u0259rbaycan xalq\u0131na qar\u015f\u0131 t\u00f6r\u0259dilmi\u015f q\u0259tliamlar, deportasiyalar zaman\u0131 h\u0259yatlar\u0131n\u0131 itir\u0259n soyda\u015flar\u0131m\u0131z\u0131n xatir\u0259sinin \u0259b\u0259dil\u0259\u015fdirilm\u0259si m\u0259qs\u0259dil\u0259 31 Mart Az\u0259rbaycanl\u0131lar\u0131n Soyq\u0131r\u0131m\u0131 G\u00fcn\u00fcn\u00fc t\u0259sis etm\u0259si idi.<br \/>\n1918-ci ilin mart soyq\u0131r\u0131mlar\u0131 \u00f6z amans\u0131zl\u0131\u011f\u0131na v\u0259 miqyas\u0131na g\u00f6r\u0259 t\u0259kc\u0259 Az\u0259rbaycan tarixind\u0259 deyil, b\u0259\u015f\u0259r tarixind\u0259 d\u0259 \u0259n qanl\u0131 faci\u0259l\u0259rd\u0259n biridir. \u018fll\u0259rin\u0259 d\u00fc\u015f\u0259n f\u00fcrs\u0259td\u0259n istifad\u0259 ed\u0259n erm\u0259ni c\u0259lladlar\u0131 u\u015faq, qoca, qad\u0131n dem\u0259d\u0259n dinc \u0259halini k\u00fctl\u0259vi sur\u0259td\u0259 q\u0259tl\u0259 yetirdil\u0259r. On minl\u0259rl\u0259 az\u0259rbaycanl\u0131 il\u0259 yana\u015f\u0131, minl\u0259rl\u0259 l\u0259zgi, y\u0259hudi, rus, avar v\u0259 tal\u0131\u015f milliyy\u0259tin\u0259 m\u0259nsub insanlar\u0131 q\u0131l\u0131ncdan, s\u00fcng\u00fcd\u0259n ke\u00e7irdil\u0259r, diri-diri yand\u0131rd\u0131lar. Milli memarl\u0131q incil\u0259rini, m\u0259kt\u0259bl\u0259ri, x\u0259st\u0259xanalar\u0131, m\u0259scid v\u0259 m\u0259d\u0259ni abid\u0259l\u0259ri da\u011f\u0131td\u0131lar. Bak\u0131n\u0131n b\u00f6y\u00fck bir hiss\u0259sini xarabal\u0131\u011fa \u00e7evirdil\u0259r. Az\u0259rbaycanl\u0131lar\u0131n soyq\u0131r\u0131m\u0131 t\u0259kc\u0259 Bak\u0131da deyil, \u015eamax\u0131, Quba q\u0259zalar\u0131nda, Qaraba\u011fda, Z\u0259ng\u0259zurda, Nax\u00e7\u0131vanda, L\u0259nk\u0259randa, G\u0259nc\u0259d\u0259 v\u0259 dig\u0259r b\u00f6lg\u0259l\u0259rd\u0259 x\u00fcsusi q\u0259ddarl\u0131qla h\u0259yata ke\u00e7irildi.<\/p>\n<p>\u00abAz\u0259rbaycan Qa\u00e7q\u0131nlar C\u0259miyy\u0259ti\u201d\u00bb \u0130ctimai Birliyinin h\u00fcquqi varisi olan Q\u0259rbi Az\u0259rbaycan \u0130cmas\u0131n\u0131n yarad\u0131lmas\u0131 erm\u0259ni v\u0259h\u015filiyinin qurbanlar\u0131 olan soyda\u015flar\u0131m\u0131z\u0131n xatir\u0259l\u0259rinin \u0259b\u0259dil\u0259\u015fdirilm\u0259si siyas\u0259tinin m\u0259qs\u0259dy\u00f6nl\u00fc davam\u0131d\u0131r.<\/p>\n<p>Dekabr\u0131n 24-d\u0259 Q\u0259rbi Az\u0259rbaycan \u0130cmas\u0131n\u0131n inzibati binas\u0131nda yarad\u0131lan \u015f\u0259raitl\u0259 tan\u0131\u015f olan Prezident \u0130lham \u018fliyev\u0259 m\u0259lumat verildi ki, 1988-1991-ci ill\u0259rd\u0259 Q\u0259rbi Az\u0259rbaycandan qovulmu\u015f 50 mind\u0259n \u00e7ox ail\u0259nin 20 min\u0259 q\u0259d\u0259rin\u0259 d\u0259ymi\u015f ziyan hesablan\u0131b v\u0259 haz\u0131rda bu i\u015fl\u0259r davam etdirilir. H\u0259min ill\u0259rd\u0259 Q\u0259rbi Az\u0259rbaycanda 300-\u0259 yax\u0131n ya\u015fay\u0131\u015f m\u0259nt\u0259q\u0259sind\u0259n qovulan qa\u00e7q\u0131nlar\u0131n h\u0259r bir ail\u0259 \u00fczr\u0259 d\u0259qiq statistikas\u0131 apar\u0131l\u0131b, 130 k\u0259ndin siyah\u0131s\u0131 tamamlan\u0131b. T\u0259\u015fkilat Q\u0259rbi Az\u0259rbaycanda tarixi v\u0259 m\u0259d\u0259ni irsimizin b\u00fct\u00fcn n\u00fcmun\u0259l\u0259rinin d\u0259qiq siyah\u0131s\u0131n\u0131n haz\u0131rlanmas\u0131n\u0131 davam etdirir. Az\u0259rbaycan Qa\u00e7q\u0131nlar C\u0259miyy\u0259tinin Q\u0259rbi Az\u0259rbaycan \u0130cmas\u0131na \u00e7evrilm\u0259sinin r\u0259mzi m\u0259nas\u0131n\u0131 \u00ab\u018fsas s\u0259b\u0259b o idi ki, burada vaxtil\u0259 yerl\u0259\u015fmi\u015f Qaraba\u011f\u0131n m\u0259cburi k\u00f6\u00e7k\u00fcnl\u0259r icmas\u0131 art\u0131q \u00f6z torpaqlar\u0131na qay\u0131d\u0131r. \u018fmin\u0259m ki, g\u00fcn g\u0259l\u0259c\u0259k v\u0259 Q\u0259rbi Az\u0259rbaycandan olan soyda\u015flar\u0131m\u0131z, onlar\u0131n yax\u0131nlar\u0131, u\u015faqlar\u0131, n\u0259v\u0259l\u0259ri tarixi diyar\u0131m\u0131z olan Q\u0259rbi Az\u0259rbaycana qay\u0131dacaqlar\u00bb s\u00f6zl\u0259ri il\u0259 ifad\u0259 ed\u0259n Prezident \u0130lham \u018fliyev bildirdi ki, Z\u0259ngilan rayonunun A\u011fal\u0131 k\u0259ndinin n\u00fcmun\u0259si bunu dem\u0259y\u0259 \u0259sas verir.<\/p>\n<p>Qaraba\u011fda oldu\u011fu kimi, Q\u0259rbi Az\u0259rbaycanda da xalq\u0131m\u0131za m\u0259xsus tarixi, dini abid\u0259l\u0259rimizi da\u011f\u0131dan erm\u0259nil\u0259rin yalanlar\u0131n\u0131 if\u015fa ed\u0259n s\u0259n\u0259dl\u0259r, x\u0259rit\u0259l\u0259r bu torpaqlar\u0131n \u0259sl sahibl\u0259rinin az\u0259rbaycanl\u0131lar oldu\u011funu t\u0259sdiql\u0259yir. H\u0259min x\u0259rit\u0259l\u0259rd\u0259ki Az\u0259rbaycan m\u0259n\u015f\u0259li adlar da g\u00f6st\u0259rir ki, xalq\u0131m\u0131z \u0259srl\u0259r boyu bu torpaqlarda ya\u015fam\u0131\u015f, d\u0259f\u0259l\u0259rl\u0259 erm\u0259ni x\u0259yan\u0259tl\u0259rinin qurban\u0131 olsalar da el-obalar\u0131na sahib \u00e7\u0131xm\u0131\u015flar. H\u0259mi\u015f\u0259 ba\u015fqalar\u0131n\u0131n oyunca\u011f\u0131na \u00e7evril\u0259n, al\u0259t kimi istifad\u0259 olunan da\u015fnaklar\u0131n tarixi cinay\u0259tl\u0259ri olan Z\u0259ng\u0259zur kimi dig\u0259r \u0259razil\u0259rimiz\u0259 zorla sahibl\u0259n\u0259n erm\u0259nil\u0259rin \u0259sas m\u0259qs\u0259di Az\u0259rbaycan\u0131 Nax\u00e7\u0131vandan v\u0259 T\u00fcrkiy\u0259d\u0259n co\u011frafi n\u00f6qteyi-n\u0259z\u0259rd\u0259n ay\u0131rmaq olub. Erm\u0259ni separat\u00e7\u0131lar\u0131n\u0131 d\u0259st\u0259kl\u0259y\u0259n q\u00fcvv\u0259l\u0259rin Z\u0259ng\u0259zurun Erm\u0259nistana verilm\u0259sinin \u0259zablar\u0131n\u0131 \u00e7\u0259k\u0259n d\u0259 Q\u0259rbi az\u0259rbaycanl\u0131lar olub. 1948-1953-c\u00fc ill\u0259rd\u0259 ba\u015flanan deportasiyan\u0131n \u00e7\u0259tinlikl\u0259rini ya\u015fayan soyda\u015flar\u0131m\u0131z \u00fc\u00e7\u00fcn \u0259n a\u011fr\u0131l\u0131 g\u00fcnl\u0259r 1988-cu ild\u0259n ba\u015flanan \u00abmiatsum\u00bb h\u0259r\u0259kat\u0131 n\u0259tic\u0259sind\u0259 yaranan faci\u0259l\u0259r oldu. Erm\u0259ni ideoloqlar\u0131n \u0259n \u00e7ox \u00e7\u0259kindikl\u0259ri ulu \u00f6nd\u0259r Heyd\u0259r \u018fliyevin 1987-ci ilin noyabr\u0131nda b\u00fct\u00fcn v\u0259zif\u0259l\u0259rind\u0259n uzaqla\u015fd\u0131r\u0131lmas\u0131ndan iki h\u0259ft\u0259 sonra erm\u0259ni separat\u00e7\u0131lar\u0131 art\u0131q tarix\u0259 \u00e7evrilmi\u015f \u00abDa\u011fl\u0131q Qaraba\u011f m\u00fcnaqi\u015f\u0259si\u00bbni yaratmaqla soyda\u015flar\u0131m\u0131z\u0131n Q\u0259rbi Az\u0259rbaycandan son deportasiyas\u0131n\u0131 da h\u0259yata ke\u00e7irdil\u0259r. Erm\u0259nistanda az\u0259rbaycanl\u0131lar ya\u015fayan \u015f\u0259h\u0259r v\u0259 k\u0259ndl\u0259r bo\u015fald\u0131ld\u0131. Son olaraq N\u00fcv\u0259di k\u0259ndi 1991-ci ilin avqustunda deportasiyaya m\u0259ruz qald\u0131. Qaraba\u011fda da xalq\u0131m\u0131za qar\u015f\u0131 cinay\u0259tl\u0259r t\u00f6r\u0259dildi.<\/p>\n<p>\u00abQaraba\u011f\u0131n v\u0259 \u015e\u0259rqi Z\u0259ng\u0259zurun i\u015f\u011fal\u0131 n\u00f6vb\u0259ti faci\u0259miz idi. Y\u0259ni, g\u00f6r\u00fcn, t\u0259kc\u0259 XX \u0259srd\u0259 xalq\u0131m\u0131z n\u0259 q\u0259d\u0259r b\u00f6y\u00fck b\u0259lalarla \u00fczl\u0259\u015fmi\u015fdir. Ancaq s\u0131nmad\u0131, \u0259yilm\u0259di, inam\u0131n\u0131 itirm\u0259di, g\u00fcc toplad\u0131 v\u0259 n\u0259tic\u0259d\u0259 ist\u0259diyin\u0259 nail oldu. \u0130ki il bundan \u0259vv\u0259l biz \u00f6z tarixi missiyam\u0131z\u0131 \u015f\u0259r\u0259fl\u0259 yerin\u0259 yetir\u0259r\u0259k \u0259dal\u0259ti b\u0259rpa etdik, d\u00fc\u015fm\u0259nl\u0259ri torpaqlar\u0131m\u0131zdan qovduq, Az\u0259rbaycan\u0131n \u0259razi b\u00fct\u00f6vl\u00fcy\u00fcn\u00fc b\u0259rpa etdik\u00bb s\u00f6yl\u0259y\u0259n Prezident \u0130lham \u018fliyevin vur\u011fulad\u0131\u011f\u0131 kimi, erm\u0259ni vandallar\u0131 Q\u0259rbi Az\u0259rbaycanda yeritdikl\u0259ri etnik t\u0259mizl\u0259m\u0259 siyas\u0259tl\u0259rini, cinay\u0259tl\u0259rini i\u015f\u011fal alt\u0131nda qalan torpaqlar\u0131m\u0131zda t\u00f6r\u0259tdikl\u0259ri v\u0259h\u015filikl\u0259ri il\u0259 davam etdirdil\u0259r. Amma V\u0259t\u0259n m\u00fcharib\u0259sini Q\u0259l\u0259b\u0259 il\u0259 ba\u015fa vuran Az\u0259rbaycan xalq\u0131n\u0131n Erm\u0259nistana verdiyi tarixi d\u0259rs daha a\u011f\u0131r oldu. A\u011fal\u0131 k\u0259ndinin timsal\u0131nda tarixin\u0259, s\u0259rv\u0259tl\u0259rin\u0259 sahib \u00e7\u0131xan Az\u0259rbaycan xalq\u0131n\u0131n eyni c\u0259sar\u0259ti Q\u0259rbi Az\u0259rbaycanda da t\u0259sdiql\u0259y\u0259c\u0259yini da\u015fnaklara bildirdi. \u00abBu g\u00fcn biz art\u0131q Bala G\u00f6y\u00e7\u0259nin sahilind\u0259yik. Bu g\u00fcn biz G\u00f6y\u00e7\u0259 g\u00f6l\u00fcn\u00fc binoklsuz g\u00f6r\u00fcr\u00fck\u2026Bu g\u00fcn yerl\u0259\u015fdiyimiz y\u00fcks\u0259klikl\u0259rd\u0259n h\u0259tta Nax\u00e7\u0131van da\u011flar\u0131 da g\u00f6rs\u0259nir. Y\u0259ni, bu, do\u011frudan da tarixi nailiyy\u0259tdir. Qaraba\u011f\u0131n, \u015e\u0259rqi Z\u0259ng\u0259zurun d\u00f6y\u00fc\u015f meydan\u0131nda azad edilm\u0259si tarixi hadis\u0259dir v\u0259 Az\u0259rbaycan durduqca Az\u0259rbaycan tarixind\u0259 qalacaq\u00bb s\u00f6yl\u0259y\u0259n Prezident \u0130lham \u018fliyev \u0259minlikl\u0259 bildirir ki, 30 il Erm\u0259nistan\u0131n i\u015f\u011fal\u0131 alt\u0131nda qalan torpaqlar\u0131m\u0131z kimi, Q\u0259rbi Az\u0259rbaycandak\u0131 \u0259razil\u0259rimizi d\u0259 h\u0259rbi g\u00fcc\u00fcm\u00fcz, siyasi, iqtisadi q\u00fcdr\u0259timizl\u0259 azad ed\u0259c\u0259k, \u0259sl sahibl\u0259rin\u0259 qaytaraca\u011f\u0131q.<\/p>\n<p>Az\u0259rbaycana qar\u015f\u0131 qarayaxma kampaniyalar\u0131n davam etdirm\u0259l\u0259rin\u0259 baxmayaraq b\u00fct\u00fcn d\u00fcnya ictimaiyy\u0259ti Az\u0259rbaycan\u0131n h\u0259qiq\u0259tl\u0259rin\u0259 inan\u0131r. Havadarlar\u0131n\u0131n \u00f6lk\u0259miz \u0259leyhin\u0259 apard\u0131qlar\u0131 t\u0259xribat kampaniyalar\u0131 da \u0259b\u0259sdir. Az\u0259rbaycan xalq\u0131 tarixi torpaqlar\u0131ndan \u0259l \u00e7\u0259km\u0259k niyy\u0259tind\u0259 deyil.<\/p>\n<p>Son g\u00fcnl\u0259rin m\u00fch\u00fcm hadis\u0259l\u0259rind\u0259n olan \u015eu\u015fa-La\u00e7\u0131n yolunda davam ed\u0259n ekof\u0259allar\u0131n aksiyas\u0131 g\u00f6st\u0259rdi ki, d\u00fcnya birliyi t\u0259r\u0259find\u0259n t\u0259sdiql\u0259nmi\u015f \u0259razil\u0259rimiz\u0259, t\u0259bii s\u0259rv\u0259tl\u0259rimiz\u0259 sahib \u00e7\u0131x\u0131b , qorumaq legitim h\u00fcququmuzdur. Q\u0259rbi Az\u0259rbaycan \u0130cmas\u0131 da bundan sonra daha m\u00fct\u0259\u015f\u0259kkil formada f\u0259aliyy\u0259t g\u00f6st\u0259r\u0259c\u0259k, 1990-c\u0131 ill\u0259rin \u0259vv\u0259ll\u0259rind\u0259 Qaraba\u011f m\u00fcnaqi\u015f\u0259si il\u0259 ba\u011fl\u0131 t\u0259hrif edilmi\u015f t\u0259s\u0259vv\u00fcr\u00fc tamamil\u0259 d\u0259yi\u015fdir\u0259c\u0259k. Zorla deportasiyaya m\u0259ruz qalm\u0131\u015f Q\u0259rbi az\u0259rbaycanl\u0131lar\u0131n h\u00fcquqlar\u0131 b\u0259rpa edil\u0259c\u0259k. Bunun \u00fc\u00e7\u00fcn beyn\u0259lxalq m\u00fcst\u0259vid\u0259 f\u0259all\u0131q g\u00f6st\u0259rilm\u0259li, r\u0259q\u0259msal platforma vasit\u0259si il\u0259 tarixi h\u0259qiq\u0259tl\u0259r, erm\u0259nil\u0259r t\u0259r\u0259find\u0259n da\u011f\u0131d\u0131lan abid\u0259l\u0259rimiz, saraylar, m\u0259scidl\u0259r, \u015f\u0259h\u0259rl\u0259r haqq\u0131nda \u0259trafl\u0131 m\u0259lumatlar toplan\u0131l\u0131b beyn\u0259lxalq t\u0259dbirl\u0259rd\u0259 d\u00fcnya ictimaiyy\u0259tin\u0259 \u00e7atd\u0131r\u0131lmal\u0131d\u0131r. \u015e\u0259h\u0259rsalma ad\u0131 alt\u0131nda \u0130r\u0259van qalas\u0131, S\u0259rdar saray\u0131 kimi abid\u0259l\u0259rimizi da\u011f\u0131dan erm\u0259ni vandallar\u0131 cavab verm\u0259lidirl\u0259r. \u00ab\u0130ndi Avrasiya m\u0259kan\u0131nda, yerl\u0259\u015fdiyimiz regionda hans\u0131 \u00f6lk\u0259 monod\u00f6vl\u0259tdir? B\u0259s, sual olunur n\u0259 \u00fc\u00e7\u00fcn m\u0259hz Erm\u0259nistan monod\u00f6vl\u0259tdir? Cavab ayd\u0131nd\u0131r, ona g\u00f6r\u0259 ki, imkan verm\u0259yibl\u0259r orada ba\u015fqa xalqlar ya\u015fas\u0131n. O xalqlar\u0131 oradan m\u00fcxt\u0259lif yollarla \u00e7\u0131xard\u0131blar, kimi \u00f6ld\u00fcr\u00fcbl\u0259r, kimi h\u0259d\u0259l\u0259yibl\u0259r, kimin evini yand\u0131r\u0131blar. Bel\u0259likl\u0259, b\u00fct\u00fcn ba\u015fqa mill\u0259tl\u0259ri oradan qovub, ba\u015fqas\u0131n\u0131n torpa\u011f\u0131nda \u00f6zl\u0259ri \u00fc\u00e7\u00fcn d\u00f6vl\u0259t qurublar. Bu \u0259razid\u0259 he\u00e7 vaxt Erm\u0259nistan olmay\u0131b. \u0130ndiki Erm\u0259nistan bizim torpa\u011f\u0131m\u0131zd\u0131r. M\u0259n bunu d\u0259f\u0259l\u0259rl\u0259 dey\u0259nd\u0259, m\u0259n\u0259 irad tuturlar, \u00e7al\u0131\u015f\u0131rlar irad tutma\u011fa ki, m\u0259nim \u0259razi iddiam var. M\u0259n bunu tarixi h\u0259qiq\u0259t kimi deyir\u0259m. \u018fg\u0259r kims\u0259 ba\u015fqa versiyan\u0131 t\u0259sdiq ed\u0259 bils\u0259, g\u0259lsin t\u0259sdiq etsin\u00bb s\u00f6yl\u0259y\u0259n Prezident \u0130lham \u018fliyev bildirir ki, erm\u0259nil\u0259rin Qaraba\u011fa, Z\u0259ng\u0259zura n\u0259 vaxt, kiml\u0259r t\u0259r\u0259find\u0259n k\u00f6\u00e7\u00fcr\u00fclm\u0259sini t\u0259sdiql\u0259y\u0259n faktlar \u0259sas\u0131nda Q\u0259rbi Az\u0259rbaycana Qay\u0131d\u0131\u015f Konsepsiyas\u0131 haz\u0131rlanmal\u0131d\u0131r. Art\u0131q g\u00fcnd\u0259likd\u0259 dayanan aktual m\u0259s\u0259l\u0259 d\u0259 budur: \u00ab\u018fmin\u0259m ki, biz buna nail olaca\u011f\u0131q. Bir daha onu da bildirm\u0259liy\u0259m ki, bu yer \u0130cma \u00fc\u00e7\u00fcn t\u0259sad\u00fcf\u0259n se\u00e7ilm\u0259di, r\u0259mzi m\u0259nas\u0131 var. Bu binada yerl\u0259\u015fmi\u015f qaraba\u011fl\u0131lar art\u0131q Qaraba\u011fa ya qay\u0131d\u0131blar, ya da qay\u0131tma\u011fa haz\u0131rla\u015f\u0131rlar. Burada yerl\u0259\u015f\u0259n Q\u0259rbi az\u0259rbaycanl\u0131lar da qay\u0131dacaqlar, \u0130n\u015fallah.\u00bb<\/p>\n<p>Buna g\u00f6r\u0259 d\u0259 Fransa, \u0130ran kimi havadarlar\u0131na arxay\u0131nla\u015fan erm\u0259nil\u0259r v\u0259 d\u0259st\u0259k\u00e7il\u0259ri \u0130kinci Qaraba\u011f m\u00fcharib\u0259sind\u0259ki m\u0259\u011flubiyy\u0259tl\u0259rini unutmamal\u0131d\u0131r. Vardanyanlar, pa\u015finyanlar, sarkisyanlar\u2026 bir s\u00f6zl\u0259 b\u00fct\u00fcn yanlar ba\u015fa d\u00fc\u015fm\u0259lidirl\u0259r ki, Fransa Prezidenti Emmanuel Makronun beyn\u0259lxalq humanitar t\u0259\u015fkilatlar\u0131n Qaraba\u011f \u0259razisin\u0259 g\u00f6nd\u0259rilm\u0259si \u00e7a\u011f\u0131r\u0131\u015f\u0131 haylar\u0131n ba\u015f\u0131n\u0131n alt\u0131na qoyulan yast\u0131q, ilk add\u0131mdan iflasa m\u0259hkum m\u0259krli pland\u0131r. Makron s\u0259sl\u0259ndirdiyi fikirl\u0259rl\u0259 sad\u0259c\u0259 yenid\u0259n vasit\u0259\u00e7iliy\u0259 can at\u0131r. Amma Fransa m\u0259s\u0259l\u0259 il\u0259 ba\u011fl\u0131 birt\u0259r\u0259fli m\u00f6vqe tutdu\u011funa g\u00f6r\u0259 bel\u0259 bir vasit\u0259\u00e7iliyin \u00f6l\u00fcm f\u0259rman\u0131 yaz\u0131l\u0131b. Q\u0259rbi az\u0259rbaycanl\u0131lar ata yurdlar\u0131na Prezident \u0130lham \u018fliyevin daim sadiq qald\u0131\u011f\u0131 s\u00fclh yolu il\u0259 qay\u0131dacaqlar. M\u00fctl\u0259q qay\u0131dacaqlar! Prezident \u0130lham \u018fliyev \u00abBizim tarixi torpaqlar\u0131m\u0131z \u0130r\u0259van xanl\u0131\u011f\u0131d\u0131r, G\u00f6y\u00e7\u0259, Z\u0259ng\u0259zur mahallar\u0131d\u0131r. Vaxt g\u0259l\u0259c\u0259k biz orada da ya\u015fayaca\u011f\u0131q. M\u0259n buna inan\u0131ram, buna \u0259min\u0259m. Buna nail olmaq \u00fc\u00e7\u00fcn h\u0259r birimiz \u00f6z s\u0259yl\u0259rimizi qoymal\u0131y\u0131q, h\u0259r birimiz \u00f6z i\u015fimizl\u0259 o m\u00fcq\u0259dd\u0259s g\u00fcn\u00fc yax\u0131nla\u015fd\u0131rmal\u0131y\u0131q\u00bb s\u00f6zl\u0259ri realla\u015f\u0131r.<\/p>\n","protected":false},"excerpt":{"rendered":"<p>Q\u0259rbi Az\u0259rbaycan \u0130cmas\u0131n\u0131n inzibati binas\u0131nda yarad\u0131lan \u015f\u0259raitl\u0259 tan\u0131\u015f olan Prezident \u0130lham \u018fliyevin bu fikri q\u0259tiyy\u0259tl\u0259 vur\u011fulad\u0131 Az\u0259rbaycanl\u0131lar\u0131n ata-baba yurdu Q\u0259rbi Az\u0259rbaycandan zorla k\u00f6\u00e7\u00fcr\u00fclm\u0259sini m\u0259rh\u0259l\u0259l\u0259r \u00fczr\u0259 h\u0259yata ke\u00e7ir\u0259n erm\u0259ni da\u015fnaklar\u0131n\u0131n vandalizminin qurbanlar\u0131 olan soyda\u015flar\u0131m\u0131z \u00f6t\u0259n \u0259srd\u0259 daha \u00e7ox t\u0259zyiql\u0259r\u0259 m\u0259ruz qalm\u0131\u015flar. \u0130randan, T\u00fcrkiy\u0259d\u0259n v\u0259 dig\u0259r \u00f6lk\u0259l\u0259rd\u0259n k\u00f6\u00e7\u00fcr\u00fcl\u0259n erm\u0259nil\u0259rin Q\u0259rbi Az\u0259rbaycanda m\u0259skunla\u015fmas\u0131 \u00fc\u00e7\u00fcn aborigen az\u0259rbaycanl\u0131lar\u0131 s\u0131x\u0131\u015fd\u0131ran da\u015fnaklar imperiyan\u0131n d\u0259st\u0259yi il\u0259 etnik t\u0259mizl\u0259m\u0259 siyas\u0259tl\u0259rin\u0259 nail oldular. 1905-1907, 1918-1920, 1947-1953-c\u00fc ill\u0259rd\u0259 az\u0259rbaycanl\u0131lara qar\u015f\u0131 t\u00f6r\u0259dil\u0259n q\u0131r\u011f\u0131nlar, da\u011f\u0131nt\u0131lar n\u0259tic\u0259sind\u0259 y\u00fcz minl\u0259rl\u0259 soyda\u015f\u0131m\u0131z evl\u0259rini t\u0259rk etm\u0259y\u0259 m\u0259cbur qald\u0131lar. Ke\u00e7mi\u015f SSR\u0130-nin r\u0259hb\u0259rliyind\u0259 y\u00fcks\u0259k v\u0259zif\u0259l\u0259rd\u0259 t\u0259msil olunan erm\u0259nil\u0259rin haz\u0131rlad\u0131qlar\u0131&hellip;<\/p>\n","protected":false},"author":2,"featured_media":550037,"comment_status":"closed","ping_status":"closed","sticky":false,"template":"","format":"standard","meta":{"om_disable_all_campaigns":false,"_monsterinsights_skip_tracking":false,"_monsterinsights_sitenote_active":false,"_monsterinsights_sitenote_note":"","_monsterinsights_sitenote_category":0},"categories":[4],"tags":[],"aioseo_notices":[],"gutentor_comment":0,"rttpg_featured_image_url":{"full":["https:\/\/arantv.az\/wp-content\/uploads\/2022\/12\/36e425d5167206591596712585410531834.jpg",975,540,false],"landscape":["https:\/\/arantv.az\/wp-content\/uploads\/2022\/12\/36e425d5167206591596712585410531834.jpg",975,540,false],"portraits":["https:\/\/arantv.az\/wp-content\/uploads\/2022\/12\/36e425d5167206591596712585410531834.jpg",975,540,false],"thumbnail":["https:\/\/arantv.az\/wp-content\/uploads\/2022\/12\/36e425d5167206591596712585410531834-500x280.jpg",500,280,true],"medium":["https:\/\/arantv.az\/wp-content\/uploads\/2022\/12\/36e425d5167206591596712585410531834-660x365.jpg",660,365,true],"large":["https:\/\/arantv.az\/wp-content\/uploads\/2022\/12\/36e425d5167206591596712585410531834-840x465.jpg",640,354,true],"1536x1536":["https:\/\/arantv.az\/wp-content\/uploads\/2022\/12\/36e425d5167206591596712585410531834.jpg",975,540,false],"2048x2048":["https:\/\/arantv.az\/wp-content\/uploads\/2022\/12\/36e425d5167206591596712585410531834.jpg",975,540,false],"post-thumbnail":["https:\/\/arantv.az\/wp-content\/uploads\/2022\/12\/36e425d5167206591596712585410531834-240x172.jpg",240,172,true],"advps-thumb-one":["https:\/\/arantv.az\/wp-content\/uploads\/2022\/12\/36e425d5167206591596712585410531834.jpg",975,540,false]},"rttpg_author":{"display_name":"V\u00fcsal Rafiqo\u011flu","author_link":"https:\/\/arantv.az\/?author=2"},"rttpg_comment":0,"rttpg_category":"<a href=\"https:\/\/arantv.az\/?cat=4\" rel=\"category\">Siyas\u0259t<\/a>","rttpg_excerpt":"Q\u0259rbi Az\u0259rbaycan \u0130cmas\u0131n\u0131n inzibati binas\u0131nda yarad\u0131lan \u015f\u0259raitl\u0259 tan\u0131\u015f olan Prezident \u0130lham \u018fliyevin bu fikri q\u0259tiyy\u0259tl\u0259 vur\u011fulad\u0131 Az\u0259rbaycanl\u0131lar\u0131n ata-baba yurdu Q\u0259rbi Az\u0259rbaycandan zorla k\u00f6\u00e7\u00fcr\u00fclm\u0259sini m\u0259rh\u0259l\u0259l\u0259r \u00fczr\u0259 h\u0259yata ke\u00e7ir\u0259n erm\u0259ni da\u015fnaklar\u0131n\u0131n vandalizminin qurbanlar\u0131 olan soyda\u015flar\u0131m\u0131z \u00f6t\u0259n \u0259srd\u0259 daha \u00e7ox t\u0259zyiql\u0259r\u0259 m\u0259ruz qalm\u0131\u015flar. \u0130randan, T\u00fcrkiy\u0259d\u0259n v\u0259 dig\u0259r \u00f6lk\u0259l\u0259rd\u0259n k\u00f6\u00e7\u00fcr\u00fcl\u0259n erm\u0259nil\u0259rin Q\u0259rbi Az\u0259rbaycanda m\u0259skunla\u015fmas\u0131 \u00fc\u00e7\u00fcn aborigen az\u0259rbaycanl\u0131lar\u0131 s\u0131x\u0131\u015fd\u0131ran da\u015fnaklar&hellip;","_links":{"self":[{"href":"https:\/\/arantv.az\/index.php?rest_route=\/wp\/v2\/posts\/550036"}],"collection":[{"href":"https:\/\/arantv.az\/index.php?rest_route=\/wp\/v2\/posts"}],"about":[{"href":"https:\/\/arantv.az\/index.php?rest_route=\/wp\/v2\/types\/post"}],"author":[{"embeddable":true,"href":"https:\/\/arantv.az\/index.php?rest_route=\/wp\/v2\/users\/2"}],"replies":[{"embeddable":true,"href":"https:\/\/arantv.az\/index.php?rest_route=%2Fwp%2Fv2%2Fcomments&post=550036"}],"version-history":[{"count":0,"href":"https:\/\/arantv.az\/index.php?rest_route=\/wp\/v2\/posts\/550036\/revisions"}],"wp:featuredmedia":[{"embeddable":true,"href":"https:\/\/arantv.az\/index.php?rest_route=\/wp\/v2\/media\/550037"}],"wp:attachment":[{"href":"https:\/\/arantv.az\/index.php?rest_route=%2Fwp%2Fv2%2Fmedia&parent=550036"}],"wp:term":[{"taxonomy":"category","embeddable":true,"href":"https:\/\/arantv.az\/index.php?rest_route=%2Fwp%2Fv2%2Fcategories&post=550036"},{"taxonomy":"post_tag","embeddable":true,"href":"https:\/\/arantv.az\/index.php?rest_route=%2Fwp%2Fv2%2Ftags&post=550036"}],"curies":[{"name":"wp","href":"https:\/\/api.w.org\/{rel}","templated":true}]}}